{"id":84443,"date":"2019-04-23T11:08:40","date_gmt":"2019-04-23T09:08:40","guid":{"rendered":"http:\/\/semmelweis.hu\/hirek\/?p=84443"},"modified":"2019-04-23T11:35:07","modified_gmt":"2019-04-23T09:35:07","slug":"csaladbarat-korhaz-cimet-kapott-az-ortopediai-klinika-gyermekosztalya","status":"publish","type":"post","link":"https:\/\/semmelweis.hu\/hirek\/2019\/04\/23\/csaladbarat-korhaz-cimet-kapott-az-ortopediai-klinika-gyermekosztalya\/","title":{"rendered":"Csal\u00e1dbar\u00e1t c\u00edmet kapott az Ortop\u00e9diai Klinika Gyermekoszt\u00e1lya"},"content":{"rendered":"<p class=\"lead\">Az Ortop\u00e9diai Klinika Gyermekoszt\u00e1lya elnyerte a H\u00e1rom Kir\u00e1lyfi, H\u00e1rom Kir\u00e1lyl\u00e1ny mozgalom \u00e1ltal meghirdetett Csal\u00e1dbar\u00e1t K\u00f3rh\u00e1zi Oszt\u00e1ly 2019. kit\u00fcntet\u0151 c\u00edmet, amit a Magyar K\u00f3rh\u00e1zsz\u00f6vets\u00e9g Kongresszus\u00e1n adtak \u00e1t \u00e1prilis 12-\u00e9n Egerben.<\/p>\n<p>Dr. Sz\u0151ke Gy\u00f6rgy, a klinika igazgat\u00f3ja elmondta, a c\u00edmre tavaly ny\u00fajtott\u00e1k be a p\u00e1ly\u00e1zatot, melynek k\u00e9t r\u00e9sze volt: az egyik a k\u00f3rh\u00e1zi oszt\u00e1lyt mint gy\u00f3gy\u00edt\u00f3- szolg\u00e1ltat\u00f3t, a m\u00e1sik pedig munkahelyk\u00e9nt a csal\u00e1d- \u00e9s emberbar\u00e1t m\u0171k\u00f6d\u00e9st vizsg\u00e1lta.<\/p>\n<p><a href=\"https:\/\/semmelweis.hu\/hirek\/files\/2019\/04\/RS93172_IMG_0234-scr.jpg\"><img loading=\"lazy\" decoding=\"async\" class=\"aligncenter size-full wp-image-84453\" src=\"https:\/\/semmelweis.hu\/hirek\/files\/2019\/04\/RS93172_IMG_0234-scr.jpg\" alt=\"\" width=\"950\" height=\"633\" srcset=\"https:\/\/semmelweis.hu\/hirek\/files\/2019\/04\/RS93172_IMG_0234-scr.jpg 950w, https:\/\/semmelweis.hu\/hirek\/files\/2019\/04\/RS93172_IMG_0234-scr-400x267.jpg 400w, https:\/\/semmelweis.hu\/hirek\/files\/2019\/04\/RS93172_IMG_0234-scr-768x512.jpg 768w, https:\/\/semmelweis.hu\/hirek\/files\/2019\/04\/RS93172_IMG_0234-scr-800x533.jpg 800w, https:\/\/semmelweis.hu\/hirek\/files\/2019\/04\/RS93172_IMG_0234-scr-600x400.jpg 600w, https:\/\/semmelweis.hu\/hirek\/files\/2019\/04\/RS93172_IMG_0234-scr-753x502.jpg 753w, https:\/\/semmelweis.hu\/hirek\/files\/2019\/04\/RS93172_IMG_0234-scr-203x135.jpg 203w\" sizes=\"auto, (max-width: 950px) 100vw, 950px\" \/><\/a>Az igazgat\u00f3 hangs\u00falyozta, az int\u00e9zm\u00e9ny hossz\u00fa \u00e9vek \u00f3ta sokat tesz az\u00e9rt, hogy a betegek min\u00e9l csal\u00e1diasabb k\u00f6rnyezetben gy\u00f3gyulhassanak, az elm\u00falt id\u0151szakban is t\u00f6bb olyan int\u00e9zked\u00e9st vezettek be, ami alapj\u00e1n megkapt\u00e1k a csal\u00e1dbar\u00e1t min\u0151s\u00edt\u00e9st. Az egyik legfontosabb, hogy biztos\u00edtott\u00e1k a sz\u00fcl\u0151 vagy nagysz\u00fcl\u0151 sz\u00e1m\u00e1ra, hogy ne csak napk\u00f6zben, de \u00e9jszaka is egy\u00fctt maradhasson gyermek\u00e9vel. Amennyiben a k\u00f3rteremben \u00e9ppen volt szabad \u00e1gy, ezt eddig is t\u00e9r\u00edt\u00e9smentesen felaj\u00e1nlott\u00e1k a hozz\u00e1tartoz\u00f3 sz\u00e1m\u00e1ra; a most beszerzett nyithat\u00f3, k\u00e9nyelmes, j\u00f3 min\u0151s\u00e9g\u0171 \u00e1gyakkal azonban minden esetben megoldott a nyugodt \u00e9jszakai pihen\u00e9s. Dr. Sz\u0151ke Gy\u00f6rgy elmondta: a gyerekek sz\u00e1m\u00e1ra nagy traum\u00e1t jelent az otthoni, biztons\u00e1gos k\u00f6rnyezetb\u0151l val\u00f3 kiszakad\u00e1s, r\u00e1ad\u00e1sul a klinik\u00e1n sok csont-\u00e9s l\u00e1gyr\u00e9sztumoros, illetve mozg\u00e1sszervi betegs\u00e9ggel k\u00fczd\u0151 gyermeket is ell\u00e1tnak, akikn\u00e9l a sz\u00fcl\u0151i jelenl\u00e9t kiemelten fontos. \u201eN\u00e1lunk a hozz\u00e1tartoz\u00f3k eg\u00e9szen a m\u0171t\u0151ig k\u00eds\u00e9rhetik a beteget, arra is lehet\u0151s\u00e9get biztos\u00edtunk, hogy azt k\u00f6vet\u0151en \u2013 az el\u0151\u00edr\u00e1sokat szigor\u00faan betartva, megfelel\u0151en be\u00f6lt\u00f6zve \u2013 a sz\u00fcl\u0151vel \u00e9bredhessen a gyermek. A biztons\u00e1gos k\u00f6zeg, az ismert szem\u00e9ly jelenl\u00e9te ilyenkor nagy seg\u00edts\u00e9g\u201d\u2013 fogalmazott az igazgat\u00f3, hozz\u00e1t\u00e9ve, hogy erre nem sok helyen van p\u00e9lda.<\/p>\n\r\n        [slb_exclude]\r\n        <div class=\"row galeria-wrapper mx-0 h-auto\">\r\n            <div class=\"col-9 pl-0 pr-2\">\r\n            <span class=\"gallery-item frame\">\r\n\t\t\t\t<div class=\"galeria-left-img\"><a href=\"https:\/\/semmelweis.hu\/hirek\/files\/2019\/04\/RS69141_KA-20170928-IMG_4838-scr.jpg\"><img src=https:\/\/semmelweis.hu\/hirek\/files\/2019\/04\/RS69141_KA-20170928-IMG_4838-scr.jpg  \r\n                            alt=\"\" \r\n                            class=\"attachment-sote-gallery-big size-sote-gallery-big\" \r\n                            srcset=\"https:\/\/semmelweis.hu\/hirek\/files\/2019\/04\/RS69141_KA-20170928-IMG_4838-scr-400x267.jpg 400w, https:\/\/semmelweis.hu\/hirek\/files\/2019\/04\/RS69141_KA-20170928-IMG_4838-scr-768x512.jpg 768w, https:\/\/semmelweis.hu\/hirek\/files\/2019\/04\/RS69141_KA-20170928-IMG_4838-scr-800x533.jpg 800w, https:\/\/semmelweis.hu\/hirek\/files\/2019\/04\/RS69141_KA-20170928-IMG_4838-scr-600x400.jpg 600w, https:\/\/semmelweis.hu\/hirek\/files\/2019\/04\/RS69141_KA-20170928-IMG_4838-scr-753x502.jpg 753w, https:\/\/semmelweis.hu\/hirek\/files\/2019\/04\/RS69141_KA-20170928-IMG_4838-scr-203x135.jpg 203w, https:\/\/semmelweis.hu\/hirek\/files\/2019\/04\/RS69141_KA-20170928-IMG_4838-scr.jpg 950w\" ><\/a><\/div>\r\n            <\/span>\r\n\r\n            <\/div>\r\n\r\n\t\t\t<div class=\"col-3 pl-0 pr-0\">\r\n\t\t\t\t<div class=\"galeria-right-img d-flex justify-content-between flex-column h-100 w-100 px-0 mx-0 \">\r\n                <div class=\"galeria-box\">\r\n\t\t\t\t\t<h3 class=\"galeria-title\">Gal\u00e9ria<\/h3>\r\n\t\t\t\t\t<div class=\"galeria-subtitle\">\r\n\r\n\t\t\t\t\t\t<div class=\"galeria-page-counter\"><span>6<\/span>k\u00e9p<\/div>\r\n                    <\/div> <\/div>\r\n                    <span class=\"gallery-item frame d-none d-md-flex\">\r\n\t\t\t\t\t<div class=\"galeria-small-img mt-0\"><a href=\"https:\/\/semmelweis.hu\/hirek\/files\/2019\/04\/RS69143_KA-20170928-IMG_4835-scr.jpg\"><img src=https:\/\/semmelweis.hu\/hirek\/files\/2019\/04\/RS69143_KA-20170928-IMG_4835-scr.jpg \r\n                                alt=\"\"  \r\n                                class=\"attachment-sote-gallery-small size-sote-gallery-small\" \r\n                                srcset=\"https:\/\/semmelweis.hu\/hirek\/files\/2019\/04\/RS69143_KA-20170928-IMG_4835-scr-400x267.jpg 400w, https:\/\/semmelweis.hu\/hirek\/files\/2019\/04\/RS69143_KA-20170928-IMG_4835-scr-768x512.jpg 768w, https:\/\/semmelweis.hu\/hirek\/files\/2019\/04\/RS69143_KA-20170928-IMG_4835-scr-800x533.jpg 800w, https:\/\/semmelweis.hu\/hirek\/files\/2019\/04\/RS69143_KA-20170928-IMG_4835-scr-600x400.jpg 600w, https:\/\/semmelweis.hu\/hirek\/files\/2019\/04\/RS69143_KA-20170928-IMG_4835-scr-753x502.jpg 753w, https:\/\/semmelweis.hu\/hirek\/files\/2019\/04\/RS69143_KA-20170928-IMG_4835-scr-203x135.jpg 203w, https:\/\/semmelweis.hu\/hirek\/files\/2019\/04\/RS69143_KA-20170928-IMG_4835-scr.jpg 950w\" ><\/a><\/div>\r\n                    <\/span>\r\n                    <span class=\"gallery-item frame d-none d-md-flex\">\r\n\t\t\t\t\t<div class=\"galeria-small-img mt-0\"><a href=\"https:\/\/semmelweis.hu\/hirek\/files\/2019\/04\/RS69153_KA-20170928-IMG_4803-scr.jpg\"><img src=https:\/\/semmelweis.hu\/hirek\/files\/2019\/04\/RS69153_KA-20170928-IMG_4803-scr.jpg \r\n                                alt=\"\" \r\n                                class=\"attachment-sote-gallery-small size-sote-gallery-small\" \r\n                                srcset=\"https:\/\/semmelweis.hu\/hirek\/files\/2019\/04\/RS69153_KA-20170928-IMG_4803-scr-400x267.jpg 400w, https:\/\/semmelweis.hu\/hirek\/files\/2019\/04\/RS69153_KA-20170928-IMG_4803-scr-768x512.jpg 768w, https:\/\/semmelweis.hu\/hirek\/files\/2019\/04\/RS69153_KA-20170928-IMG_4803-scr-800x533.jpg 800w, https:\/\/semmelweis.hu\/hirek\/files\/2019\/04\/RS69153_KA-20170928-IMG_4803-scr-600x400.jpg 600w, https:\/\/semmelweis.hu\/hirek\/files\/2019\/04\/RS69153_KA-20170928-IMG_4803-scr-753x502.jpg 753w, https:\/\/semmelweis.hu\/hirek\/files\/2019\/04\/RS69153_KA-20170928-IMG_4803-scr-203x135.jpg 203w, https:\/\/semmelweis.hu\/hirek\/files\/2019\/04\/RS69153_KA-20170928-IMG_4803-scr.jpg 950w\" ><\/a><\/div>\r\n                    <\/span>\r\n\r\n                <\/div>\r\n\r\n            <\/div>\r\n\r\n            <span class=\"gallery-item\"><div class=\"hidden\"><a href=\"https:\/\/semmelweis.hu\/hirek\/files\/2019\/04\/RS69149_KA-20170928-IMG_4825-scr.jpg\">\r\n        <img src=https:\/\/semmelweis.hu\/hirek\/files\/2019\/04\/RS69149_KA-20170928-IMG_4825-scr.jpg alt=\"\" class=\"attachment-sote-gallery-big size-sote-gallery-big\" srcset=\"https:\/\/semmelweis.hu\/hirek\/files\/2019\/04\/RS69149_KA-20170928-IMG_4825-scr-400x267.jpg 400w, https:\/\/semmelweis.hu\/hirek\/files\/2019\/04\/RS69149_KA-20170928-IMG_4825-scr-768x512.jpg 768w, https:\/\/semmelweis.hu\/hirek\/files\/2019\/04\/RS69149_KA-20170928-IMG_4825-scr-800x533.jpg 800w, https:\/\/semmelweis.hu\/hirek\/files\/2019\/04\/RS69149_KA-20170928-IMG_4825-scr-600x400.jpg 600w, https:\/\/semmelweis.hu\/hirek\/files\/2019\/04\/RS69149_KA-20170928-IMG_4825-scr-753x502.jpg 753w, https:\/\/semmelweis.hu\/hirek\/files\/2019\/04\/RS69149_KA-20170928-IMG_4825-scr-203x135.jpg 203w, https:\/\/semmelweis.hu\/hirek\/files\/2019\/04\/RS69149_KA-20170928-IMG_4825-scr.jpg 950w\" >\r\n        <\/a><\/div><\/span><span class=\"gallery-item\"><div class=\"hidden\"><a href=\"https:\/\/semmelweis.hu\/hirek\/files\/2019\/04\/RS69139_KA-20170928-IMG_4844-scr.jpg\">\r\n        <img src=https:\/\/semmelweis.hu\/hirek\/files\/2019\/04\/RS69139_KA-20170928-IMG_4844-scr.jpg alt=\"\" class=\"attachment-sote-gallery-big size-sote-gallery-big\" srcset=\"https:\/\/semmelweis.hu\/hirek\/files\/2019\/04\/RS69139_KA-20170928-IMG_4844-scr-400x267.jpg 400w, https:\/\/semmelweis.hu\/hirek\/files\/2019\/04\/RS69139_KA-20170928-IMG_4844-scr-768x512.jpg 768w, https:\/\/semmelweis.hu\/hirek\/files\/2019\/04\/RS69139_KA-20170928-IMG_4844-scr-800x533.jpg 800w, https:\/\/semmelweis.hu\/hirek\/files\/2019\/04\/RS69139_KA-20170928-IMG_4844-scr-600x400.jpg 600w, https:\/\/semmelweis.hu\/hirek\/files\/2019\/04\/RS69139_KA-20170928-IMG_4844-scr-753x502.jpg 753w, https:\/\/semmelweis.hu\/hirek\/files\/2019\/04\/RS69139_KA-20170928-IMG_4844-scr-203x135.jpg 203w, https:\/\/semmelweis.hu\/hirek\/files\/2019\/04\/RS69139_KA-20170928-IMG_4844-scr.jpg 950w\" >\r\n        <\/a><\/div><\/span><span class=\"gallery-item\"><div class=\"hidden\"><a href=\"https:\/\/semmelweis.hu\/hirek\/files\/2019\/04\/RS69144_KA-20170928-IMG_4829-scr.jpg\">\r\n        <img src=https:\/\/semmelweis.hu\/hirek\/files\/2019\/04\/RS69144_KA-20170928-IMG_4829-scr.jpg alt=\"\" class=\"attachment-sote-gallery-big size-sote-gallery-big\" srcset=\"https:\/\/semmelweis.hu\/hirek\/files\/2019\/04\/RS69144_KA-20170928-IMG_4829-scr-400x267.jpg 400w, https:\/\/semmelweis.hu\/hirek\/files\/2019\/04\/RS69144_KA-20170928-IMG_4829-scr-768x512.jpg 768w, https:\/\/semmelweis.hu\/hirek\/files\/2019\/04\/RS69144_KA-20170928-IMG_4829-scr-800x533.jpg 800w, https:\/\/semmelweis.hu\/hirek\/files\/2019\/04\/RS69144_KA-20170928-IMG_4829-scr-600x400.jpg 600w, https:\/\/semmelweis.hu\/hirek\/files\/2019\/04\/RS69144_KA-20170928-IMG_4829-scr-753x502.jpg 753w, https:\/\/semmelweis.hu\/hirek\/files\/2019\/04\/RS69144_KA-20170928-IMG_4829-scr-203x135.jpg 203w, https:\/\/semmelweis.hu\/hirek\/files\/2019\/04\/RS69144_KA-20170928-IMG_4829-scr.jpg 950w\" >\r\n        <\/a><\/div><\/span>\r\n            <\/div>\r\n\r\n            [\/slb_exclude]\r\n\t\n<p>T\u00f6rekedtek arra is, hogy a lehet\u0151s\u00e9gekhez m\u00e9rten min\u00e9l otthonosabb l\u00e9gk\u00f6rt teremtsenek, ez\u00e9rt amellett, hogy az oszt\u00e1ly falait ismert mesefigur\u00e1k d\u00edsz\u00edtik, kialak\u00edtottak egy j\u00e1tsz\u00f3sarkot is, ahol minden koroszt\u00e1ly megtal\u00e1lja a sz\u00e1m\u00e1ra megfelel\u0151 j\u00e1t\u00e9kot a k\u00f6nyvekt\u0151l a t\u00e1rsasj\u00e1t\u00e9kon \u00e1t eg\u00e9szen az elektronikai eszk\u00f6z\u00f6kig. Szint\u00e9n a bent fekv\u0151 betegek k\u00e9nyelm\u00e9t szolg\u00e1lja a t\u00e9v\u00e9k\u00e9sz\u00fcl\u00e9k \u00e9s DVD-lej\u00e1tsz\u00f3, ami minden k\u00f3rteremben megtal\u00e1lhat\u00f3. Az igazgat\u00f3 \u00e9rdekess\u00e9gk\u00e9nt eml\u00edtette, hogy n\u00e1luk a kis betegeket egy j\u00e1t\u00e9kaut\u00f3 sz\u00e1ll\u00edtja fel a m\u0171t\u0151be, hiszen nem mindegy, hogyan \u00e9rkeznek meg ide a gyerekek.<\/p>\n<p>Dr. Sz\u0151ke Gy\u00f6rgy r\u00e1mutatott: a k\u00f3rh\u00e1zi benntart\u00f3zkod\u00e1s ideje alatt gyakori, hogy a gyerekek hosszabb id\u0151re kiesnek az iskol\u00e1b\u00f3l, lemaradnak a tanul\u00e1sban. A pedag\u00f3giai szolg\u00e1lat j\u00f3volt\u00e1b\u00f3l az oszt\u00e1lyon az els\u0151k k\u00f6z\u00f6tt vezett\u00e9k be a felz\u00e1rk\u00f3ztat\u00e1st seg\u00edt\u0151 programot, mely keret\u00e9ben m\u00e1r nemcsak az \u00e1ltal\u00e1nos iskolai, de a k\u00f6z\u00e9piskolai k\u00e9pz\u00e9s is biztos\u00edtott a bent fekv\u0151 gyermekek sz\u00e1m\u00e1ra. Naponta j\u00f6nnek hozz\u00e1juk pedag\u00f3gusok, akik egy\u00fctt tanulnak vel\u00fck. Emellett pszichol\u00f3giai konzult\u00e1ci\u00f3s szolg\u00e1lat, valamint konduktor t\u00edpus\u00fa neurorehabilit\u00e1ci\u00f3s szakember is el\u00e9rhet\u0151 a klinik\u00e1n \u2013 ami szint\u00e9n ritkas\u00e1gnak sz\u00e1m\u00edt \u2013 mutatott r\u00e1 az igazgat\u00f3.<\/p>\n<p>Ezek az int\u00e9zked\u00e9sek mind hozz\u00e1j\u00e1rulnak ahhoz, hogy egy nagyon komplex \u00e9s sz\u00ednvonalas ell\u00e1t\u00e1st tudjunk biztos\u00edtani az Ortop\u00e9diai Klinika Gyermekoszt\u00e1ly\u00e1n \u2013 fogalmazott dr. Sz\u0151ke Gy\u00f6rgy. A klinikaigazgat\u00f3 k\u00fcl\u00f6n kiemelte azoknak a munkat\u00e1rsainak a nev\u00e9t, akik a Csal\u00e1dbar\u00e1ti K\u00f3rh\u00e1zi Oszt\u00e1ly p\u00e1ly\u00e1zati anyag\u00e1nak \u00f6ssze\u00e1ll\u00edt\u00e1s\u00e1ban akt\u00edvan r\u00e9szt vettek: dr. Kiss S\u00e1ndor oszt\u00e1lyvezet\u0151 egyetemi adjunktus, Zempl\u00e9ni Katalin f\u0151n\u0151v\u00e9r \u00e9s Firnigel Brigitta oszt\u00e1lyos munkat\u00e1rs.<\/p>\n<p>B\u00f3di Bernadett<br \/>\nFot\u00f3: Kov\u00e1cs Attila- Semmelweis Egyetem<\/p>\n","protected":false},"excerpt":{"rendered":"<p>Az elm\u00falt id\u0151szakban t\u00f6bb olyan int\u00e9zked\u00e9st is bevezettek, ami alapj\u00e1n megkapt\u00e1k a csal\u00e1dbar\u00e1t min\u0151s\u00edt\u00e9st. <\/p>\n","protected":false},"author":101282,"featured_media":84458,"comment_status":"closed","ping_status":"closed","sticky":false,"template":"","format":"standard","meta":{"_acf_changed":false,"footnotes":""},"categories":[154,168],"tags":[],"class_list":["post-84443","post","type-post","status-publish","format-standard","has-post-thumbnail","hentry","category-egeszseg","category-kiemelt"],"acf":[],"_links":{"self":[{"href":"https:\/\/semmelweis.hu\/hirek\/wp-json\/wp\/v2\/posts\/84443","targetHints":{"allow":["GET"]}}],"collection":[{"href":"https:\/\/semmelweis.hu\/hirek\/wp-json\/wp\/v2\/posts"}],"about":[{"href":"https:\/\/semmelweis.hu\/hirek\/wp-json\/wp\/v2\/types\/post"}],"author":[{"embeddable":true,"href":"https:\/\/semmelweis.hu\/hirek\/wp-json\/wp\/v2\/users\/101282"}],"replies":[{"embeddable":true,"href":"https:\/\/semmelweis.hu\/hirek\/wp-json\/wp\/v2\/comments?post=84443"}],"version-history":[{"count":8,"href":"https:\/\/semmelweis.hu\/hirek\/wp-json\/wp\/v2\/posts\/84443\/revisions"}],"predecessor-version":[{"id":85264,"href":"https:\/\/semmelweis.hu\/hirek\/wp-json\/wp\/v2\/posts\/84443\/revisions\/85264"}],"wp:featuredmedia":[{"embeddable":true,"href":"https:\/\/semmelweis.hu\/hirek\/wp-json\/wp\/v2\/media\/84458"}],"wp:attachment":[{"href":"https:\/\/semmelweis.hu\/hirek\/wp-json\/wp\/v2\/media?parent=84443"}],"wp:term":[{"taxonomy":"category","embeddable":true,"href":"https:\/\/semmelweis.hu\/hirek\/wp-json\/wp\/v2\/categories?post=84443"},{"taxonomy":"post_tag","embeddable":true,"href":"https:\/\/semmelweis.hu\/hirek\/wp-json\/wp\/v2\/tags?post=84443"}],"curies":[{"name":"wp","href":"https:\/\/api.w.org\/{rel}","templated":true}]}}