{"id":84259,"date":"2019-04-17T09:55:32","date_gmt":"2019-04-17T07:55:32","guid":{"rendered":"http:\/\/semmelweis.hu\/hirek\/?p=84259"},"modified":"2019-04-18T11:47:14","modified_gmt":"2019-04-18T09:47:14","slug":"80-eves-dr-tringer-laszlo","status":"publish","type":"post","link":"https:\/\/semmelweis.hu\/hirek\/2019\/04\/17\/80-eves-dr-tringer-laszlo\/","title":{"rendered":"80 \u00e9ves dr. Tringer L\u00e1szl\u00f3"},"content":{"rendered":"<p class=\"lead\">A Pszichi\u00e1triai \u00e9s Pszichoter\u00e1pi\u00e1s Klinik\u00e1n tartott \u00fcnneps\u00e9gen p\u00e1lyat\u00e1rsai, tan\u00edtv\u00e1nyai, az egyetem jelenlegi \u00e9s volt rektorai k\u00f6sz\u00f6nt\u00f6tt\u00e9k 80. sz\u00fclet\u00e9snapja alkalm\u00e1b\u00f3l dr. Tringer L\u00e1szl\u00f3 professor emeritust, a klinika volt igazgat\u00f3j\u00e1t, aki a szem\u00e9lyk\u00f6zpont\u00fa pszichoter\u00e1pia magyarorsz\u00e1gi meghonos\u00edt\u00f3ja, a kognit\u00edv viselked\u00e9ster\u00e1pia \u00e9s intenz\u00edv csoportter\u00e1pia bevezet\u0151je.<\/p>\n<p>A rendezv\u00e9ny h\u00e1zigazd\u00e1jak\u00e9nt dr. R\u00e9thelyi J\u00e1nos, a Pszichi\u00e1triai \u00e9s Pszichoter\u00e1pi\u00e1s Klinika igazgat\u00f3ja dr. Tringer L\u00e1szl\u00f3 oktat\u00f3i \u00e9s tank\u00f6nyv\u00edr\u00f3i nagys\u00e1g\u00e1r\u00f3l sz\u00f3lva kiemelte: medikusok gener\u00e1ci\u00f3i tanultak t\u0151le, az \u00e1ltala \u00edrt A pszichi\u00e1tria tank\u00f6nyv\u00e9t pedig m\u00e1ig is haszn\u00e1lj\u00e1k az oktat\u00e1sban. Dr. R\u00e9thelyi J\u00e1nos hangs\u00falyozta: az elm\u00falt 5 \u00e9s f\u00e9l \u00e9vtizedben dr. Tringer L\u00e1szl\u00f3 sz\u00e1mos \u00faj\u00edt\u00e1st vezetett be szakm\u00e1j\u00e1ban. A 80 \u00e9ves professzor tulajdons\u00e1gai k\u00f6z\u00f6tt eml\u00edtette a b\u00f6lcsess\u00e9get \u00e9s el\u0151rel\u00e1t\u00e1st, amivel mindig elv\u00e9gezte a r\u00e1 b\u00edzott feladatokat \u00e9s seg\u00edtette a munkat\u00e1rsait, a k\u00f6lcs\u00f6n\u00f6s tiszteletad\u00e1st embert\u00e1rsai fel\u00e9, valamint \u00e1lland\u00f3 pozit\u00edv kisug\u00e1rz\u00e1s\u00e1t. K\u00f6sz\u00f6netet mondott az oktat\u00f3, tank\u00f6nyv\u00edr\u00f3, igazgat\u00f3i munk\u00e1j\u00e1\u00e9rt \u00e9s a p\u00e1ciensekkel val\u00f3 lelkiismeretes foglalkoz\u00e1s\u00e9rt.<\/p>\n<p><a href=\"https:\/\/semmelweis.hu\/hirek\/files\/2019\/04\/RS92477_TZ_20190415_0058-scr.jpg\"><img loading=\"lazy\" decoding=\"async\" class=\"aligncenter size-full wp-image-84265\" src=\"https:\/\/semmelweis.hu\/hirek\/files\/2019\/04\/RS92477_TZ_20190415_0058-scr.jpg\" alt=\"\" width=\"950\" height=\"633\" srcset=\"https:\/\/semmelweis.hu\/hirek\/files\/2019\/04\/RS92477_TZ_20190415_0058-scr.jpg 950w, https:\/\/semmelweis.hu\/hirek\/files\/2019\/04\/RS92477_TZ_20190415_0058-scr-400x267.jpg 400w, https:\/\/semmelweis.hu\/hirek\/files\/2019\/04\/RS92477_TZ_20190415_0058-scr-768x512.jpg 768w, https:\/\/semmelweis.hu\/hirek\/files\/2019\/04\/RS92477_TZ_20190415_0058-scr-800x533.jpg 800w, https:\/\/semmelweis.hu\/hirek\/files\/2019\/04\/RS92477_TZ_20190415_0058-scr-600x400.jpg 600w, https:\/\/semmelweis.hu\/hirek\/files\/2019\/04\/RS92477_TZ_20190415_0058-scr-753x502.jpg 753w, https:\/\/semmelweis.hu\/hirek\/files\/2019\/04\/RS92477_TZ_20190415_0058-scr-203x135.jpg 203w\" sizes=\"auto, (max-width: 950px) 100vw, 950px\" \/><\/a><\/p>\n<p>Dr. Perczel-Forintos D\u00f3ra, a Klinikai Pszichol\u00f3gia Tansz\u00e9k vezet\u0151je k\u00f6sz\u00f6nt\u0151j\u00e9ben kit\u00e9rt r\u00e1, hogy 1939. \u00e1prilis 2-\u00e1n k\u00e9t kiv\u00e1l\u00f3 pszichi\u00e1ter sz\u00fcletett: dr. Tringer L\u00e1szl\u00f3 \u00e9s dr. Buda B\u00e9la (1939-2013). Szem\u00e9lyes eml\u00e9keit felid\u00e9zve elmondta, hogy Tringer professzorral negyed\u00e9ves kor\u00e1ban tal\u00e1lkozott, aki akkor megengedte neki, hogy bej\u00e1rjon a betegekhez a klinik\u00e1ra; amikor pedig csal\u00e1dj\u00e1val az Egyes\u00fclt \u00c1llamokban tart\u00f3zkodott, folyamatos levelez\u00e9sben voltak. H\u00e1l\u00e1j\u00e1t fejezte ki, ami\u00e9rt sok teend\u0151je mellett is foglalkozott a fiatalabb koll\u00e9g\u00e1kkal. Dr. Perczel-Forintos D\u00f3ra az \u00fcnnepelt szellemi \u00f6r\u00f6k\u00f6sek\u00e9nt \u00e9s a betegek nev\u00e9ben is k\u00f6sz\u00f6netet mondott dr. Tringer L\u00e1szl\u00f3nak munk\u00e1j\u00e1\u00e9rt, aminek r\u00e9v\u00e9n sz\u00e1mos ember kapott es\u00e9lyt egy min\u0151s\u00e9gibb \u00e9letre.<\/p>\n<p>Gener\u00e1ci\u00f3k oktat\u00f3ja, sz\u00e1mos d\u00edj birtokosa, akinek \u00e9let\u00fatja alighanem kevesebb lenne, ha nem p\u00e1rosult volna kiemelked\u0151 szorgalommal, kezdem\u00e9nyez\u0151 er\u0151vel, a fiatalok felkarol\u00e1s\u00e1val, az oktat\u00e1s \u00e9s kutat\u00e1s egys\u00e9g\u00e9nek felismer\u00e9s\u00e9vel \u2013 mondta az \u00fcnnepeltr\u0151l dr. Tulassay Tivadar, hozz\u00e1t\u00e9ve: keveseknek adatik meg ez a teljess\u00e9g. Az igazi tud\u00f3s, mik\u00e9nt a tan\u00edt\u00f3 is, l\u00e1mp\u00e1st tart kez\u00e9ben, amellyel messze vil\u00e1g\u00edtva utat tud mutatni \u2013 sz\u00f3lt a rector emeritus, aki szerint a sz\u00fclet\u00e9snap egyben sz\u00e1mvet\u00e9s is, t\u00fck\u00f6rbe n\u00e9z\u00e9s, \u00e9s a t\u00fck\u00f6rb\u0151l visszasug\u00e1rzik mindaz, amit az ember a vil\u00e1gnak adott. Ez dr. Tringer L\u00e1szl\u00f3 eset\u00e9ben a tud\u00e1s, szeretet, szer\u00e9nys\u00e9g, b\u00f6lcsess\u00e9g \u00e9s hit \u2013 v\u00e9lte.<\/p>\n\r\n        [slb_exclude]\r\n        <div class=\"row galeria-wrapper mx-0 h-auto\">\r\n            <div class=\"col-9 pl-0 pr-2\">\r\n            <span class=\"gallery-item frame\">\r\n\t\t\t\t<div class=\"galeria-left-img\"><a href=\"https:\/\/semmelweis.hu\/hirek\/files\/2019\/04\/RS92499_TZ_20190415_0180-scr.jpg\"><img src=https:\/\/semmelweis.hu\/hirek\/files\/2019\/04\/RS92499_TZ_20190415_0180-scr.jpg  \r\n                            alt=\"\" \r\n                            class=\"attachment-sote-gallery-big size-sote-gallery-big\" \r\n                            srcset=\"https:\/\/semmelweis.hu\/hirek\/files\/2019\/04\/RS92499_TZ_20190415_0180-scr-400x267.jpg 400w, https:\/\/semmelweis.hu\/hirek\/files\/2019\/04\/RS92499_TZ_20190415_0180-scr-768x512.jpg 768w, https:\/\/semmelweis.hu\/hirek\/files\/2019\/04\/RS92499_TZ_20190415_0180-scr-800x533.jpg 800w, https:\/\/semmelweis.hu\/hirek\/files\/2019\/04\/RS92499_TZ_20190415_0180-scr-600x400.jpg 600w, https:\/\/semmelweis.hu\/hirek\/files\/2019\/04\/RS92499_TZ_20190415_0180-scr-753x502.jpg 753w, https:\/\/semmelweis.hu\/hirek\/files\/2019\/04\/RS92499_TZ_20190415_0180-scr-203x135.jpg 203w, https:\/\/semmelweis.hu\/hirek\/files\/2019\/04\/RS92499_TZ_20190415_0180-scr.jpg 950w\" ><\/a><\/div>\r\n            <\/span>\r\n\r\n            <\/div>\r\n\r\n\t\t\t<div class=\"col-3 pl-0 pr-0\">\r\n\t\t\t\t<div class=\"galeria-right-img d-flex justify-content-between flex-column h-100 w-100 px-0 mx-0 \">\r\n                <div class=\"galeria-box\">\r\n\t\t\t\t\t<h3 class=\"galeria-title\">Gal\u00e9ria<\/h3>\r\n\t\t\t\t\t<div class=\"galeria-subtitle\">\r\n\r\n\t\t\t\t\t\t<div class=\"galeria-page-counter\"><span>32<\/span>k\u00e9p<\/div>\r\n                    <\/div> <\/div>\r\n                    <span class=\"gallery-item frame d-none d-md-flex\">\r\n\t\t\t\t\t<div class=\"galeria-small-img mt-0\"><a href=\"https:\/\/semmelweis.hu\/hirek\/files\/2019\/04\/RS92491_TZ_20190415_0125-scr.jpg\"><img src=https:\/\/semmelweis.hu\/hirek\/files\/2019\/04\/RS92491_TZ_20190415_0125-scr.jpg \r\n                                alt=\"\"  \r\n                                class=\"attachment-sote-gallery-small size-sote-gallery-small\" \r\n                                srcset=\"https:\/\/semmelweis.hu\/hirek\/files\/2019\/04\/RS92491_TZ_20190415_0125-scr-400x267.jpg 400w, https:\/\/semmelweis.hu\/hirek\/files\/2019\/04\/RS92491_TZ_20190415_0125-scr-768x512.jpg 768w, https:\/\/semmelweis.hu\/hirek\/files\/2019\/04\/RS92491_TZ_20190415_0125-scr-800x533.jpg 800w, https:\/\/semmelweis.hu\/hirek\/files\/2019\/04\/RS92491_TZ_20190415_0125-scr-600x400.jpg 600w, https:\/\/semmelweis.hu\/hirek\/files\/2019\/04\/RS92491_TZ_20190415_0125-scr-753x502.jpg 753w, https:\/\/semmelweis.hu\/hirek\/files\/2019\/04\/RS92491_TZ_20190415_0125-scr-203x135.jpg 203w, https:\/\/semmelweis.hu\/hirek\/files\/2019\/04\/RS92491_TZ_20190415_0125-scr.jpg 950w\" ><\/a><\/div>\r\n                    <\/span>\r\n                    <span class=\"gallery-item frame d-none d-md-flex\">\r\n\t\t\t\t\t<div class=\"galeria-small-img mt-0\"><a href=\"https:\/\/semmelweis.hu\/hirek\/files\/2019\/04\/RS92557_IMG_9126-scr.jpg\"><img src=https:\/\/semmelweis.hu\/hirek\/files\/2019\/04\/RS92557_IMG_9126-scr.jpg \r\n                                alt=\"\" \r\n                                class=\"attachment-sote-gallery-small size-sote-gallery-small\" \r\n                                srcset=\"https:\/\/semmelweis.hu\/hirek\/files\/2019\/04\/RS92557_IMG_9126-scr-400x275.jpg 400w, https:\/\/semmelweis.hu\/hirek\/files\/2019\/04\/RS92557_IMG_9126-scr-768x528.jpg 768w, https:\/\/semmelweis.hu\/hirek\/files\/2019\/04\/RS92557_IMG_9126-scr-800x550.jpg 800w, https:\/\/semmelweis.hu\/hirek\/files\/2019\/04\/RS92557_IMG_9126-scr-600x412.jpg 600w, https:\/\/semmelweis.hu\/hirek\/files\/2019\/04\/RS92557_IMG_9126-scr-175x120.jpg 175w, https:\/\/semmelweis.hu\/hirek\/files\/2019\/04\/RS92557_IMG_9126-scr-753x518.jpg 753w, https:\/\/semmelweis.hu\/hirek\/files\/2019\/04\/RS92557_IMG_9126-scr.jpg 950w\" ><\/a><\/div>\r\n                    <\/span>\r\n\r\n                <\/div>\r\n\r\n            <\/div>\r\n\r\n            <span class=\"gallery-item\"><div class=\"hidden\"><a href=\"https:\/\/semmelweis.hu\/hirek\/files\/2019\/04\/RS92560_IMG_9111-scr.jpg\">\r\n        <img src=https:\/\/semmelweis.hu\/hirek\/files\/2019\/04\/RS92560_IMG_9111-scr.jpg alt=\"\" class=\"attachment-sote-gallery-big size-sote-gallery-big\" srcset=\"https:\/\/semmelweis.hu\/hirek\/files\/2019\/04\/RS92560_IMG_9111-scr-267x400.jpg 267w, https:\/\/semmelweis.hu\/hirek\/files\/2019\/04\/RS92560_IMG_9111-scr-400x600.jpg 400w, https:\/\/semmelweis.hu\/hirek\/files\/2019\/04\/RS92560_IMG_9111-scr.jpg 500w\" >\r\n        <\/a><\/div><\/span><span class=\"gallery-item\"><div class=\"hidden\"><a href=\"https:\/\/semmelweis.hu\/hirek\/files\/2019\/04\/RS92471_TZ_20190415_0025-scr.jpg\">\r\n        <img src=https:\/\/semmelweis.hu\/hirek\/files\/2019\/04\/RS92471_TZ_20190415_0025-scr.jpg alt=\"\" class=\"attachment-sote-gallery-big size-sote-gallery-big\" srcset=\"https:\/\/semmelweis.hu\/hirek\/files\/2019\/04\/RS92471_TZ_20190415_0025-scr-400x267.jpg 400w, https:\/\/semmelweis.hu\/hirek\/files\/2019\/04\/RS92471_TZ_20190415_0025-scr-768x512.jpg 768w, https:\/\/semmelweis.hu\/hirek\/files\/2019\/04\/RS92471_TZ_20190415_0025-scr-800x533.jpg 800w, https:\/\/semmelweis.hu\/hirek\/files\/2019\/04\/RS92471_TZ_20190415_0025-scr-600x400.jpg 600w, https:\/\/semmelweis.hu\/hirek\/files\/2019\/04\/RS92471_TZ_20190415_0025-scr-753x502.jpg 753w, https:\/\/semmelweis.hu\/hirek\/files\/2019\/04\/RS92471_TZ_20190415_0025-scr-203x135.jpg 203w, https:\/\/semmelweis.hu\/hirek\/files\/2019\/04\/RS92471_TZ_20190415_0025-scr.jpg 950w\" >\r\n        <\/a><\/div><\/span><span class=\"gallery-item\"><div class=\"hidden\"><a href=\"https:\/\/semmelweis.hu\/hirek\/files\/2019\/04\/RS92492_TZ_20190415_0127-scr.jpg\">\r\n        <img src=https:\/\/semmelweis.hu\/hirek\/files\/2019\/04\/RS92492_TZ_20190415_0127-scr.jpg alt=\"\" class=\"attachment-sote-gallery-big size-sote-gallery-big\" srcset=\"https:\/\/semmelweis.hu\/hirek\/files\/2019\/04\/RS92492_TZ_20190415_0127-scr-400x267.jpg 400w, https:\/\/semmelweis.hu\/hirek\/files\/2019\/04\/RS92492_TZ_20190415_0127-scr-768x512.jpg 768w, https:\/\/semmelweis.hu\/hirek\/files\/2019\/04\/RS92492_TZ_20190415_0127-scr-800x533.jpg 800w, https:\/\/semmelweis.hu\/hirek\/files\/2019\/04\/RS92492_TZ_20190415_0127-scr-600x400.jpg 600w, https:\/\/semmelweis.hu\/hirek\/files\/2019\/04\/RS92492_TZ_20190415_0127-scr-753x502.jpg 753w, https:\/\/semmelweis.hu\/hirek\/files\/2019\/04\/RS92492_TZ_20190415_0127-scr-203x135.jpg 203w, https:\/\/semmelweis.hu\/hirek\/files\/2019\/04\/RS92492_TZ_20190415_0127-scr.jpg 950w\" >\r\n        <\/a><\/div><\/span><span class=\"gallery-item\"><div class=\"hidden\"><a href=\"https:\/\/semmelweis.hu\/hirek\/files\/2019\/04\/RS92500_TZ_20190415_0182-scr.jpg\">\r\n        <img src=https:\/\/semmelweis.hu\/hirek\/files\/2019\/04\/RS92500_TZ_20190415_0182-scr.jpg alt=\"\" class=\"attachment-sote-gallery-big size-sote-gallery-big\" srcset=\"https:\/\/semmelweis.hu\/hirek\/files\/2019\/04\/RS92500_TZ_20190415_0182-scr-400x267.jpg 400w, https:\/\/semmelweis.hu\/hirek\/files\/2019\/04\/RS92500_TZ_20190415_0182-scr-768x512.jpg 768w, https:\/\/semmelweis.hu\/hirek\/files\/2019\/04\/RS92500_TZ_20190415_0182-scr-800x533.jpg 800w, https:\/\/semmelweis.hu\/hirek\/files\/2019\/04\/RS92500_TZ_20190415_0182-scr-600x400.jpg 600w, https:\/\/semmelweis.hu\/hirek\/files\/2019\/04\/RS92500_TZ_20190415_0182-scr-753x502.jpg 753w, https:\/\/semmelweis.hu\/hirek\/files\/2019\/04\/RS92500_TZ_20190415_0182-scr-203x135.jpg 203w, https:\/\/semmelweis.hu\/hirek\/files\/2019\/04\/RS92500_TZ_20190415_0182-scr.jpg 950w\" >\r\n        <\/a><\/div><\/span><span class=\"gallery-item\"><div class=\"hidden\"><a href=\"https:\/\/semmelweis.hu\/hirek\/files\/2019\/04\/RS92547_IMG_9190-scr.jpg\">\r\n        <img src=https:\/\/semmelweis.hu\/hirek\/files\/2019\/04\/RS92547_IMG_9190-scr.jpg alt=\"\" class=\"attachment-sote-gallery-big size-sote-gallery-big\" srcset=\"https:\/\/semmelweis.hu\/hirek\/files\/2019\/04\/RS92547_IMG_9190-scr-400x267.jpg 400w, https:\/\/semmelweis.hu\/hirek\/files\/2019\/04\/RS92547_IMG_9190-scr-768x512.jpg 768w, https:\/\/semmelweis.hu\/hirek\/files\/2019\/04\/RS92547_IMG_9190-scr-800x533.jpg 800w, https:\/\/semmelweis.hu\/hirek\/files\/2019\/04\/RS92547_IMG_9190-scr-600x400.jpg 600w, https:\/\/semmelweis.hu\/hirek\/files\/2019\/04\/RS92547_IMG_9190-scr-753x502.jpg 753w, https:\/\/semmelweis.hu\/hirek\/files\/2019\/04\/RS92547_IMG_9190-scr-203x135.jpg 203w, https:\/\/semmelweis.hu\/hirek\/files\/2019\/04\/RS92547_IMG_9190-scr.jpg 950w\" >\r\n        <\/a><\/div><\/span><span class=\"gallery-item\"><div class=\"hidden\"><a href=\"https:\/\/semmelweis.hu\/hirek\/files\/2019\/04\/RS92497_TZ_20190415_0168-scr.jpg\">\r\n        <img src=https:\/\/semmelweis.hu\/hirek\/files\/2019\/04\/RS92497_TZ_20190415_0168-scr.jpg alt=\"\" class=\"attachment-sote-gallery-big size-sote-gallery-big\" srcset=\"https:\/\/semmelweis.hu\/hirek\/files\/2019\/04\/RS92497_TZ_20190415_0168-scr-400x267.jpg 400w, https:\/\/semmelweis.hu\/hirek\/files\/2019\/04\/RS92497_TZ_20190415_0168-scr-768x512.jpg 768w, https:\/\/semmelweis.hu\/hirek\/files\/2019\/04\/RS92497_TZ_20190415_0168-scr-800x533.jpg 800w, https:\/\/semmelweis.hu\/hirek\/files\/2019\/04\/RS92497_TZ_20190415_0168-scr-600x400.jpg 600w, https:\/\/semmelweis.hu\/hirek\/files\/2019\/04\/RS92497_TZ_20190415_0168-scr-753x502.jpg 753w, https:\/\/semmelweis.hu\/hirek\/files\/2019\/04\/RS92497_TZ_20190415_0168-scr-203x135.jpg 203w, https:\/\/semmelweis.hu\/hirek\/files\/2019\/04\/RS92497_TZ_20190415_0168-scr.jpg 950w\" >\r\n        <\/a><\/div><\/span><span class=\"gallery-item\"><div class=\"hidden\"><a href=\"https:\/\/semmelweis.hu\/hirek\/files\/2019\/04\/RS92550_IMG_9168-scr.jpg\">\r\n        <img src=https:\/\/semmelweis.hu\/hirek\/files\/2019\/04\/RS92550_IMG_9168-scr.jpg alt=\"\" class=\"attachment-sote-gallery-big size-sote-gallery-big\" srcset=\"https:\/\/semmelweis.hu\/hirek\/files\/2019\/04\/RS92550_IMG_9168-scr-276x400.jpg 276w, https:\/\/semmelweis.hu\/hirek\/files\/2019\/04\/RS92550_IMG_9168-scr-414x600.jpg 414w, https:\/\/semmelweis.hu\/hirek\/files\/2019\/04\/RS92550_IMG_9168-scr.jpg 518w\" >\r\n        <\/a><\/div><\/span><span class=\"gallery-item\"><div class=\"hidden\"><a href=\"https:\/\/semmelweis.hu\/hirek\/files\/2019\/04\/RS92566_IMG_9085-scr.jpg\">\r\n        <img src=https:\/\/semmelweis.hu\/hirek\/files\/2019\/04\/RS92566_IMG_9085-scr.jpg alt=\"\" class=\"attachment-sote-gallery-big size-sote-gallery-big\" srcset=\"https:\/\/semmelweis.hu\/hirek\/files\/2019\/04\/RS92566_IMG_9085-scr-400x267.jpg 400w, https:\/\/semmelweis.hu\/hirek\/files\/2019\/04\/RS92566_IMG_9085-scr-768x512.jpg 768w, https:\/\/semmelweis.hu\/hirek\/files\/2019\/04\/RS92566_IMG_9085-scr-800x533.jpg 800w, https:\/\/semmelweis.hu\/hirek\/files\/2019\/04\/RS92566_IMG_9085-scr-600x400.jpg 600w, https:\/\/semmelweis.hu\/hirek\/files\/2019\/04\/RS92566_IMG_9085-scr-753x502.jpg 753w, https:\/\/semmelweis.hu\/hirek\/files\/2019\/04\/RS92566_IMG_9085-scr-203x135.jpg 203w, https:\/\/semmelweis.hu\/hirek\/files\/2019\/04\/RS92566_IMG_9085-scr.jpg 950w\" >\r\n        <\/a><\/div><\/span><span class=\"gallery-item\"><div class=\"hidden\"><a href=\"https:\/\/semmelweis.hu\/hirek\/files\/2019\/04\/RS92552_IMG_9154-scr.jpg\">\r\n        <img src=https:\/\/semmelweis.hu\/hirek\/files\/2019\/04\/RS92552_IMG_9154-scr.jpg alt=\"\" class=\"attachment-sote-gallery-big size-sote-gallery-big\" srcset=\"https:\/\/semmelweis.hu\/hirek\/files\/2019\/04\/RS92552_IMG_9154-scr-267x400.jpg 267w, https:\/\/semmelweis.hu\/hirek\/files\/2019\/04\/RS92552_IMG_9154-scr-400x600.jpg 400w, https:\/\/semmelweis.hu\/hirek\/files\/2019\/04\/RS92552_IMG_9154-scr.jpg 500w\" >\r\n        <\/a><\/div><\/span><span class=\"gallery-item\"><div class=\"hidden\"><a href=\"https:\/\/semmelweis.hu\/hirek\/files\/2019\/04\/RS92468_TZ_20190415_0011-scr.jpg\">\r\n        <img src=https:\/\/semmelweis.hu\/hirek\/files\/2019\/04\/RS92468_TZ_20190415_0011-scr.jpg alt=\"\" class=\"attachment-sote-gallery-big size-sote-gallery-big\" srcset=\"https:\/\/semmelweis.hu\/hirek\/files\/2019\/04\/RS92468_TZ_20190415_0011-scr-400x267.jpg 400w, https:\/\/semmelweis.hu\/hirek\/files\/2019\/04\/RS92468_TZ_20190415_0011-scr-768x512.jpg 768w, https:\/\/semmelweis.hu\/hirek\/files\/2019\/04\/RS92468_TZ_20190415_0011-scr-800x533.jpg 800w, https:\/\/semmelweis.hu\/hirek\/files\/2019\/04\/RS92468_TZ_20190415_0011-scr-600x400.jpg 600w, https:\/\/semmelweis.hu\/hirek\/files\/2019\/04\/RS92468_TZ_20190415_0011-scr-753x502.jpg 753w, https:\/\/semmelweis.hu\/hirek\/files\/2019\/04\/RS92468_TZ_20190415_0011-scr-203x135.jpg 203w, https:\/\/semmelweis.hu\/hirek\/files\/2019\/04\/RS92468_TZ_20190415_0011-scr.jpg 950w\" >\r\n        <\/a><\/div><\/span><span class=\"gallery-item\"><div class=\"hidden\"><a href=\"https:\/\/semmelweis.hu\/hirek\/files\/2019\/04\/RS92472_TZ_20190415_0034-scr.jpg\">\r\n        <img src=https:\/\/semmelweis.hu\/hirek\/files\/2019\/04\/RS92472_TZ_20190415_0034-scr.jpg alt=\"\" class=\"attachment-sote-gallery-big size-sote-gallery-big\" srcset=\"https:\/\/semmelweis.hu\/hirek\/files\/2019\/04\/RS92472_TZ_20190415_0034-scr-400x267.jpg 400w, https:\/\/semmelweis.hu\/hirek\/files\/2019\/04\/RS92472_TZ_20190415_0034-scr-768x512.jpg 768w, https:\/\/semmelweis.hu\/hirek\/files\/2019\/04\/RS92472_TZ_20190415_0034-scr-800x533.jpg 800w, https:\/\/semmelweis.hu\/hirek\/files\/2019\/04\/RS92472_TZ_20190415_0034-scr-600x400.jpg 600w, https:\/\/semmelweis.hu\/hirek\/files\/2019\/04\/RS92472_TZ_20190415_0034-scr-753x502.jpg 753w, https:\/\/semmelweis.hu\/hirek\/files\/2019\/04\/RS92472_TZ_20190415_0034-scr-203x135.jpg 203w, https:\/\/semmelweis.hu\/hirek\/files\/2019\/04\/RS92472_TZ_20190415_0034-scr.jpg 950w\" >\r\n        <\/a><\/div><\/span><span class=\"gallery-item\"><div class=\"hidden\"><a href=\"https:\/\/semmelweis.hu\/hirek\/files\/2019\/04\/RS92474_TZ_20190415_0045-scr.jpg\">\r\n        <img src=https:\/\/semmelweis.hu\/hirek\/files\/2019\/04\/RS92474_TZ_20190415_0045-scr.jpg alt=\"\" class=\"attachment-sote-gallery-big size-sote-gallery-big\" srcset=\"https:\/\/semmelweis.hu\/hirek\/files\/2019\/04\/RS92474_TZ_20190415_0045-scr-400x267.jpg 400w, https:\/\/semmelweis.hu\/hirek\/files\/2019\/04\/RS92474_TZ_20190415_0045-scr-768x512.jpg 768w, https:\/\/semmelweis.hu\/hirek\/files\/2019\/04\/RS92474_TZ_20190415_0045-scr-800x533.jpg 800w, https:\/\/semmelweis.hu\/hirek\/files\/2019\/04\/RS92474_TZ_20190415_0045-scr-600x400.jpg 600w, https:\/\/semmelweis.hu\/hirek\/files\/2019\/04\/RS92474_TZ_20190415_0045-scr-753x502.jpg 753w, https:\/\/semmelweis.hu\/hirek\/files\/2019\/04\/RS92474_TZ_20190415_0045-scr-203x135.jpg 203w, https:\/\/semmelweis.hu\/hirek\/files\/2019\/04\/RS92474_TZ_20190415_0045-scr.jpg 950w\" >\r\n        <\/a><\/div><\/span><span class=\"gallery-item\"><div class=\"hidden\"><a href=\"https:\/\/semmelweis.hu\/hirek\/files\/2019\/04\/RS92476_TZ_20190415_0048-scr.jpg\">\r\n        <img src=https:\/\/semmelweis.hu\/hirek\/files\/2019\/04\/RS92476_TZ_20190415_0048-scr.jpg alt=\"\" class=\"attachment-sote-gallery-big size-sote-gallery-big\" srcset=\"https:\/\/semmelweis.hu\/hirek\/files\/2019\/04\/RS92476_TZ_20190415_0048-scr-400x267.jpg 400w, https:\/\/semmelweis.hu\/hirek\/files\/2019\/04\/RS92476_TZ_20190415_0048-scr-768x512.jpg 768w, https:\/\/semmelweis.hu\/hirek\/files\/2019\/04\/RS92476_TZ_20190415_0048-scr-800x533.jpg 800w, https:\/\/semmelweis.hu\/hirek\/files\/2019\/04\/RS92476_TZ_20190415_0048-scr-600x400.jpg 600w, https:\/\/semmelweis.hu\/hirek\/files\/2019\/04\/RS92476_TZ_20190415_0048-scr-753x502.jpg 753w, https:\/\/semmelweis.hu\/hirek\/files\/2019\/04\/RS92476_TZ_20190415_0048-scr-203x135.jpg 203w, https:\/\/semmelweis.hu\/hirek\/files\/2019\/04\/RS92476_TZ_20190415_0048-scr.jpg 950w\" >\r\n        <\/a><\/div><\/span><span class=\"gallery-item\"><div class=\"hidden\"><a href=\"https:\/\/semmelweis.hu\/hirek\/files\/2019\/04\/RS92477_TZ_20190415_0058-scr.jpg\">\r\n        <img src=https:\/\/semmelweis.hu\/hirek\/files\/2019\/04\/RS92477_TZ_20190415_0058-scr.jpg alt=\"\" class=\"attachment-sote-gallery-big size-sote-gallery-big\" srcset=\"https:\/\/semmelweis.hu\/hirek\/files\/2019\/04\/RS92477_TZ_20190415_0058-scr-400x267.jpg 400w, https:\/\/semmelweis.hu\/hirek\/files\/2019\/04\/RS92477_TZ_20190415_0058-scr-768x512.jpg 768w, https:\/\/semmelweis.hu\/hirek\/files\/2019\/04\/RS92477_TZ_20190415_0058-scr-800x533.jpg 800w, https:\/\/semmelweis.hu\/hirek\/files\/2019\/04\/RS92477_TZ_20190415_0058-scr-600x400.jpg 600w, https:\/\/semmelweis.hu\/hirek\/files\/2019\/04\/RS92477_TZ_20190415_0058-scr-753x502.jpg 753w, https:\/\/semmelweis.hu\/hirek\/files\/2019\/04\/RS92477_TZ_20190415_0058-scr-203x135.jpg 203w, https:\/\/semmelweis.hu\/hirek\/files\/2019\/04\/RS92477_TZ_20190415_0058-scr.jpg 950w\" >\r\n        <\/a><\/div><\/span><span class=\"gallery-item\"><div class=\"hidden\"><a href=\"https:\/\/semmelweis.hu\/hirek\/files\/2019\/04\/RS92478_TZ_20190415_0074-scr.jpg\">\r\n        <img src=https:\/\/semmelweis.hu\/hirek\/files\/2019\/04\/RS92478_TZ_20190415_0074-scr.jpg alt=\"\" class=\"attachment-sote-gallery-big size-sote-gallery-big\" srcset=\"https:\/\/semmelweis.hu\/hirek\/files\/2019\/04\/RS92478_TZ_20190415_0074-scr-400x267.jpg 400w, https:\/\/semmelweis.hu\/hirek\/files\/2019\/04\/RS92478_TZ_20190415_0074-scr-768x512.jpg 768w, https:\/\/semmelweis.hu\/hirek\/files\/2019\/04\/RS92478_TZ_20190415_0074-scr-800x533.jpg 800w, https:\/\/semmelweis.hu\/hirek\/files\/2019\/04\/RS92478_TZ_20190415_0074-scr-600x400.jpg 600w, https:\/\/semmelweis.hu\/hirek\/files\/2019\/04\/RS92478_TZ_20190415_0074-scr-753x502.jpg 753w, https:\/\/semmelweis.hu\/hirek\/files\/2019\/04\/RS92478_TZ_20190415_0074-scr-203x135.jpg 203w, https:\/\/semmelweis.hu\/hirek\/files\/2019\/04\/RS92478_TZ_20190415_0074-scr.jpg 950w\" >\r\n        <\/a><\/div><\/span><span class=\"gallery-item\"><div class=\"hidden\"><a href=\"https:\/\/semmelweis.hu\/hirek\/files\/2019\/04\/RS92487_TZ_20190415_0115-scr.jpg\">\r\n        <img src=https:\/\/semmelweis.hu\/hirek\/files\/2019\/04\/RS92487_TZ_20190415_0115-scr.jpg alt=\"\" class=\"attachment-sote-gallery-big size-sote-gallery-big\" srcset=\"https:\/\/semmelweis.hu\/hirek\/files\/2019\/04\/RS92487_TZ_20190415_0115-scr-400x267.jpg 400w, https:\/\/semmelweis.hu\/hirek\/files\/2019\/04\/RS92487_TZ_20190415_0115-scr-768x512.jpg 768w, https:\/\/semmelweis.hu\/hirek\/files\/2019\/04\/RS92487_TZ_20190415_0115-scr-800x533.jpg 800w, https:\/\/semmelweis.hu\/hirek\/files\/2019\/04\/RS92487_TZ_20190415_0115-scr-600x400.jpg 600w, https:\/\/semmelweis.hu\/hirek\/files\/2019\/04\/RS92487_TZ_20190415_0115-scr-753x502.jpg 753w, https:\/\/semmelweis.hu\/hirek\/files\/2019\/04\/RS92487_TZ_20190415_0115-scr-203x135.jpg 203w, https:\/\/semmelweis.hu\/hirek\/files\/2019\/04\/RS92487_TZ_20190415_0115-scr.jpg 950w\" >\r\n        <\/a><\/div><\/span><span class=\"gallery-item\"><div class=\"hidden\"><a href=\"https:\/\/semmelweis.hu\/hirek\/files\/2019\/04\/RS92493_TZ_20190415_0133-scr.jpg\">\r\n        <img src=https:\/\/semmelweis.hu\/hirek\/files\/2019\/04\/RS92493_TZ_20190415_0133-scr.jpg alt=\"\" class=\"attachment-sote-gallery-big size-sote-gallery-big\" srcset=\"https:\/\/semmelweis.hu\/hirek\/files\/2019\/04\/RS92493_TZ_20190415_0133-scr-400x267.jpg 400w, https:\/\/semmelweis.hu\/hirek\/files\/2019\/04\/RS92493_TZ_20190415_0133-scr-768x512.jpg 768w, https:\/\/semmelweis.hu\/hirek\/files\/2019\/04\/RS92493_TZ_20190415_0133-scr-800x533.jpg 800w, https:\/\/semmelweis.hu\/hirek\/files\/2019\/04\/RS92493_TZ_20190415_0133-scr-600x400.jpg 600w, https:\/\/semmelweis.hu\/hirek\/files\/2019\/04\/RS92493_TZ_20190415_0133-scr-753x502.jpg 753w, https:\/\/semmelweis.hu\/hirek\/files\/2019\/04\/RS92493_TZ_20190415_0133-scr-203x135.jpg 203w, https:\/\/semmelweis.hu\/hirek\/files\/2019\/04\/RS92493_TZ_20190415_0133-scr.jpg 950w\" >\r\n        <\/a><\/div><\/span><span class=\"gallery-item\"><div class=\"hidden\"><a href=\"https:\/\/semmelweis.hu\/hirek\/files\/2019\/04\/RS92502_IMG_9395-scr.jpg\">\r\n        <img src=https:\/\/semmelweis.hu\/hirek\/files\/2019\/04\/RS92502_IMG_9395-scr.jpg alt=\"\" class=\"attachment-sote-gallery-big size-sote-gallery-big\" srcset=\"https:\/\/semmelweis.hu\/hirek\/files\/2019\/04\/RS92502_IMG_9395-scr-400x267.jpg 400w, https:\/\/semmelweis.hu\/hirek\/files\/2019\/04\/RS92502_IMG_9395-scr-768x512.jpg 768w, https:\/\/semmelweis.hu\/hirek\/files\/2019\/04\/RS92502_IMG_9395-scr-800x533.jpg 800w, https:\/\/semmelweis.hu\/hirek\/files\/2019\/04\/RS92502_IMG_9395-scr-600x400.jpg 600w, https:\/\/semmelweis.hu\/hirek\/files\/2019\/04\/RS92502_IMG_9395-scr-753x502.jpg 753w, https:\/\/semmelweis.hu\/hirek\/files\/2019\/04\/RS92502_IMG_9395-scr-203x135.jpg 203w, https:\/\/semmelweis.hu\/hirek\/files\/2019\/04\/RS92502_IMG_9395-scr.jpg 950w\" >\r\n        <\/a><\/div><\/span><span class=\"gallery-item\"><div class=\"hidden\"><a href=\"https:\/\/semmelweis.hu\/hirek\/files\/2019\/04\/RS92506_IMG_9376-scr.jpg\">\r\n        <img src=https:\/\/semmelweis.hu\/hirek\/files\/2019\/04\/RS92506_IMG_9376-scr.jpg alt=\"\" class=\"attachment-sote-gallery-big size-sote-gallery-big\" srcset=\"https:\/\/semmelweis.hu\/hirek\/files\/2019\/04\/RS92506_IMG_9376-scr-400x267.jpg 400w, https:\/\/semmelweis.hu\/hirek\/files\/2019\/04\/RS92506_IMG_9376-scr-768x512.jpg 768w, https:\/\/semmelweis.hu\/hirek\/files\/2019\/04\/RS92506_IMG_9376-scr-800x533.jpg 800w, https:\/\/semmelweis.hu\/hirek\/files\/2019\/04\/RS92506_IMG_9376-scr-600x400.jpg 600w, https:\/\/semmelweis.hu\/hirek\/files\/2019\/04\/RS92506_IMG_9376-scr-753x502.jpg 753w, https:\/\/semmelweis.hu\/hirek\/files\/2019\/04\/RS92506_IMG_9376-scr-203x135.jpg 203w, https:\/\/semmelweis.hu\/hirek\/files\/2019\/04\/RS92506_IMG_9376-scr.jpg 950w\" >\r\n        <\/a><\/div><\/span><span class=\"gallery-item\"><div class=\"hidden\"><a href=\"https:\/\/semmelweis.hu\/hirek\/files\/2019\/04\/RS92510_IMG_9363-scr.jpg\">\r\n        <img src=https:\/\/semmelweis.hu\/hirek\/files\/2019\/04\/RS92510_IMG_9363-scr.jpg alt=\"\" class=\"attachment-sote-gallery-big size-sote-gallery-big\" srcset=\"https:\/\/semmelweis.hu\/hirek\/files\/2019\/04\/RS92510_IMG_9363-scr-400x267.jpg 400w, https:\/\/semmelweis.hu\/hirek\/files\/2019\/04\/RS92510_IMG_9363-scr-768x512.jpg 768w, https:\/\/semmelweis.hu\/hirek\/files\/2019\/04\/RS92510_IMG_9363-scr-800x533.jpg 800w, https:\/\/semmelweis.hu\/hirek\/files\/2019\/04\/RS92510_IMG_9363-scr-600x400.jpg 600w, https:\/\/semmelweis.hu\/hirek\/files\/2019\/04\/RS92510_IMG_9363-scr-753x502.jpg 753w, https:\/\/semmelweis.hu\/hirek\/files\/2019\/04\/RS92510_IMG_9363-scr-203x135.jpg 203w, https:\/\/semmelweis.hu\/hirek\/files\/2019\/04\/RS92510_IMG_9363-scr.jpg 950w\" >\r\n        <\/a><\/div><\/span><span class=\"gallery-item\"><div class=\"hidden\"><a href=\"https:\/\/semmelweis.hu\/hirek\/files\/2019\/04\/RS92515_IMG_9329-scr.jpg\">\r\n        <img src=https:\/\/semmelweis.hu\/hirek\/files\/2019\/04\/RS92515_IMG_9329-scr.jpg alt=\"\" class=\"attachment-sote-gallery-big size-sote-gallery-big\" srcset=\"https:\/\/semmelweis.hu\/hirek\/files\/2019\/04\/RS92515_IMG_9329-scr-400x267.jpg 400w, https:\/\/semmelweis.hu\/hirek\/files\/2019\/04\/RS92515_IMG_9329-scr-768x512.jpg 768w, https:\/\/semmelweis.hu\/hirek\/files\/2019\/04\/RS92515_IMG_9329-scr-800x533.jpg 800w, https:\/\/semmelweis.hu\/hirek\/files\/2019\/04\/RS92515_IMG_9329-scr-600x400.jpg 600w, https:\/\/semmelweis.hu\/hirek\/files\/2019\/04\/RS92515_IMG_9329-scr-753x502.jpg 753w, https:\/\/semmelweis.hu\/hirek\/files\/2019\/04\/RS92515_IMG_9329-scr-203x135.jpg 203w, https:\/\/semmelweis.hu\/hirek\/files\/2019\/04\/RS92515_IMG_9329-scr.jpg 950w\" >\r\n        <\/a><\/div><\/span><span class=\"gallery-item\"><div class=\"hidden\"><a href=\"https:\/\/semmelweis.hu\/hirek\/files\/2019\/04\/RS92518_IMG_9318-scr.jpg\">\r\n        <img src=https:\/\/semmelweis.hu\/hirek\/files\/2019\/04\/RS92518_IMG_9318-scr.jpg alt=\"\" class=\"attachment-sote-gallery-big size-sote-gallery-big\" srcset=\"https:\/\/semmelweis.hu\/hirek\/files\/2019\/04\/RS92518_IMG_9318-scr-400x267.jpg 400w, https:\/\/semmelweis.hu\/hirek\/files\/2019\/04\/RS92518_IMG_9318-scr-768x512.jpg 768w, https:\/\/semmelweis.hu\/hirek\/files\/2019\/04\/RS92518_IMG_9318-scr-800x533.jpg 800w, https:\/\/semmelweis.hu\/hirek\/files\/2019\/04\/RS92518_IMG_9318-scr-600x400.jpg 600w, https:\/\/semmelweis.hu\/hirek\/files\/2019\/04\/RS92518_IMG_9318-scr-753x502.jpg 753w, https:\/\/semmelweis.hu\/hirek\/files\/2019\/04\/RS92518_IMG_9318-scr-203x135.jpg 203w, https:\/\/semmelweis.hu\/hirek\/files\/2019\/04\/RS92518_IMG_9318-scr.jpg 950w\" >\r\n        <\/a><\/div><\/span><span class=\"gallery-item\"><div class=\"hidden\"><a href=\"https:\/\/semmelweis.hu\/hirek\/files\/2019\/04\/RS92522_IMG_9294-scr.jpg\">\r\n        <img src=https:\/\/semmelweis.hu\/hirek\/files\/2019\/04\/RS92522_IMG_9294-scr.jpg alt=\"\" class=\"attachment-sote-gallery-big size-sote-gallery-big\" srcset=\"https:\/\/semmelweis.hu\/hirek\/files\/2019\/04\/RS92522_IMG_9294-scr-400x240.jpg 400w, https:\/\/semmelweis.hu\/hirek\/files\/2019\/04\/RS92522_IMG_9294-scr-768x461.jpg 768w, https:\/\/semmelweis.hu\/hirek\/files\/2019\/04\/RS92522_IMG_9294-scr-800x480.jpg 800w, https:\/\/semmelweis.hu\/hirek\/files\/2019\/04\/RS92522_IMG_9294-scr-600x360.jpg 600w, https:\/\/semmelweis.hu\/hirek\/files\/2019\/04\/RS92522_IMG_9294-scr-753x452.jpg 753w, https:\/\/semmelweis.hu\/hirek\/files\/2019\/04\/RS92522_IMG_9294-scr.jpg 950w\" >\r\n        <\/a><\/div><\/span><span class=\"gallery-item\"><div class=\"hidden\"><a href=\"https:\/\/semmelweis.hu\/hirek\/files\/2019\/04\/RS92524_IMG_9286-scr.jpg\">\r\n        <img src=https:\/\/semmelweis.hu\/hirek\/files\/2019\/04\/RS92524_IMG_9286-scr.jpg alt=\"\" class=\"attachment-sote-gallery-big size-sote-gallery-big\" srcset=\"https:\/\/semmelweis.hu\/hirek\/files\/2019\/04\/RS92524_IMG_9286-scr-400x267.jpg 400w, https:\/\/semmelweis.hu\/hirek\/files\/2019\/04\/RS92524_IMG_9286-scr-768x512.jpg 768w, https:\/\/semmelweis.hu\/hirek\/files\/2019\/04\/RS92524_IMG_9286-scr-800x533.jpg 800w, https:\/\/semmelweis.hu\/hirek\/files\/2019\/04\/RS92524_IMG_9286-scr-600x400.jpg 600w, https:\/\/semmelweis.hu\/hirek\/files\/2019\/04\/RS92524_IMG_9286-scr-753x502.jpg 753w, https:\/\/semmelweis.hu\/hirek\/files\/2019\/04\/RS92524_IMG_9286-scr-203x135.jpg 203w, https:\/\/semmelweis.hu\/hirek\/files\/2019\/04\/RS92524_IMG_9286-scr.jpg 950w\" >\r\n        <\/a><\/div><\/span><span class=\"gallery-item\"><div class=\"hidden\"><a href=\"https:\/\/semmelweis.hu\/hirek\/files\/2019\/04\/RS92542_IMG_9216-scr.jpg\">\r\n        <img src=https:\/\/semmelweis.hu\/hirek\/files\/2019\/04\/RS92542_IMG_9216-scr.jpg alt=\"\" class=\"attachment-sote-gallery-big size-sote-gallery-big\" srcset=\"https:\/\/semmelweis.hu\/hirek\/files\/2019\/04\/RS92542_IMG_9216-scr-400x267.jpg 400w, https:\/\/semmelweis.hu\/hirek\/files\/2019\/04\/RS92542_IMG_9216-scr-768x512.jpg 768w, https:\/\/semmelweis.hu\/hirek\/files\/2019\/04\/RS92542_IMG_9216-scr-800x533.jpg 800w, https:\/\/semmelweis.hu\/hirek\/files\/2019\/04\/RS92542_IMG_9216-scr-600x400.jpg 600w, https:\/\/semmelweis.hu\/hirek\/files\/2019\/04\/RS92542_IMG_9216-scr-753x502.jpg 753w, https:\/\/semmelweis.hu\/hirek\/files\/2019\/04\/RS92542_IMG_9216-scr-203x135.jpg 203w, https:\/\/semmelweis.hu\/hirek\/files\/2019\/04\/RS92542_IMG_9216-scr.jpg 950w\" >\r\n        <\/a><\/div><\/span><span class=\"gallery-item\"><div class=\"hidden\"><a href=\"https:\/\/semmelweis.hu\/hirek\/files\/2019\/04\/RS92558_IMG_9122-scr.jpg\">\r\n        <img src=https:\/\/semmelweis.hu\/hirek\/files\/2019\/04\/RS92558_IMG_9122-scr.jpg alt=\"\" class=\"attachment-sote-gallery-big size-sote-gallery-big\" srcset=\"https:\/\/semmelweis.hu\/hirek\/files\/2019\/04\/RS92558_IMG_9122-scr-400x267.jpg 400w, https:\/\/semmelweis.hu\/hirek\/files\/2019\/04\/RS92558_IMG_9122-scr-768x512.jpg 768w, https:\/\/semmelweis.hu\/hirek\/files\/2019\/04\/RS92558_IMG_9122-scr-800x533.jpg 800w, https:\/\/semmelweis.hu\/hirek\/files\/2019\/04\/RS92558_IMG_9122-scr-600x400.jpg 600w, https:\/\/semmelweis.hu\/hirek\/files\/2019\/04\/RS92558_IMG_9122-scr-753x502.jpg 753w, https:\/\/semmelweis.hu\/hirek\/files\/2019\/04\/RS92558_IMG_9122-scr-203x135.jpg 203w, https:\/\/semmelweis.hu\/hirek\/files\/2019\/04\/RS92558_IMG_9122-scr.jpg 950w\" >\r\n        <\/a><\/div><\/span><span class=\"gallery-item\"><div class=\"hidden\"><a href=\"https:\/\/semmelweis.hu\/hirek\/files\/2019\/04\/RS92570_IMG_9076-scr.jpg\">\r\n        <img src=https:\/\/semmelweis.hu\/hirek\/files\/2019\/04\/RS92570_IMG_9076-scr.jpg alt=\"\" class=\"attachment-sote-gallery-big size-sote-gallery-big\" srcset=\"https:\/\/semmelweis.hu\/hirek\/files\/2019\/04\/RS92570_IMG_9076-scr-400x267.jpg 400w, https:\/\/semmelweis.hu\/hirek\/files\/2019\/04\/RS92570_IMG_9076-scr-768x512.jpg 768w, https:\/\/semmelweis.hu\/hirek\/files\/2019\/04\/RS92570_IMG_9076-scr-800x533.jpg 800w, https:\/\/semmelweis.hu\/hirek\/files\/2019\/04\/RS92570_IMG_9076-scr-600x400.jpg 600w, https:\/\/semmelweis.hu\/hirek\/files\/2019\/04\/RS92570_IMG_9076-scr-753x502.jpg 753w, https:\/\/semmelweis.hu\/hirek\/files\/2019\/04\/RS92570_IMG_9076-scr-203x135.jpg 203w, https:\/\/semmelweis.hu\/hirek\/files\/2019\/04\/RS92570_IMG_9076-scr.jpg 950w\" >\r\n        <\/a><\/div><\/span><span class=\"gallery-item\"><div class=\"hidden\"><a href=\"https:\/\/semmelweis.hu\/hirek\/files\/2019\/04\/RS92540_IMG_9231-scr.jpg\">\r\n        <img src=https:\/\/semmelweis.hu\/hirek\/files\/2019\/04\/RS92540_IMG_9231-scr.jpg alt=\"\" class=\"attachment-sote-gallery-big size-sote-gallery-big\" srcset=\"https:\/\/semmelweis.hu\/hirek\/files\/2019\/04\/RS92540_IMG_9231-scr-400x267.jpg 400w, https:\/\/semmelweis.hu\/hirek\/files\/2019\/04\/RS92540_IMG_9231-scr-768x512.jpg 768w, https:\/\/semmelweis.hu\/hirek\/files\/2019\/04\/RS92540_IMG_9231-scr-800x533.jpg 800w, https:\/\/semmelweis.hu\/hirek\/files\/2019\/04\/RS92540_IMG_9231-scr-600x400.jpg 600w, https:\/\/semmelweis.hu\/hirek\/files\/2019\/04\/RS92540_IMG_9231-scr-753x502.jpg 753w, https:\/\/semmelweis.hu\/hirek\/files\/2019\/04\/RS92540_IMG_9231-scr-203x135.jpg 203w, https:\/\/semmelweis.hu\/hirek\/files\/2019\/04\/RS92540_IMG_9231-scr.jpg 950w\" >\r\n        <\/a><\/div><\/span><span class=\"gallery-item\"><div class=\"hidden\"><a href=\"https:\/\/semmelweis.hu\/hirek\/files\/2019\/04\/RS92480_TZ_20190415_0080-scr.jpg\">\r\n        <img src=https:\/\/semmelweis.hu\/hirek\/files\/2019\/04\/RS92480_TZ_20190415_0080-scr.jpg alt=\"\" class=\"attachment-sote-gallery-big size-sote-gallery-big\" srcset=\"https:\/\/semmelweis.hu\/hirek\/files\/2019\/04\/RS92480_TZ_20190415_0080-scr-400x267.jpg 400w, https:\/\/semmelweis.hu\/hirek\/files\/2019\/04\/RS92480_TZ_20190415_0080-scr-768x512.jpg 768w, https:\/\/semmelweis.hu\/hirek\/files\/2019\/04\/RS92480_TZ_20190415_0080-scr-800x533.jpg 800w, https:\/\/semmelweis.hu\/hirek\/files\/2019\/04\/RS92480_TZ_20190415_0080-scr-600x400.jpg 600w, https:\/\/semmelweis.hu\/hirek\/files\/2019\/04\/RS92480_TZ_20190415_0080-scr-753x502.jpg 753w, https:\/\/semmelweis.hu\/hirek\/files\/2019\/04\/RS92480_TZ_20190415_0080-scr-203x135.jpg 203w, https:\/\/semmelweis.hu\/hirek\/files\/2019\/04\/RS92480_TZ_20190415_0080-scr.jpg 950w\" >\r\n        <\/a><\/div><\/span>\r\n            <\/div>\r\n\r\n            [\/slb_exclude]\r\n\t\n<p>Dr. Janka Zolt\u00e1n, a Szegedi Tudom\u00e1nyegyetem egyetemi tan\u00e1ra szem\u00e9lyes reflexi\u00f3kkal \u00e1tsz\u0151ve tekintette v\u00e9gig dr. Tringer L\u00e1szl\u00f3 p\u00e1ly\u00e1j\u00e1nak egyes \u00e1llom\u00e1sait. Sz\u00e1mos k\u00f6z\u00f6s \u00e9lm\u00e9nyt, szem\u00e9lyes eml\u00e9ket id\u00e9zett fel, a t\u00f6bbi k\u00f6z\u00f6tt azt is, amikor 20 \u00e9vvel ezel\u0151tt \u00e1tadta a professzornak a &#8222;Tringer-k\u00fcsz\u00f6b\u00f6t&#8221;, amit \u0151 be is \u00e9p\u00edtett esztergomi h\u00e1zukba.<\/p>\n<p>&#8222;Minden ember egy mag\u00e1ban \u00e1ll\u00f3 sziget, a sz\u00f3 val\u00f3di \u00e9rtelm\u00e9ben, \u00e9s csak akkor emelhet hidakat m\u00e1s szigetek fel\u00e9, ha akar \u00e9s tud is mindenekel\u0151tt \u00f6nmaga lenni&#8221; \u2013 id\u00e9zte Carl Rogers szavait dr. Merkely B\u00e9la. A 80 \u00e9ves dr. Tringer L\u00e1szl\u00f3 sz\u00e1mos ilyen hidat \u00e9p\u00edtett eddigi \u00e9let\u00e9ben m\u00e1sok fel\u00e9 mind pszichi\u00e1terk\u00e9nt, mind tan\u00e1rk\u00e9nt, mind f\u00e9rjk\u00e9nt, majd apak\u00e9nt \u00e9s nagyapak\u00e9nt, mind pedig h\u00edv\u0151 emberk\u00e9nt \u2013 tette hozz\u00e1 a rektor. \u00d6sszefoglalta a professzor p\u00e1ly\u00e1j\u00e1nak fontosabb \u00e1llom\u00e1sait, k\u00fcl\u00f6n kiemelve oktat\u00f3i munk\u00e1j\u00e1t. A gyakorlatk\u00f6zpont\u00fa oktat\u00e1s meger\u0151s\u00edt\u00e9s\u00e9t \u00e9s a szolg\u00e1latk\u00e9sz munk\u00e1t p\u00e9lda\u00e9rt\u00e9k\u0171nek nevezte, utalva r\u00e1, hogy maga is hasonl\u00f3 c\u00e9lokat t\u0171z\u00f6tt ki rektori programj\u00e1ban.<\/p>\n<p><a href=\"https:\/\/semmelweis.hu\/hirek\/files\/2019\/04\/RS92555_IMG_9141-scr.jpg\"><img loading=\"lazy\" decoding=\"async\" class=\"aligncenter size-full wp-image-84289\" src=\"https:\/\/semmelweis.hu\/hirek\/files\/2019\/04\/RS92555_IMG_9141-scr.jpg\" alt=\"\" width=\"950\" height=\"633\" srcset=\"https:\/\/semmelweis.hu\/hirek\/files\/2019\/04\/RS92555_IMG_9141-scr.jpg 950w, https:\/\/semmelweis.hu\/hirek\/files\/2019\/04\/RS92555_IMG_9141-scr-400x267.jpg 400w, https:\/\/semmelweis.hu\/hirek\/files\/2019\/04\/RS92555_IMG_9141-scr-768x512.jpg 768w, https:\/\/semmelweis.hu\/hirek\/files\/2019\/04\/RS92555_IMG_9141-scr-800x533.jpg 800w, https:\/\/semmelweis.hu\/hirek\/files\/2019\/04\/RS92555_IMG_9141-scr-600x400.jpg 600w, https:\/\/semmelweis.hu\/hirek\/files\/2019\/04\/RS92555_IMG_9141-scr-753x502.jpg 753w, https:\/\/semmelweis.hu\/hirek\/files\/2019\/04\/RS92555_IMG_9141-scr-203x135.jpg 203w\" sizes=\"auto, (max-width: 950px) 100vw, 950px\" \/><\/a><\/p>\n<p>A Magatart\u00e1studom\u00e1nyi Int\u00e9zet igazgat\u00f3ja, dr. Kov\u00e1cs J\u00f3zsef hangs\u00falyozta: dr. Tringer L\u00e1szl\u00f3 sokakra nagy hat\u00e1ssal volt mind szakmailag, mind emberileg. Sz\u00f3lt r\u00f3la, hogy \u00fatt\u00f6r\u0151 szerepe volt a Magatart\u00e1studom\u00e1nyi Int\u00e9zet l\u00e9trehoz\u00e1s\u00e1ban, Gy\u00f3gy\u00edt\u00f3 besz\u00e9lget\u00e9s c\u00edm\u0171 k\u00f6nyv\u00e9b\u0151l pedig pszichoterapeut\u00e1k ezrei tanultak. A bizony\u00edt\u00e9kokon \u00e9s az \u00e9rt\u00e9keken alapul\u00f3 orvosl\u00e1s egyar\u00e1nt jellemz\u0151 volt r\u00e1 mindig is, ak\u00e1rcsak a hum\u00e1num \u2013 v\u00e9lte dr. Kov\u00e1cs J\u00f3zsef.<\/p>\n<p>A k\u00f6sz\u00f6nt\u0151besz\u00e9dek k\u00f6z\u00f6tt tartott zenei program r\u00e9szek\u00e9nt Moln\u00e1r B\u00e1lint csellista tartott el\u0151ad\u00e1st.<\/p>\n<p>Dr. Litavszky Zsuzsanna k\u00f6z\u00f6s eml\u00e9kekkel, t\u00f6rt\u00e9netekkel k\u00f6sz\u00f6ntette az \u00fcnnepeltet, akivel 13 \u00e9ve ismerik egym\u00e1st. Mint felid\u00e9zte, el\u0151sz\u00f6r \u00f6t\u00f6d\u00e9ves kor\u00e1ban tal\u00e1lkozott a professzorral, akinek speci\u00e1lkoll\u00e9gium\u00e1ba j\u00e1rt k\u00e9t \u00e9ven kereszt\u00fcl, ami k\u00e9s\u0151bbi p\u00e1ly\u00e1j\u00e1t is meghat\u00e1rozta. Sz\u00f3lt m\u00e9g a K\u00fatv\u00f6lgyi K\u00f3rh\u00e1zban \u00e9s a Pszichi\u00e1triai \u00e9s Pszichoter\u00e1pi\u00e1s Klinika B1 oszt\u00e1ly\u00e1n k\u00f6z\u00f6sen elt\u00f6lt\u00f6tt \u00e9vekr\u0151l, amely id\u0151szak elmond\u00e1sa szerint szakmai \u00e9s mag\u00e1n\u00e9let\u00e9nek is meghat\u00e1roz\u00f3 r\u00e9sze volt.<\/p>\n<p>Dr. Tringer L\u00e1szl\u00f3t mint volt \u00e9vfolyamt\u00e1rs\u00e1t k\u00f6sz\u00f6nt\u00f6tte dr. S\u00f3tonyi P\u00e9ter rector emeritus, aki elmondta, hogy m\u00e1r m\u00e1sod\u00e9ves kor\u00e1ban tudt\u00e1k r\u00f3la, hogy k\u00fcl\u00f6nleges ember, aki a kereszt\u00e9ny \u00e9rt\u00e9krendt\u0151l sosem hagyta mag\u00e1t elt\u00e1ntor\u00edtani. Sz\u00e1mos k\u00f6z\u00f6s eml\u00e9ket id\u00e9zett fel, k\u00f6zt\u00fck p\u00e9ld\u00e1ul, amikor dr. Tringer L\u00e1szl\u00f3 1957-ben, a megtorl\u00e1s bizonytalan id\u0151szak\u00e1ban l\u00e9trehozott egy m\u0171vel\u0151d\u00e9si k\u00f6rt, ahol bar\u00e1ti \u00f6sszej\u00f6vetelek, besz\u00e9lget\u00e9sek, el\u0151ad\u00e1sok zajlottak. Hangs\u00falyozta, hogy f\u0151igazgat\u00f3k\u00e9nt z\u00f6kken\u0151mentesen szervezte meg a K\u00fatv\u00f6lgyi oktat\u00f3 k\u00f3rh\u00e1zz\u00e1 szervez\u00e9s\u00e9t. \u2013 N\u00e1lam a b\u00f6lcsess\u00e9g templom\u00e1nak te vagy a f\u0151papja \u2013 utalt a Var\u00e1zsfuvol\u00e1ra, \u00e9s feddhetetlennek nevezte dr. Tringer L\u00e1szl\u00f3t.<\/p>\n<p>A Pszichi\u00e1triai \u00e9s Pszichoter\u00e1pi\u00e1s Klinika f\u0151orvosa, dr. S\u00e1rosi Andrea a K\u00fatv\u00f6lgyiben elt\u00f6lt\u00f6tt \u00e9vekre eml\u00e9kezett vissza, ahol, mint mondta, dr. Tringer L\u00e1szl\u00f3 f\u0151igazgat\u00f3i teend\u0151i mellett is sok figyelmet ford\u00edtott a fiatal koll\u00e9g\u00e1kra, ez\u00e9rt k\u00f6sz\u00f6netet mondott a r\u00e1juk sz\u00e1nt id\u0151\u00e9rt \u00e9s energi\u00e1\u00e9rt.<\/p>\n<p><a href=\"https:\/\/semmelweis.hu\/hirek\/files\/2019\/04\/RS92548_IMG_9178-scr.jpg\"><img loading=\"lazy\" decoding=\"async\" class=\"alignleft size-medium wp-image-84286\" src=\"https:\/\/semmelweis.hu\/hirek\/files\/2019\/04\/RS92548_IMG_9178-scr-400x249.jpg\" alt=\"\" width=\"400\" height=\"249\" srcset=\"https:\/\/semmelweis.hu\/hirek\/files\/2019\/04\/RS92548_IMG_9178-scr-400x249.jpg 400w, https:\/\/semmelweis.hu\/hirek\/files\/2019\/04\/RS92548_IMG_9178-scr-768x478.jpg 768w, https:\/\/semmelweis.hu\/hirek\/files\/2019\/04\/RS92548_IMG_9178-scr-800x498.jpg 800w, https:\/\/semmelweis.hu\/hirek\/files\/2019\/04\/RS92548_IMG_9178-scr-600x373.jpg 600w, https:\/\/semmelweis.hu\/hirek\/files\/2019\/04\/RS92548_IMG_9178-scr-753x468.jpg 753w, https:\/\/semmelweis.hu\/hirek\/files\/2019\/04\/RS92548_IMG_9178-scr.jpg 950w\" sizes=\"auto, (max-width: 400px) 100vw, 400px\" \/><\/a>Dr. Bitter Istv\u00e1n, a klinika egyetemi tan\u00e1ra, dr. Tringer L\u00e1szl\u00f3 tansz\u00e9kvezet\u0151i ut\u00f3dja szint\u00e9n k\u00f6z\u00f6s eml\u00e9keket, \u00e9s szakmai m\u00e9rf\u00f6ldk\u00f6veket eml\u00edtett. Mint visszaeml\u00e9kezett, \u0151 is szakorvosjel\u00f6ltk\u00e9nt tal\u00e1lkozott el\u0151sz\u00f6r a professzorral. Kiemelte, hogy dr. Tringer L\u00e1szl\u00f3 a VIII. ker\u00fcleti Nap utc\u00e1ban ambul\u00e1ns ell\u00e1t\u00e1st szervezett, a rendel\u0151 pedig szellemi m\u0171hely lett. &#8222;M\u00e1sf\u00e9l \u00e9vtizede lehetett, amikor Laci azt mondta nekem: minden napra \u00fagy tekint, mint egy aj\u00e1nd\u00e9kra. Nagyon sok ilyen aj\u00e1nd\u00e9kot, j\u00f3 eg\u00e9szs\u00e9get \u00e9s boldogs\u00e1got k\u00edv\u00e1nok Neked 80. sz\u00fclet\u00e9snapod alkalm\u00e1b\u00f3l&#8221; \u2013 id\u00e9zte az Orvosi Hetilapban megjelent k\u00f6sz\u00f6nt\u0151j\u00e9t.<\/p>\n<p>A klinika egyetemi docense, dr. Simon Lajos sz\u00f3lt r\u00f3la, hogy \u00e9vtizedek \u00f3ta dolgoznak egy\u00fctt az \u00fcnnepelttel, ami alatt sok mindent \u00e1t\u00e9ltek, k\u00f6zt\u00fck k\u00fcl\u00f6nb\u00f6z\u0151 ter\u00e1pi\u00e1s m\u00f3dszerek meghonos\u00edt\u00e1s\u00e1t, de \u0151 ind\u00edtotta el a Pszichoter\u00e1pi\u00e1s Gr\u00e9miumot az egyetemen. 1981-ben a Magyar Pszichi\u00e1triai T\u00e1rsas\u00e1g keretein bel\u00fcl megalakult vezet\u00e9s\u00e9vel a Viselked\u00e9ster\u00e1pi\u00e1s Munkacsoport, ami k\u00e9s\u0151bb Viselked\u00e9s- \u00e9s Kognit\u00edv Ter\u00e1pi\u00e1s Munkacsoportra v\u00e1ltoztatta a nev\u00e9t, az egyes\u00fclet a pszichoterapeuta szakk\u00e9pz\u00e9s egyik k\u00f6zpontja.<\/p>\n<p><a href=\"https:\/\/semmelweis.hu\/hirek\/files\/2019\/04\/RS92537_IMG_9244-scr.jpg\"><img loading=\"lazy\" decoding=\"async\" class=\"alignright size-medium wp-image-84296\" src=\"https:\/\/semmelweis.hu\/hirek\/files\/2019\/04\/RS92537_IMG_9244-scr-400x267.jpg\" alt=\"\" width=\"400\" height=\"267\" srcset=\"https:\/\/semmelweis.hu\/hirek\/files\/2019\/04\/RS92537_IMG_9244-scr-400x267.jpg 400w, https:\/\/semmelweis.hu\/hirek\/files\/2019\/04\/RS92537_IMG_9244-scr-768x512.jpg 768w, https:\/\/semmelweis.hu\/hirek\/files\/2019\/04\/RS92537_IMG_9244-scr-800x533.jpg 800w, https:\/\/semmelweis.hu\/hirek\/files\/2019\/04\/RS92537_IMG_9244-scr-600x400.jpg 600w, https:\/\/semmelweis.hu\/hirek\/files\/2019\/04\/RS92537_IMG_9244-scr-753x502.jpg 753w, https:\/\/semmelweis.hu\/hirek\/files\/2019\/04\/RS92537_IMG_9244-scr-203x135.jpg 203w, https:\/\/semmelweis.hu\/hirek\/files\/2019\/04\/RS92537_IMG_9244-scr.jpg 950w\" sizes=\"auto, (max-width: 400px) 100vw, 400px\" \/><\/a>Dr. Tringer L\u00e1szl\u00f3 a k\u00f6sz\u00f6nt\u00e9sekre reag\u00e1lva felid\u00e9zte a pillanatot, amikor megszerette az oktat\u00f3i munk\u00e1t, ami eleinte ink\u00e1bb csak neh\u00e9zs\u00e9g volt sz\u00e1m\u00e1ra az egy\u00e9b teend\u0151k mellett. Mint visszaeml\u00e9kezett, az egyik gyakorlat sor\u00e1n szembes\u00fclt vele, mennyire odafigyelnek szavaira a hallgat\u00f3k; ekkor d\u00f6bbent r\u00e1, hogy ugyanazt csin\u00e1lja, amit a sz\u00e1m\u00e1ra meghat\u00e1roz\u00f3 pannonhalmi paptan\u00e1rok, akiknek az \u00e9lete volt a tan\u00edt\u00e1s. Noha tudja, hogy val\u00f3j\u00e1ban csoportdinamikai \u00e9lm\u00e9nyben volt r\u00e9sze, m\u00e9gis misztikusnak nevezte ezt a fordul\u00f3pontot.<\/p>\n<p>Keresztes Eszter<br \/>\nFot\u00f3: Kov\u00e1cs Attila &#8211; Semmelweis Egyetem, Tuba Zolt\u00e1n<\/p>\n","protected":false},"excerpt":{"rendered":"<p>P\u00e1lyat\u00e1rsai, tan\u00edtv\u00e1nyai, az egyetem jelenlegi \u00e9s volt rektorai k\u00f6sz\u00f6nt\u00f6tt\u00e9k sz\u00fclet\u00e9snapj\u00e1n.<\/p>\n","protected":false},"author":101132,"featured_media":84260,"comment_status":"closed","ping_status":"closed","sticky":false,"template":"","format":"standard","meta":{"_acf_changed":false,"footnotes":""},"categories":[157,168],"tags":[],"class_list":["post-84259","post","type-post","status-publish","format-standard","has-post-thumbnail","hentry","category-semmelweis-vilag","category-kiemelt"],"acf":[],"_links":{"self":[{"href":"https:\/\/semmelweis.hu\/hirek\/wp-json\/wp\/v2\/posts\/84259","targetHints":{"allow":["GET"]}}],"collection":[{"href":"https:\/\/semmelweis.hu\/hirek\/wp-json\/wp\/v2\/posts"}],"about":[{"href":"https:\/\/semmelweis.hu\/hirek\/wp-json\/wp\/v2\/types\/post"}],"author":[{"embeddable":true,"href":"https:\/\/semmelweis.hu\/hirek\/wp-json\/wp\/v2\/users\/101132"}],"replies":[{"embeddable":true,"href":"https:\/\/semmelweis.hu\/hirek\/wp-json\/wp\/v2\/comments?post=84259"}],"version-history":[{"count":6,"href":"https:\/\/semmelweis.hu\/hirek\/wp-json\/wp\/v2\/posts\/84259\/revisions"}],"predecessor-version":[{"id":84340,"href":"https:\/\/semmelweis.hu\/hirek\/wp-json\/wp\/v2\/posts\/84259\/revisions\/84340"}],"wp:featuredmedia":[{"embeddable":true,"href":"https:\/\/semmelweis.hu\/hirek\/wp-json\/wp\/v2\/media\/84260"}],"wp:attachment":[{"href":"https:\/\/semmelweis.hu\/hirek\/wp-json\/wp\/v2\/media?parent=84259"}],"wp:term":[{"taxonomy":"category","embeddable":true,"href":"https:\/\/semmelweis.hu\/hirek\/wp-json\/wp\/v2\/categories?post=84259"},{"taxonomy":"post_tag","embeddable":true,"href":"https:\/\/semmelweis.hu\/hirek\/wp-json\/wp\/v2\/tags?post=84259"}],"curies":[{"name":"wp","href":"https:\/\/api.w.org\/{rel}","templated":true}]}}