{"id":83835,"date":"2019-05-31T11:24:49","date_gmt":"2019-05-31T09:24:49","guid":{"rendered":"http:\/\/semmelweis.hu\/hirek\/?p=83835"},"modified":"2019-05-31T11:41:53","modified_gmt":"2019-05-31T09:41:53","slug":"az-en-egyetemem-tatai-balazs-es-a-pak-ovodajanak-kertje","status":"publish","type":"post","link":"https:\/\/semmelweis.hu\/hirek\/2019\/05\/31\/az-en-egyetemem-tatai-balazs-es-a-pak-ovodajanak-kertje\/","title":{"rendered":"Az \u00e9n egyetemem &#8211; Tatai Bal\u00e1zs \u00e9s a PAK \u00f3vod\u00e1j\u00e1nak kertje"},"content":{"rendered":"<p>Tatai Bal\u00e1zs 1995 \u00e9v v\u00e9g\u00e9n az Expressz \u00fajs\u00e1g \u00e1ll\u00e1shirdet\u00e9s\u00e9re lett figyelmes: f\u00e9nyk\u00e9p\u00e9szt keres a Pet\u0151 Int\u00e9zet! &#8222;Mindig is fot\u00f3z\u00e1ssal szerettem volna foglalkozni hivat\u00e1sszer\u0171en, de magam sem hittem, hogy l\u00e9tezik ilyen \u00e1ll\u00e1s&#8221; &#8211; mes\u00e9li nevetve. A sikeres felv\u00e9teli elbesz\u00e9lget\u00e9st k\u00f6vet\u0151en \u00faj\u00e9vkor, 1996. janu\u00e1r elsej\u00e9n kezdett el az int\u00e9zm\u00e9nyben dolgozni, imm\u00e1r 23 \u00e9ve.<\/p>\n\r\n        [slb_exclude]\r\n        <div class=\"row galeria-wrapper mx-0 h-auto\">\r\n            <div class=\"col-9 pl-0 pr-2\">\r\n            <span class=\"gallery-item frame\">\r\n\t\t\t\t<div class=\"galeria-left-img\"><a href=\"https:\/\/semmelweis.hu\/hirek\/files\/2019\/05\/56790779_628858614243912_4388025136926687232_n.jpg\"><img src=https:\/\/semmelweis.hu\/hirek\/files\/2019\/05\/56790779_628858614243912_4388025136926687232_n.jpg  \r\n                            alt=\"\" \r\n                            class=\"attachment-sote-gallery-big size-sote-gallery-big\" \r\n                            srcset=\"https:\/\/semmelweis.hu\/hirek\/files\/2019\/05\/56790779_628858614243912_4388025136926687232_n-400x300.jpg 400w, https:\/\/semmelweis.hu\/hirek\/files\/2019\/05\/56790779_628858614243912_4388025136926687232_n-768x576.jpg 768w, https:\/\/semmelweis.hu\/hirek\/files\/2019\/05\/56790779_628858614243912_4388025136926687232_n-800x600.jpg 800w, https:\/\/semmelweis.hu\/hirek\/files\/2019\/05\/56790779_628858614243912_4388025136926687232_n-600x450.jpg 600w, https:\/\/semmelweis.hu\/hirek\/files\/2019\/05\/56790779_628858614243912_4388025136926687232_n-753x565.jpg 753w\" ><\/a><\/div>\r\n            <\/span>\r\n\r\n            <\/div>\r\n\r\n\t\t\t<div class=\"col-3 pl-0 pr-0\">\r\n\t\t\t\t<div class=\"galeria-right-img d-flex justify-content-between flex-column h-100 w-100 px-0 mx-0 \">\r\n                <div class=\"galeria-box\">\r\n\t\t\t\t\t<h3 class=\"galeria-title\">Gal\u00e9ria<\/h3>\r\n\t\t\t\t\t<div class=\"galeria-subtitle\">\r\n\r\n\t\t\t\t\t\t<div class=\"galeria-page-counter\"><span>4<\/span>k\u00e9p<\/div>\r\n                    <\/div> <\/div>\r\n                    <span class=\"gallery-item frame d-none d-md-flex\">\r\n\t\t\t\t\t<div class=\"galeria-small-img mt-0\"><a href=\"https:\/\/semmelweis.hu\/hirek\/files\/2019\/05\/56169816_678977049189562_841965825131806720_n.jpg\"><img src=https:\/\/semmelweis.hu\/hirek\/files\/2019\/05\/56169816_678977049189562_841965825131806720_n.jpg \r\n                                alt=\"Az egykori Pestalozzi-ambulancia \u00e9p\u00fclete (Tatai Bal\u00e1zs felv\u00e9tele)\"  \r\n                                class=\"attachment-sote-gallery-small size-sote-gallery-small\" \r\n                                srcset=\"https:\/\/semmelweis.hu\/hirek\/files\/2019\/05\/56169816_678977049189562_841965825131806720_n-400x300.jpg 400w, https:\/\/semmelweis.hu\/hirek\/files\/2019\/05\/56169816_678977049189562_841965825131806720_n-768x576.jpg 768w, https:\/\/semmelweis.hu\/hirek\/files\/2019\/05\/56169816_678977049189562_841965825131806720_n-800x600.jpg 800w, https:\/\/semmelweis.hu\/hirek\/files\/2019\/05\/56169816_678977049189562_841965825131806720_n-600x450.jpg 600w, https:\/\/semmelweis.hu\/hirek\/files\/2019\/05\/56169816_678977049189562_841965825131806720_n-753x565.jpg 753w, https:\/\/semmelweis.hu\/hirek\/files\/2019\/05\/56169816_678977049189562_841965825131806720_n.jpg 1024w\" ><\/a><\/div>\r\n                    <\/span>\r\n                    <span class=\"gallery-item frame d-none d-md-flex\">\r\n\t\t\t\t\t<div class=\"galeria-small-img mt-0\"><a href=\"https:\/\/semmelweis.hu\/hirek\/files\/2019\/05\/11ma.jpg\"><img src=https:\/\/semmelweis.hu\/hirek\/files\/2019\/05\/11ma.jpg \r\n                                alt=\"\" \r\n                                class=\"attachment-sote-gallery-small size-sote-gallery-small\" \r\n                                srcset=\"https:\/\/semmelweis.hu\/hirek\/files\/2019\/05\/11ma-400x266.jpg 400w, https:\/\/semmelweis.hu\/hirek\/files\/2019\/05\/11ma-768x510.jpg 768w, https:\/\/semmelweis.hu\/hirek\/files\/2019\/05\/11ma-800x531.jpg 800w, https:\/\/semmelweis.hu\/hirek\/files\/2019\/05\/11ma-600x398.jpg 600w, https:\/\/semmelweis.hu\/hirek\/files\/2019\/05\/11ma-753x500.jpg 753w, https:\/\/semmelweis.hu\/hirek\/files\/2019\/05\/11ma-203x135.jpg 203w, https:\/\/semmelweis.hu\/hirek\/files\/2019\/05\/11ma.jpg 1024w\" ><\/a><\/div>\r\n                    <\/span>\r\n\r\n                <\/div>\r\n\r\n            <\/div>\r\n\r\n            <span class=\"gallery-item\"><div class=\"hidden\"><a href=\"https:\/\/semmelweis.hu\/hirek\/files\/2019\/05\/22ma.jpg\">\r\n        <img src=https:\/\/semmelweis.hu\/hirek\/files\/2019\/05\/22ma.jpg alt=\"\" class=\"attachment-sote-gallery-big size-sote-gallery-big\" srcset=\"https:\/\/semmelweis.hu\/hirek\/files\/2019\/05\/22ma-266x400.jpg 266w, https:\/\/semmelweis.hu\/hirek\/files\/2019\/05\/22ma-398x600.jpg 398w, https:\/\/semmelweis.hu\/hirek\/files\/2019\/05\/22ma-600x904.jpg 600w, https:\/\/semmelweis.hu\/hirek\/files\/2019\/05\/22ma.jpg 680w\" >\r\n        <\/a><\/div><\/span>\r\n            <\/div>\r\n\r\n            [\/slb_exclude]\r\n\t\n<p>&#8222;Karrierem kezdet\u00e9n volt szerencs\u00e9m m\u00e9g egy\u00fctt dolgozni H\u00e1ri M\u00e1ria doktorn\u0151vel, akinek a lehetetlent nem ismer\u0151 szem\u00e9lyis\u00e9g\u00e9r\u0151l legend\u00e1k keringenek. Ezt magam is al\u00e1 tudom t\u00e1masztani: H\u00e1ri doktorn\u0151 akkoriban A kondukt\u00edv pedag\u00f3gia t\u00f6rt\u00e9nete c. k\u00f6nyv\u00e9n dolgozott \u00e9s el\u00e9gedetlen volt az egyik illusztr\u00e1ci\u00f3val, a Pestalozzi-ambulanci\u00e1r\u00f3l k\u00e9sz\u00fclt k\u00e9ppel, ahol Pet\u0151 Andr\u00e1s lefektette a kondukt\u00edv nevel\u00e9s alapjait. Mag\u00e1hoz h\u00edvatott \u00e9s k\u00f6z\u00f6lte, hogy egy\u00fctt elmegy\u00fcnk az \u00e9p\u00fclethez, amelyr\u0151l k\u00e9peket kell k\u00e9sz\u00edtenem. \u00cdgy is t\u00f6rt\u00e9nt, csakhogy az \u00e9p\u00fclet az \u00e9ppen bont\u00e1s alatt \u00e1ll\u00f3 Magyar Optikai M\u0171vek (MOM) ter\u00fclet\u00e9n volt. Az id\u0151s, t\u00f6r\u00e9keny doktorn\u0151 b\u00e1rmif\u00e9le enged\u00e9ly n\u00e9lk\u00fcl, ellentmond\u00e1st nem t\u0171rve t\u00f6rt \u00e1t a munkag\u00e9pek, fel\u00fcgyel\u0151k, az \u00e9ppen bont\u00e1s alatt \u00e1ll\u00f3 \u00e9p\u00fcletek k\u00f6z\u00f6tt, majd r\u00e1mutatott egy viszonylag \u00e9p \u00e9p\u00fcletre: Azt k\u00e9rem lefot\u00f3zni!&#8221; &#8211; mes\u00e9li, feleleven\u00edtve egyik kedves eml\u00e9k\u00e9t.<\/p>\n<p>Kedvencei azok a helyek a karon, ahol a gyerekek, a fejleszt\u00e9sek f\u00e1radalmait kipihenve, egy kicsit felszabadulhatnak, k\u00f6z\u00fcl\u00fck is els\u0151sorban a PAK Gyakorl\u00f3 \u00d3vod\u00e1j\u00e1nak kertje. &#8222;Nagyon j\u00f3 k\u00e9peket lehet csin\u00e1lni ilyenkor r\u00f3luk, kij\u00f6n bel\u0151l\u00fck a zsiv\u00e1ny&#8221; &#8211; teszi hozz\u00e1 mosolyogva.<\/p>\n<p>Tatai Bal\u00e1zs eredeti feladata az volt, hogy a gyermekek k\u00f3rlapj\u00e1n a felv\u00e9teli \u00e9s az elbocs\u00e1t\u00e1si st\u00e1tuszdokument\u00e1ci\u00f3kat fot\u00f3kkal t\u00e1massza al\u00e1. M\u00e1ra feladatai kib\u0151v\u00fcltek, a fot\u00f3riportok, a rendezv\u00e9nyfot\u00f3z\u00e1s mellett grafikai feladatokat is ell\u00e1t, valamint az Informatikai Igazgat\u00f3s\u00e1g munkat\u00e1rsak\u00e9nt kari sz\u00e1m\u00edt\u00e1stechnikai \u00e9s t\u00e1mogat\u00f3i feladatokat is v\u00e9gez. C\u00e9ljai k\u00f6z\u00f6tt szerepel egy k\u00fcl\u00f6nb\u00f6z\u0151 szempontok szerint kereshet\u0151 digit\u00e1lis arch\u00edvum l\u00e9trehoz\u00e1sa \u00e9s az is, hogy mindig jobb \u00e9s jobb f\u00e9nyk\u00e9peket k\u00e9sz\u00edthessen.<\/p>\n<p>Vona Zs\u00f3fia<br \/>\nFot\u00f3: Tatai Bal\u00e1zs \u00e9s Vona Zs\u00f3fia &#8211; Semmelweis Egyetem<\/p>\n<p><span style=\"font-size: 14pt\"><em><span style=\"line-height: 107%;font-family: 'Times New Roman', serif\">Cikksorozatunkban egyetemi polg\u00e1rokat k\u00e9r\u00fcnk arra, hogy mutass\u00e1k meg a kedvenc egyetemi helysz\u00edn\u00fcket. Az alap\u00edt\u00e1s 250. jubileuma alkalm\u00e1b\u00f3l ind\u00edtott sorozat tov\u00e1bbi r\u00e9szei megtekinthet\u0151k a <a href=\"https:\/\/semmelweis.hu\/250\/\" target=\"_blank\" rel=\"noopener noreferrer\">Semmelweis 250 honlapon<\/a>.<\/span><\/em><\/span><\/p>\n","protected":false},"excerpt":{"rendered":"<p>Sokr\u00e9t\u0171 feladatai k\u00f6z\u00fcl sz\u00e1m\u00e1ra a legkedvesebb, ha \u00f6nfeledten j\u00e1tsz\u00f3 gyerekeket fot\u00f3zhat a PAK \u00f3vodakertj\u00e9ben.<\/p>\n","protected":false},"author":101255,"featured_media":83837,"comment_status":"closed","ping_status":"closed","sticky":false,"template":"","format":"standard","meta":{"_acf_changed":false,"footnotes":""},"categories":[157,168],"tags":[4221,4237,4218],"class_list":["post-83835","post","type-post","status-publish","format-standard","has-post-thumbnail","hentry","category-semmelweis-vilag","category-kiemelt","tag-az-en-egyetemem","tag-jubileumi-cikksorozat","tag-semmelweis-250"],"acf":[],"_links":{"self":[{"href":"https:\/\/semmelweis.hu\/hirek\/wp-json\/wp\/v2\/posts\/83835","targetHints":{"allow":["GET"]}}],"collection":[{"href":"https:\/\/semmelweis.hu\/hirek\/wp-json\/wp\/v2\/posts"}],"about":[{"href":"https:\/\/semmelweis.hu\/hirek\/wp-json\/wp\/v2\/types\/post"}],"author":[{"embeddable":true,"href":"https:\/\/semmelweis.hu\/hirek\/wp-json\/wp\/v2\/users\/101255"}],"replies":[{"embeddable":true,"href":"https:\/\/semmelweis.hu\/hirek\/wp-json\/wp\/v2\/comments?post=83835"}],"version-history":[{"count":10,"href":"https:\/\/semmelweis.hu\/hirek\/wp-json\/wp\/v2\/posts\/83835\/revisions"}],"predecessor-version":[{"id":85959,"href":"https:\/\/semmelweis.hu\/hirek\/wp-json\/wp\/v2\/posts\/83835\/revisions\/85959"}],"wp:featuredmedia":[{"embeddable":true,"href":"https:\/\/semmelweis.hu\/hirek\/wp-json\/wp\/v2\/media\/83837"}],"wp:attachment":[{"href":"https:\/\/semmelweis.hu\/hirek\/wp-json\/wp\/v2\/media?parent=83835"}],"wp:term":[{"taxonomy":"category","embeddable":true,"href":"https:\/\/semmelweis.hu\/hirek\/wp-json\/wp\/v2\/categories?post=83835"},{"taxonomy":"post_tag","embeddable":true,"href":"https:\/\/semmelweis.hu\/hirek\/wp-json\/wp\/v2\/tags?post=83835"}],"curies":[{"name":"wp","href":"https:\/\/api.w.org\/{rel}","templated":true}]}}