{"id":83772,"date":"2019-04-05T11:00:08","date_gmt":"2019-04-05T09:00:08","guid":{"rendered":"http:\/\/semmelweis.hu\/hirek\/?p=83772"},"modified":"2019-04-05T11:00:08","modified_gmt":"2019-04-05T09:00:08","slug":"gasztroenterologiai-es-hepatologiai-kutatasok-a-6-kiemelt-aok-kutatocsoportok-foruman","status":"publish","type":"post","link":"https:\/\/semmelweis.hu\/hirek\/2019\/04\/05\/gasztroenterologiai-es-hepatologiai-kutatasok-a-6-kiemelt-aok-kutatocsoportok-foruman\/","title":{"rendered":"Gasztroenterol\u00f3giai \u00e9s hepatol\u00f3giai kutat\u00e1sok a 6. Kiemelt \u00c1OK Kutat\u00f3csoportok F\u00f3rum\u00e1n"},"content":{"rendered":"<p class=\"lead\">12 gasztroenterol\u00f3gia \u00e9s hepatol\u00f3gia ter\u00fclet\u00e9n dolgoz\u00f3 klinikus, illetve int\u00e9zetben dolgoz\u00f3 kutat\u00f3 ismertette munk\u00e1j\u00e1t a hatodik alkalommal megrendezett Kiemelt \u00c1OK Kutat\u00f3csoportok F\u00f3rum\u00e1n.<\/p>\n<p>A r\u00e9sztvev\u0151ket dr. Ferdinandy P\u00e9ter tudom\u00e1nyos \u00e9s innov\u00e1ci\u00f3s rektorhelyettes k\u00f6sz\u00f6nt\u00f6tte, aki hangs\u00falyozta: a rendezv\u00e9ny c\u00e9lja, hogy az elm\u00e9leti \u00e9s a klinikus kutat\u00f3k jobban r\u00e1l\u00e1ssanak egym\u00e1s munk\u00e1j\u00e1ra, k\u00f6z\u00f6s projektek, transzl\u00e1ci\u00f3s kutat\u00f3csoportok j\u00f6jjenek l\u00e9tre.<\/p>\n<p>Dr. Hunyady L\u00e1szl\u00f3, az \u00c1OK d\u00e9k\u00e1nja ismertette egyebek mellett a kar TOP 200-as projektj\u00e9t is, amelynek egyik elemek\u00e9nt fogalmazt\u00e1k meg a tudom\u00e1nyos teljes\u00edtm\u00e9ny \u00e9s az adatszolg\u00e1ltat\u00e1s n\u00f6vel\u00e9s\u00e9t, de a klinikai kutat\u00e1s \u00e9s az elm\u00e9leti int\u00e9zetekben foly\u00f3 alapkutat\u00e1s k\u00f6zti szinergi\u00e1k kihaszn\u00e1l\u00e1sa is kiemelt szerepet kapott.<\/p>\n<p>Dr. Tam\u00e1s L\u00e1szl\u00f3, a F\u00fcl-Orr-G\u00e9g\u00e9szeti \u00e9s Fej-Nyakseb\u00e9szeti Klinika igazgat\u00f3ja, a f\u00f3rum f\u0151szervez\u0151je kiemelte: a rendezv\u00e9ny egy multidiszciplin\u00e1ris \u00e1ttekint\u00e9st ad mind a klinikusoknak mind pedig a kutat\u00f3knak, ismertetve a leg\u00fajabb, naprak\u00e9sz kutat\u00e1si eredm\u00e9nyeket is. A f\u00f3rum alapkoncepci\u00f3ja, hogy mindenki bemutatja, milyen eszk\u00f6z\u00f6k, metodik\u00e1k, \u201ebeteganyag\u201d \u00e1ll rendelkez\u00e9sre, milyen kutat\u00e1sok, alkutat\u00e1sok folynak. Ez\u00e1ltal az elm\u00e9leti \u00e9s a klinikus kutat\u00f3k jobban r\u00e1l\u00e1tnak egym\u00e1s munk\u00e1j\u00e1ra \u00e9s \u00faj k\u00f6z\u00f6s projektek j\u00f6hetnek l\u00e9tre \u2013 ismertette.<\/p>\n<p>Ezt k\u00f6vet\u0151en az egyetem 12, gasztroenterol\u00f3gia \u00e9s hepatol\u00f3gia ter\u00fclet\u00e9n tev\u00e9kenyked\u0151 kutat\u00f3csoportja mutatta be munk\u00e1j\u00e1t r\u00f6vid prezent\u00e1ci\u00f3val, amelyek \u2013 <span style=\"font-size: 1rem\">az eddigi tov\u00e1bbi \u00f6t f\u00f3rum anyagaival egy\u00fctt \u2013\u00a0<\/span><a href=\"https:\/\/semmelweis.hu\/aok\/tudomany-es-kutatas-a-karon\/kiemelt-transzlacios-kutatocsoportok-foruma\/\" target=\"_blank\" rel=\"noopener noreferrer\">el\u00e9rhet\u0151ek az \u00c1OK honlapj\u00e1n<\/a><span style=\"font-size: 1rem\">, az egyetemi bels\u0151 h\u00e1l\u00f3zatb\u00f3l.<\/span><\/p>\n<p>B\u00f3di Bernadett<br \/>\nFot\u00f3: Semmelweis Egyetem<\/p>\n","protected":false},"excerpt":{"rendered":"<p>12 gasztroenterol\u00f3gia \u00e9s hepatol\u00f3gia ter\u00fclet\u00e9n dolgoz\u00f3 klinikus, illetve int\u00e9zetben dolgoz\u00f3 kutat\u00f3 ismertette munk\u00e1j\u00e1t.<\/p>\n","protected":false},"author":101282,"featured_media":83788,"comment_status":"closed","ping_status":"closed","sticky":false,"template":"","format":"standard","meta":{"_acf_changed":false,"footnotes":""},"categories":[161],"tags":[],"class_list":["post-83772","post","type-post","status-publish","format-standard","has-post-thumbnail","hentry","category-tudomany"],"acf":[],"_links":{"self":[{"href":"https:\/\/semmelweis.hu\/hirek\/wp-json\/wp\/v2\/posts\/83772","targetHints":{"allow":["GET"]}}],"collection":[{"href":"https:\/\/semmelweis.hu\/hirek\/wp-json\/wp\/v2\/posts"}],"about":[{"href":"https:\/\/semmelweis.hu\/hirek\/wp-json\/wp\/v2\/types\/post"}],"author":[{"embeddable":true,"href":"https:\/\/semmelweis.hu\/hirek\/wp-json\/wp\/v2\/users\/101282"}],"replies":[{"embeddable":true,"href":"https:\/\/semmelweis.hu\/hirek\/wp-json\/wp\/v2\/comments?post=83772"}],"version-history":[{"count":6,"href":"https:\/\/semmelweis.hu\/hirek\/wp-json\/wp\/v2\/posts\/83772\/revisions"}],"predecessor-version":[{"id":83787,"href":"https:\/\/semmelweis.hu\/hirek\/wp-json\/wp\/v2\/posts\/83772\/revisions\/83787"}],"wp:featuredmedia":[{"embeddable":true,"href":"https:\/\/semmelweis.hu\/hirek\/wp-json\/wp\/v2\/media\/83788"}],"wp:attachment":[{"href":"https:\/\/semmelweis.hu\/hirek\/wp-json\/wp\/v2\/media?parent=83772"}],"wp:term":[{"taxonomy":"category","embeddable":true,"href":"https:\/\/semmelweis.hu\/hirek\/wp-json\/wp\/v2\/categories?post=83772"},{"taxonomy":"post_tag","embeddable":true,"href":"https:\/\/semmelweis.hu\/hirek\/wp-json\/wp\/v2\/tags?post=83772"}],"curies":[{"name":"wp","href":"https:\/\/api.w.org\/{rel}","templated":true}]}}