{"id":83610,"date":"2020-01-09T13:32:09","date_gmt":"2020-01-09T12:32:09","guid":{"rendered":"http:\/\/semmelweis.hu\/hirek\/?p=83610"},"modified":"2020-01-09T13:55:01","modified_gmt":"2020-01-09T12:55:01","slug":"az-en-egyetemem-a-tarnoki-ikrek-es-az-orvosi-kepalkoto-klinika-konyvtara","status":"publish","type":"post","link":"https:\/\/semmelweis.hu\/hirek\/2020\/01\/09\/az-en-egyetemem-a-tarnoki-ikrek-es-az-orvosi-kepalkoto-klinika-konyvtara\/","title":{"rendered":"Az \u00e9n egyetemem \u2013 A T\u00e1rnoki ikrek \u00e9s az Orvosi K\u00e9palkot\u00f3 Klinika k\u00f6nyvt\u00e1ra"},"content":{"rendered":"<p>Az Orvosi K\u00e9palkot\u00f3 Klinika k\u00f6nyvt\u00e1ra t\u00f6bb szempontb\u00f3l is meghat\u00e1roz\u00f3 hely dr. T\u00e1rnoki \u00c1d\u00e1m \u00e9s dr. T\u00e1rnoki D\u00e1vid \u00e9let\u00e9ben. A klinika adjunktusai felid\u00e9zt\u00e9k, hogy medikus korukban az els\u0151 radiol\u00f3giai gyakorlatukat ebben a k\u00f6nyvt\u00e1rban t\u00f6lt\u00f6tt\u00e9k, ami t\u00f6bb \u00e9vtizeddel ezel\u0151tt is hasonl\u00f3k\u00e9ppen n\u00e9zett ki, \u00e9s m\u00e1r akkor is volt egyfajta egyedi mili\u0151je \u2013 v\u00e9lekedtek. Egyetemi \u00e9veik alatt sok id\u0151t t\u00f6lt\u00f6ttek itt, akkor m\u00e9g diavet\u00edt\u0151n \u00e9lvezhett\u00e9k a gyakorlatokat \u2013 id\u00e9zte fel \u00c1d\u00e1m. PhD-h\u00e1ziv\u00e9d\u00e9s\u00fck is ide kapcsol\u00f3dik, ami szint\u00e9n kedves eml\u00e9k sz\u00e1mukra. \u201eJ\u00f3 \u00e9rz\u00e9ssel t\u00f6lt el, hogy egykor mi is innen indultunk, m\u00e1ra pedig a mentor\u00e1ltjaink folytatj\u00e1k itt p\u00e1lyafut\u00e1sukat\u201d \u2013 fogalmazott \u00c1d\u00e1m. A k\u00f6nyvt\u00e1r ma is fontos r\u00e9sze \u00e9let\u00fcknek, minden reggel itt kezd\u0151dik a refer\u00e1l\u00e1sokkal, \u00e9rdekes esetek bemutat\u00e1s\u00e1val. \u201eEz egy j\u00f3 tal\u00e1lkoz\u00e1si pont, ahol reggelente lehet\u0151s\u00e9g van a munkakezd\u00e9s el\u0151tt besz\u00e9lgetni\u201d \u2013 mondt\u00e1k.<\/p>\n\r\n        [slb_exclude]\r\n        <div class=\"row galeria-wrapper mx-0 h-auto\">\r\n            <div class=\"col-9 pl-0 pr-2\">\r\n            <span class=\"gallery-item frame\">\r\n\t\t\t\t<div class=\"galeria-left-img\"><a href=\"https:\/\/semmelweis.hu\/hirek\/files\/2019\/03\/RS91627_IMG_0837-scr.jpg\"><img src=https:\/\/semmelweis.hu\/hirek\/files\/2019\/03\/RS91627_IMG_0837-scr.jpg  \r\n                            alt=\"\" \r\n                            class=\"attachment-sote-gallery-big size-sote-gallery-big\" \r\n                            srcset=\"https:\/\/semmelweis.hu\/hirek\/files\/2019\/03\/RS91627_IMG_0837-scr-400x242.jpg 400w, https:\/\/semmelweis.hu\/hirek\/files\/2019\/03\/RS91627_IMG_0837-scr-768x464.jpg 768w, https:\/\/semmelweis.hu\/hirek\/files\/2019\/03\/RS91627_IMG_0837-scr-800x483.jpg 800w, https:\/\/semmelweis.hu\/hirek\/files\/2019\/03\/RS91627_IMG_0837-scr-600x363.jpg 600w, https:\/\/semmelweis.hu\/hirek\/files\/2019\/03\/RS91627_IMG_0837-scr-753x455.jpg 753w, https:\/\/semmelweis.hu\/hirek\/files\/2019\/03\/RS91627_IMG_0837-scr.jpg 950w\" ><\/a><\/div>\r\n            <\/span>\r\n\r\n            <\/div>\r\n\r\n\t\t\t<div class=\"col-3 pl-0 pr-0\">\r\n\t\t\t\t<div class=\"galeria-right-img d-flex justify-content-between flex-column h-100 w-100 px-0 mx-0 \">\r\n                <div class=\"galeria-box\">\r\n\t\t\t\t\t<h3 class=\"galeria-title\">Gal\u00e9ria<\/h3>\r\n\t\t\t\t\t<div class=\"galeria-subtitle\">\r\n\r\n\t\t\t\t\t\t<div class=\"galeria-page-counter\"><span>5<\/span>k\u00e9p<\/div>\r\n                    <\/div> <\/div>\r\n                    <span class=\"gallery-item frame d-none d-md-flex\">\r\n\t\t\t\t\t<div class=\"galeria-small-img mt-0\"><a href=\"https:\/\/semmelweis.hu\/hirek\/files\/2019\/03\/RS91619_IMG_0868-scr.jpg\"><img src=https:\/\/semmelweis.hu\/hirek\/files\/2019\/03\/RS91619_IMG_0868-scr.jpg \r\n                                alt=\"\"  \r\n                                class=\"attachment-sote-gallery-small size-sote-gallery-small\" \r\n                                srcset=\"https:\/\/semmelweis.hu\/hirek\/files\/2019\/03\/RS91619_IMG_0868-scr-400x267.jpg 400w, https:\/\/semmelweis.hu\/hirek\/files\/2019\/03\/RS91619_IMG_0868-scr-768x512.jpg 768w, https:\/\/semmelweis.hu\/hirek\/files\/2019\/03\/RS91619_IMG_0868-scr-800x533.jpg 800w, https:\/\/semmelweis.hu\/hirek\/files\/2019\/03\/RS91619_IMG_0868-scr-600x400.jpg 600w, https:\/\/semmelweis.hu\/hirek\/files\/2019\/03\/RS91619_IMG_0868-scr-753x502.jpg 753w, https:\/\/semmelweis.hu\/hirek\/files\/2019\/03\/RS91619_IMG_0868-scr-203x135.jpg 203w, https:\/\/semmelweis.hu\/hirek\/files\/2019\/03\/RS91619_IMG_0868-scr.jpg 950w\" ><\/a><\/div>\r\n                    <\/span>\r\n                    <span class=\"gallery-item frame d-none d-md-flex\">\r\n\t\t\t\t\t<div class=\"galeria-small-img mt-0\"><a href=\"https:\/\/semmelweis.hu\/hirek\/files\/2019\/03\/RS91611_IMG_0913-scr.jpg\"><img src=https:\/\/semmelweis.hu\/hirek\/files\/2019\/03\/RS91611_IMG_0913-scr.jpg \r\n                                alt=\"\" \r\n                                class=\"attachment-sote-gallery-small size-sote-gallery-small\" \r\n                                srcset=\"https:\/\/semmelweis.hu\/hirek\/files\/2019\/03\/RS91611_IMG_0913-scr-400x258.jpg 400w, https:\/\/semmelweis.hu\/hirek\/files\/2019\/03\/RS91611_IMG_0913-scr-768x496.jpg 768w, https:\/\/semmelweis.hu\/hirek\/files\/2019\/03\/RS91611_IMG_0913-scr-800x516.jpg 800w, https:\/\/semmelweis.hu\/hirek\/files\/2019\/03\/RS91611_IMG_0913-scr-600x387.jpg 600w, https:\/\/semmelweis.hu\/hirek\/files\/2019\/03\/RS91611_IMG_0913-scr-753x486.jpg 753w, https:\/\/semmelweis.hu\/hirek\/files\/2019\/03\/RS91611_IMG_0913-scr.jpg 950w\" ><\/a><\/div>\r\n                    <\/span>\r\n\r\n                <\/div>\r\n\r\n            <\/div>\r\n\r\n            <span class=\"gallery-item\"><div class=\"hidden\"><a href=\"https:\/\/semmelweis.hu\/hirek\/files\/2019\/03\/RS91647_IMG_0744-scr.jpg\">\r\n        <img src=https:\/\/semmelweis.hu\/hirek\/files\/2019\/03\/RS91647_IMG_0744-scr.jpg alt=\"\" class=\"attachment-sote-gallery-big size-sote-gallery-big\" srcset=\"https:\/\/semmelweis.hu\/hirek\/files\/2019\/03\/RS91647_IMG_0744-scr-267x400.jpg 267w, https:\/\/semmelweis.hu\/hirek\/files\/2019\/03\/RS91647_IMG_0744-scr-400x600.jpg 400w, https:\/\/semmelweis.hu\/hirek\/files\/2019\/03\/RS91647_IMG_0744-scr.jpg 500w\" >\r\n        <\/a><\/div><\/span><span class=\"gallery-item\"><div class=\"hidden\"><a href=\"https:\/\/semmelweis.hu\/hirek\/files\/2019\/03\/RS91650_IMG_0734-scr.jpg\">\r\n        <img src=https:\/\/semmelweis.hu\/hirek\/files\/2019\/03\/RS91650_IMG_0734-scr.jpg alt=\"\" class=\"attachment-sote-gallery-big size-sote-gallery-big\" srcset=\"https:\/\/semmelweis.hu\/hirek\/files\/2019\/03\/RS91650_IMG_0734-scr-400x267.jpg 400w, https:\/\/semmelweis.hu\/hirek\/files\/2019\/03\/RS91650_IMG_0734-scr-768x512.jpg 768w, https:\/\/semmelweis.hu\/hirek\/files\/2019\/03\/RS91650_IMG_0734-scr-800x533.jpg 800w, https:\/\/semmelweis.hu\/hirek\/files\/2019\/03\/RS91650_IMG_0734-scr-600x400.jpg 600w, https:\/\/semmelweis.hu\/hirek\/files\/2019\/03\/RS91650_IMG_0734-scr-753x502.jpg 753w, https:\/\/semmelweis.hu\/hirek\/files\/2019\/03\/RS91650_IMG_0734-scr-203x135.jpg 203w, https:\/\/semmelweis.hu\/hirek\/files\/2019\/03\/RS91650_IMG_0734-scr.jpg 950w\" >\r\n        <\/a><\/div><\/span>\r\n            <\/div>\r\n\r\n            [\/slb_exclude]\r\n\t\n<p>A hely m\u00e1sik \u00e9rdekess\u00e9ge, hogy egy r\u00f6ntgen m\u00fazeum is tal\u00e1lhat\u00f3 a k\u00f6nyvt\u00e1r el\u0151ter\u00e9ben, ahol a r\u00f6ntgencs\u00f6vek technikai \u00faj\u00edt\u00e1sait ismerhetik meg a hallgat\u00f3k. A t\u00f6bbi k\u00f6z\u00f6tt p\u00e9ld\u00e1ul kat\u00f3dokat \u00e9s an\u00f3dokat az 1920-30-as \u00e9vekb\u0151l. A technika az\u00f3ta sokat v\u00e1ltozott, film helyett m\u00e1r digit\u00e1lis felv\u00e9telek k\u00e9sz\u00fclnek, ma m\u00e1r kisebb cs\u00f6veket haszn\u00e1lnak \u00e9s kevesebb r\u00f6ntgensug\u00e1rral is jobb k\u00e9p k\u00e9sz\u00edthet\u0151 \u2013 ismertett\u00e9k. Dr. T\u00e1rnoki D\u00e1vid szem\u00e9lyes kedvence az a r\u00e9gi \u201ekincseket\u201d rejt\u0151 szekr\u00e9ny, amiben a t\u00f6bbi k\u00f6z\u00f6tt r\u00e9gi, demonstr\u00e1ci\u00f3 c\u00e9lj\u00e1b\u00f3l f\u00e9lretett kontrasztanyagokat t\u00e1rolnak, ezeken szokta bemutatni a hallgat\u00f3knak, hogyan k\u00e9sz\u00fcltek r\u00e9gen a kontrasztanyagos r\u00f6ntgen vizsg\u00e1latok \u2013 mes\u00e9lte.<\/p>\n<p>Dr. T\u00e1rnoki \u00c1d\u00e1m \u00e9s dr. T\u00e1rnoki D\u00e1vid t\u00f6bb mint t\u00edz \u00e9ve dolgozik a klinik\u00e1n. \u00c1d\u00e1m a n\u00e9met, D\u00e1vid pedig az angol tanulm\u00e1nyi felel\u0151s, emellett TDK \u00e9s PhD-hallgat\u00f3k felk\u00e9sz\u00edt\u00e9s\u00e9vel is foglalkoznak, valamint PhD-kurzusokat tartanak. R\u00e9szt vesznek a kutat\u00e1sban is: jelenleg egy popul\u00e1ci\u00f3 alap\u00fa ikerregisztert \u00e9p\u00edtenek ki, ahol az orsz\u00e1g \u00f6sszes ikerp\u00e1rj\u00e1t \u00f6sszegy\u0171jtik \u00e9s k\u00fcl\u00f6nb\u00f6z\u0151 \u2013 t\u00f6bbek k\u00f6z\u00f6tt epigenetikai, illetve mikrobiom \u2013 vizsg\u00e1latokat v\u00e9geznek.<\/p>\n<p>B\u00f3di Bernadett<br \/>\nFot\u00f3: Kov\u00e1cs Attila &#8211; Semmelweis Egyetem<\/p>\n","protected":false},"excerpt":{"rendered":"<p>A Radiol\u00f3giai Klinika k\u00f6nyvt\u00e1ra t\u00f6bb szempontb\u00f3l is meghat\u00e1roz\u00f3 hely sz\u00e1mukra.<\/p>\n","protected":false},"author":101282,"featured_media":83614,"comment_status":"closed","ping_status":"closed","sticky":false,"template":"","format":"standard","meta":{"_acf_changed":false,"footnotes":""},"categories":[157,168],"tags":[4221,4237,4218],"class_list":["post-83610","post","type-post","status-publish","format-standard","has-post-thumbnail","hentry","category-semmelweis-vilag","category-kiemelt","tag-az-en-egyetemem","tag-jubileumi-cikksorozat","tag-semmelweis-250"],"acf":[],"_links":{"self":[{"href":"https:\/\/semmelweis.hu\/hirek\/wp-json\/wp\/v2\/posts\/83610","targetHints":{"allow":["GET"]}}],"collection":[{"href":"https:\/\/semmelweis.hu\/hirek\/wp-json\/wp\/v2\/posts"}],"about":[{"href":"https:\/\/semmelweis.hu\/hirek\/wp-json\/wp\/v2\/types\/post"}],"author":[{"embeddable":true,"href":"https:\/\/semmelweis.hu\/hirek\/wp-json\/wp\/v2\/users\/101282"}],"replies":[{"embeddable":true,"href":"https:\/\/semmelweis.hu\/hirek\/wp-json\/wp\/v2\/comments?post=83610"}],"version-history":[{"count":10,"href":"https:\/\/semmelweis.hu\/hirek\/wp-json\/wp\/v2\/posts\/83610\/revisions"}],"predecessor-version":[{"id":93473,"href":"https:\/\/semmelweis.hu\/hirek\/wp-json\/wp\/v2\/posts\/83610\/revisions\/93473"}],"wp:featuredmedia":[{"embeddable":true,"href":"https:\/\/semmelweis.hu\/hirek\/wp-json\/wp\/v2\/media\/83614"}],"wp:attachment":[{"href":"https:\/\/semmelweis.hu\/hirek\/wp-json\/wp\/v2\/media?parent=83610"}],"wp:term":[{"taxonomy":"category","embeddable":true,"href":"https:\/\/semmelweis.hu\/hirek\/wp-json\/wp\/v2\/categories?post=83610"},{"taxonomy":"post_tag","embeddable":true,"href":"https:\/\/semmelweis.hu\/hirek\/wp-json\/wp\/v2\/tags?post=83610"}],"curies":[{"name":"wp","href":"https:\/\/api.w.org\/{rel}","templated":true}]}}