{"id":83377,"date":"2019-03-25T14:52:50","date_gmt":"2019-03-25T13:52:50","guid":{"rendered":"http:\/\/semmelweis.hu\/hirek\/?p=83377"},"modified":"2019-03-25T17:47:44","modified_gmt":"2019-03-25T16:47:44","slug":"egeszsegipari-biotechnologiai-tudasparkot-hoz-letre-harom-egyetem-jozsefvarosban","status":"publish","type":"post","link":"https:\/\/semmelweis.hu\/hirek\/2019\/03\/25\/egeszsegipari-biotechnologiai-tudasparkot-hoz-letre-harom-egyetem-jozsefvarosban\/","title":{"rendered":"Eg\u00e9szs\u00e9gipari-Biotechnol\u00f3giai Tud\u00e1sparkot hoz l\u00e9tre h\u00e1rom egyetem J\u00f3zsefv\u00e1rosban"},"content":{"rendered":"<p class=\"lead\">Egy k\u00f6z\u00f6s Eg\u00e9szs\u00e9gipari-Biotechnol\u00f3giai Science Park l\u00e9trehoz\u00e1s\u00e1r\u00f3l \u00edrt al\u00e1 sz\u00e1nd\u00e9knyilatkozatot a Semmelweis Egyetem, a P\u00e1zm\u00e1ny P\u00e9ter Katolikus Egyetem, a Nemzeti K\u00f6zszolg\u00e1lati Egyetem, valamint J\u00f3zsefv\u00e1ros \u00d6nkorm\u00e1nyzata. A Semmelweis Egyetem szen\u00e1tusi term\u00e9ben tartott sajt\u00f3nyilv\u00e1nos esem\u00e9nyen a felek mindegyike t\u00f6rt\u00e9nelmi pillanatnak nevezte az al\u00e1\u00edr\u00e1st, amely \u00faj korszakot nyit meg, er\u0151s\u00edti egyebek mellett az eg\u00e9szs\u00e9gbiztons\u00e1got \u00e9s az innov\u00e1ci\u00f3t. A Science Parkban az eg\u00e9szs\u00e9gipar \u00e9s a biotechnol\u00f3gia ter\u00fclet\u00e9t \u00e9rint\u0151 kutat\u00e1si, fejleszt\u00e9si \u00e9s innov\u00e1ci\u00f3s tev\u00e9kenys\u00e9g val\u00f3sul majd meg.<\/p>\n<p>A szen\u00e1tusi teremben tartott \u00fcnnep\u00e9lyes al\u00e1\u00edr\u00e1son dr. Ferdinandy P\u00e9ter tudom\u00e1nyos \u00e9s innov\u00e1ci\u00f3s rektorhelyettes k\u00f6sz\u00f6nt\u00f6tte a r\u00e9sztvev\u0151ket. Dr. Merkely B\u00e9la, a Semmelweis Egyetem rektora t\u00f6rt\u00e9nelmi, ipar- \u00e9s tudom\u00e1nyt\u00f6rt\u00e9neti pillanatnak nevezte az al\u00e1\u00edr\u00e1st, amely \u00faj korszakot nyit meg nemcsak az \u00e9rintett egyetemek, de a magyar tudom\u00e1ny \u00e9s fels\u0151oktat\u00e1s t\u00f6rt\u00e9net\u00e9ben is.<\/p>\n<p><a href=\"https:\/\/semmelweis.hu\/hirek\/files\/2019\/03\/RS91333_IMG_3864-scr.jpg\"><img loading=\"lazy\" decoding=\"async\" class=\"alignleft size-medium wp-image-83385\" src=\"https:\/\/semmelweis.hu\/hirek\/files\/2019\/03\/RS91333_IMG_3864-scr-267x400.jpg\" alt=\"\" width=\"267\" height=\"400\" srcset=\"https:\/\/semmelweis.hu\/hirek\/files\/2019\/03\/RS91333_IMG_3864-scr-267x400.jpg 267w, https:\/\/semmelweis.hu\/hirek\/files\/2019\/03\/RS91333_IMG_3864-scr-400x600.jpg 400w, https:\/\/semmelweis.hu\/hirek\/files\/2019\/03\/RS91333_IMG_3864-scr.jpg 500w\" sizes=\"auto, (max-width: 267px) 100vw, 267px\" \/><\/a>Magyarorsz\u00e1g h\u00e1rom, m\u00e1s-m\u00e1s ter\u00fcleten kiemelked\u0151 egyeteme abb\u00f3l a c\u00e9lb\u00f3l k\u00f6t strat\u00e9giai egy\u00fcttm\u0171k\u00f6d\u00e9st, hogy egy olyan eg\u00e9szs\u00e9gipari-biotechnol\u00f3giai Tud\u00e1sparkot hozzanak l\u00e9tre J\u00f3zsefv\u00e1rosban, ami meghat\u00e1roz\u00f3 szerepet v\u00e1llal a mindennapi gy\u00f3gy\u00edt\u00e1sban, betegell\u00e1t\u00e1sban is gyorsan hasznos\u00edthat\u00f3 kutat\u00e1sok, tud\u00e1sanyag meg\u00faj\u00edt\u00e1s\u00e1ban \u2013 r\u00e9szletezte dr. Merkely B\u00e9la. A Science Park c\u00e9lja az is, hogy szoros, de egyben rugalmas egy\u00fcttm\u0171k\u00f6d\u00e9st alak\u00edtson ki az eg\u00e9szs\u00e9gipari, gy\u00f3gyszeripari, orvostechnikai \u00e9s biotechnol\u00f3giai piaci szerepl\u0151kkel, valamint a kutat\u00e1s, fejleszt\u00e9s \u00e9s innov\u00e1ci\u00f3 ter\u00e9n kiemelten t\u00e1mogassa a nemzetstrat\u00e9giai szempontb\u00f3l fontos hazai eg\u00e9szs\u00e9gipari, gy\u00f3gyszeripari, biotechnol\u00f3giai szektor \u00e9s az \u00e9rintett egyetemek egy\u00fcttm\u0171k\u00f6d\u00e9s\u00e9t.<\/p>\n<p>A rektor utalt arra, hogy a Science Park l\u00e9trehoz\u00e1s\u00e1ra ir\u00e1nyul\u00f3 t\u00f6rekv\u00e9s\u00fck egybev\u00e1g a fels\u0151oktat\u00e1s versenyk\u00e9pess\u00e9g\u00e9nek n\u00f6vel\u00e9s\u00e9t, a kutat\u00e1s-fejleszt\u00e9s-innov\u00e1ci\u00f3 meg\u00faj\u00edt\u00e1s\u00e1t eredm\u00e9nyez\u0151 korm\u00e1nyzati c\u00e9llal, amit tartalmaz egyebek mellett a m\u00e1rcius 8-\u00e1n megjelent, \u201eAz orsz\u00e1gos Tudom\u00e1nyos \u00e9s Innov\u00e1ci\u00f3s, Technol\u00f3giai, illetve Ipari Park h\u00e1l\u00f3zat ki\u00e9p\u00edt\u00e9s\u00e9nek koncepci\u00f3j\u00e1r\u00f3l\u201d sz\u00f3l\u00f3 korm\u00e1nyhat\u00e1rozat is.<\/p>\n<p>Dr. Merkely B\u00e9la sz\u00f3lt arr\u00f3l is, hogy a fels\u0151oktat\u00e1si int\u00e9zm\u00e9nyeknek alkalmazkodniuk kell a gyorsan v\u00e1ltoz\u00f3 vil\u00e1ghoz, a dinamikusan \u00e1talakul\u00f3 t\u00e1rsadalmi, eg\u00e9szs\u00e9g\u00fcgyi \u00e9s gazdas\u00e1gi ig\u00e9nyekhez, ha meg akarnak felelni az \u00faj kih\u00edv\u00e1soknak, \u00e9s a legjobb orvosokat \u00e9s szakembereket szeretn\u00e9k k\u00e9pezni. A XXI. sz\u00e1zad kih\u00edv\u00e1sa megk\u00f6veteli az egyetemek vezet\u0151it\u0151l, hogy int\u00e9zm\u00e9nyeiket k\u00f6zel\u00edts\u00e9k az iparhoz, a piac gazdas\u00e1gi ig\u00e9nyeihez, egyre sz\u00e9lesebb k\u00f6r\u0171 ipari egy\u00fcttm\u0171k\u00f6d\u00e9seket alak\u00edtsanak ki \u2013 jelentette ki dr. Merkely B\u00e9la.\u00a0<\/p>\n<p><a href=\"https:\/\/semmelweis.hu\/hirek\/files\/2019\/03\/RS91323_IMG_3927-scr.jpg\"><img loading=\"lazy\" decoding=\"async\" class=\"alignleft size-medium wp-image-83382\" src=\"https:\/\/semmelweis.hu\/hirek\/files\/2019\/03\/RS91323_IMG_3927-scr-286x400.jpg\" alt=\"\" width=\"286\" height=\"400\" srcset=\"https:\/\/semmelweis.hu\/hirek\/files\/2019\/03\/RS91323_IMG_3927-scr-286x400.jpg 286w, https:\/\/semmelweis.hu\/hirek\/files\/2019\/03\/RS91323_IMG_3927-scr-430x600.jpg 430w, https:\/\/semmelweis.hu\/hirek\/files\/2019\/03\/RS91323_IMG_3927-scr.jpg 537w\" sizes=\"auto, (max-width: 286px) 100vw, 286px\" \/><\/a>Dr. Szuromi Szabolcs, a P\u00e1zm\u00e1ny P\u00e9ter Katolikus Egyetem (PPKE) rektora hangs\u00falyozta: az eg\u00e9szs\u00e9ges t\u00e1rsadalom el\u0151mozd\u00edt\u00e1s\u00e1t is t\u00e1mogatja ez az egy\u00fcttm\u0171k\u00f6d\u00e9s. A PPKE sz\u00e1mos ter\u00fclet \u2013 \u00edgy az inform\u00e1ci\u00f3s \u00e9s bionikai kutat\u00e1sok \u2013 mellett k\u00fcl\u00f6n\u00f6sen az etikai vonatkoz\u00e1s\u00e1t k\u00edv\u00e1nja er\u0151s\u00edteni a parknak. A biotechnol\u00f3gia, mesters\u00e9ges intelligencia, robotika ter\u00fclet\u00e9n ugyanis olyan \u00faj megold\u00e1sok sz\u00fcletnek napjainkban, amelyek komoly, jogi k\u00f6vetkezm\u00e9nyekkel \u00e9s t\u00e1rsadalmi hat\u00e1sokkal j\u00e1r\u00f3 etikai k\u00e9rd\u00e9seket is felvetnek \u2013 mutatott r\u00e1. Dr. Szuromi Szabolcs kiemelte azt is, hogy ezek a kutat\u00e1si ter\u00fcletek fel\u00edvel\u0151ben vannak nemzetk\u00f6zi szinten, \u00edgy hatalmas lehet\u0151s\u00e9get jelent, hogy Magyarorsz\u00e1g a Tud\u00e1spark l\u00e9trehoz\u00e1s\u00e1val be tud kapcsol\u00f3dni ezekbe a folyamatokba. Az pedig hatalmas hozz\u00e1adott \u00e9rt\u00e9ket ad, hogy a szerepl\u0151k nem egym\u00e1s mellett, hanem egym\u00e1ssal k\u00f6z\u00f6sen tev\u00e9kenykednek \u2013 emelte ki. A PPKE rektora szint\u00e9n t\u00f6rt\u00e9nelminek nevezte a pillanatot, mint mondta, a h\u00e1rom egyetem saj\u00e1tos specifikumai olyan \u00faj lehet\u0151s\u00e9geket biztos\u00edtanak a korm\u00e1nyprogram teljes\u00edt\u00e9s\u00e9nek r\u00e9szek\u00e9nt, amelyek a magyar fels\u0151oktat\u00e1s sz\u00e1m\u00e1ra is komoly kit\u00f6r\u00e9si pontot jelentenek.<\/p>\n\r\n        [slb_exclude]\r\n        <div class=\"row galeria-wrapper mx-0 h-auto\">\r\n            <div class=\"col-9 pl-0 pr-2\">\r\n            <span class=\"gallery-item frame\">\r\n\t\t\t\t<div class=\"galeria-left-img\"><a href=\"https:\/\/semmelweis.hu\/hirek\/files\/2019\/03\/RS91307_IMG_4032-scr.jpg\"><img src=https:\/\/semmelweis.hu\/hirek\/files\/2019\/03\/RS91307_IMG_4032-scr.jpg  \r\n                            alt=\"\" \r\n                            class=\"attachment-sote-gallery-big size-sote-gallery-big\" \r\n                            srcset=\"https:\/\/semmelweis.hu\/hirek\/files\/2019\/03\/RS91307_IMG_4032-scr-400x267.jpg 400w, https:\/\/semmelweis.hu\/hirek\/files\/2019\/03\/RS91307_IMG_4032-scr-768x512.jpg 768w, https:\/\/semmelweis.hu\/hirek\/files\/2019\/03\/RS91307_IMG_4032-scr-800x533.jpg 800w, https:\/\/semmelweis.hu\/hirek\/files\/2019\/03\/RS91307_IMG_4032-scr-600x400.jpg 600w, https:\/\/semmelweis.hu\/hirek\/files\/2019\/03\/RS91307_IMG_4032-scr-753x502.jpg 753w, https:\/\/semmelweis.hu\/hirek\/files\/2019\/03\/RS91307_IMG_4032-scr-203x135.jpg 203w, https:\/\/semmelweis.hu\/hirek\/files\/2019\/03\/RS91307_IMG_4032-scr.jpg 950w\" ><\/a><\/div>\r\n            <\/span>\r\n\r\n            <\/div>\r\n\r\n\t\t\t<div class=\"col-3 pl-0 pr-0\">\r\n\t\t\t\t<div class=\"galeria-right-img d-flex justify-content-between flex-column h-100 w-100 px-0 mx-0 \">\r\n                <div class=\"galeria-box\">\r\n\t\t\t\t\t<h3 class=\"galeria-title\">Gal\u00e9ria<\/h3>\r\n\t\t\t\t\t<div class=\"galeria-subtitle\">\r\n\r\n\t\t\t\t\t\t<div class=\"galeria-page-counter\"><span>7<\/span>k\u00e9p<\/div>\r\n                    <\/div> <\/div>\r\n                    <span class=\"gallery-item frame d-none d-md-flex\">\r\n\t\t\t\t\t<div class=\"galeria-small-img mt-0\"><a href=\"https:\/\/semmelweis.hu\/hirek\/files\/2019\/03\/RS91302_IMG_4061-scr.jpg\"><img src=https:\/\/semmelweis.hu\/hirek\/files\/2019\/03\/RS91302_IMG_4061-scr.jpg \r\n                                alt=\"\"  \r\n                                class=\"attachment-sote-gallery-small size-sote-gallery-small\" \r\n                                srcset=\"https:\/\/semmelweis.hu\/hirek\/files\/2019\/03\/RS91302_IMG_4061-scr-400x245.jpg 400w, https:\/\/semmelweis.hu\/hirek\/files\/2019\/03\/RS91302_IMG_4061-scr-768x470.jpg 768w, https:\/\/semmelweis.hu\/hirek\/files\/2019\/03\/RS91302_IMG_4061-scr-800x489.jpg 800w, https:\/\/semmelweis.hu\/hirek\/files\/2019\/03\/RS91302_IMG_4061-scr-600x367.jpg 600w, https:\/\/semmelweis.hu\/hirek\/files\/2019\/03\/RS91302_IMG_4061-scr-753x461.jpg 753w, https:\/\/semmelweis.hu\/hirek\/files\/2019\/03\/RS91302_IMG_4061-scr-620x380.jpg 620w, https:\/\/semmelweis.hu\/hirek\/files\/2019\/03\/RS91302_IMG_4061-scr.jpg 950w\" ><\/a><\/div>\r\n                    <\/span>\r\n                    <span class=\"gallery-item frame d-none d-md-flex\">\r\n\t\t\t\t\t<div class=\"galeria-small-img mt-0\"><a href=\"https:\/\/semmelweis.hu\/hirek\/files\/2019\/03\/RS91306_IMG_4039-scr.jpg\"><img src=https:\/\/semmelweis.hu\/hirek\/files\/2019\/03\/RS91306_IMG_4039-scr.jpg \r\n                                alt=\"\" \r\n                                class=\"attachment-sote-gallery-small size-sote-gallery-small\" \r\n                                srcset=\"https:\/\/semmelweis.hu\/hirek\/files\/2019\/03\/RS91306_IMG_4039-scr-400x267.jpg 400w, https:\/\/semmelweis.hu\/hirek\/files\/2019\/03\/RS91306_IMG_4039-scr-768x512.jpg 768w, https:\/\/semmelweis.hu\/hirek\/files\/2019\/03\/RS91306_IMG_4039-scr-800x533.jpg 800w, https:\/\/semmelweis.hu\/hirek\/files\/2019\/03\/RS91306_IMG_4039-scr-600x400.jpg 600w, https:\/\/semmelweis.hu\/hirek\/files\/2019\/03\/RS91306_IMG_4039-scr-753x502.jpg 753w, https:\/\/semmelweis.hu\/hirek\/files\/2019\/03\/RS91306_IMG_4039-scr-203x135.jpg 203w, https:\/\/semmelweis.hu\/hirek\/files\/2019\/03\/RS91306_IMG_4039-scr.jpg 950w\" ><\/a><\/div>\r\n                    <\/span>\r\n\r\n                <\/div>\r\n\r\n            <\/div>\r\n\r\n            <span class=\"gallery-item\"><div class=\"hidden\"><a href=\"https:\/\/semmelweis.hu\/hirek\/files\/2019\/03\/RS91329_IMG_3887-scr.jpg\">\r\n        <img src=https:\/\/semmelweis.hu\/hirek\/files\/2019\/03\/RS91329_IMG_3887-scr.jpg alt=\"\" class=\"attachment-sote-gallery-big size-sote-gallery-big\" srcset=\"https:\/\/semmelweis.hu\/hirek\/files\/2019\/03\/RS91329_IMG_3887-scr-400x253.jpg 400w, https:\/\/semmelweis.hu\/hirek\/files\/2019\/03\/RS91329_IMG_3887-scr-768x486.jpg 768w, https:\/\/semmelweis.hu\/hirek\/files\/2019\/03\/RS91329_IMG_3887-scr-800x506.jpg 800w, https:\/\/semmelweis.hu\/hirek\/files\/2019\/03\/RS91329_IMG_3887-scr-600x380.jpg 600w, https:\/\/semmelweis.hu\/hirek\/files\/2019\/03\/RS91329_IMG_3887-scr-753x476.jpg 753w, https:\/\/semmelweis.hu\/hirek\/files\/2019\/03\/RS91329_IMG_3887-scr.jpg 950w\" >\r\n        <\/a><\/div><\/span><span class=\"gallery-item\"><div class=\"hidden\"><a href=\"https:\/\/semmelweis.hu\/hirek\/files\/2019\/03\/RS91326_IMG_3896-scr.jpg\">\r\n        <img src=https:\/\/semmelweis.hu\/hirek\/files\/2019\/03\/RS91326_IMG_3896-scr.jpg alt=\"\" class=\"attachment-sote-gallery-big size-sote-gallery-big\" srcset=\"https:\/\/semmelweis.hu\/hirek\/files\/2019\/03\/RS91326_IMG_3896-scr-400x267.jpg 400w, https:\/\/semmelweis.hu\/hirek\/files\/2019\/03\/RS91326_IMG_3896-scr-768x512.jpg 768w, https:\/\/semmelweis.hu\/hirek\/files\/2019\/03\/RS91326_IMG_3896-scr-800x533.jpg 800w, https:\/\/semmelweis.hu\/hirek\/files\/2019\/03\/RS91326_IMG_3896-scr-600x400.jpg 600w, https:\/\/semmelweis.hu\/hirek\/files\/2019\/03\/RS91326_IMG_3896-scr-753x502.jpg 753w, https:\/\/semmelweis.hu\/hirek\/files\/2019\/03\/RS91326_IMG_3896-scr-203x135.jpg 203w, https:\/\/semmelweis.hu\/hirek\/files\/2019\/03\/RS91326_IMG_3896-scr.jpg 950w\" >\r\n        <\/a><\/div><\/span><span class=\"gallery-item\"><div class=\"hidden\"><a href=\"https:\/\/semmelweis.hu\/hirek\/files\/2019\/03\/RS91335_IMG_3855-scr.jpg\">\r\n        <img src=https:\/\/semmelweis.hu\/hirek\/files\/2019\/03\/RS91335_IMG_3855-scr.jpg alt=\"\" class=\"attachment-sote-gallery-big size-sote-gallery-big\" srcset=\"https:\/\/semmelweis.hu\/hirek\/files\/2019\/03\/RS91335_IMG_3855-scr-267x400.jpg 267w, https:\/\/semmelweis.hu\/hirek\/files\/2019\/03\/RS91335_IMG_3855-scr-400x600.jpg 400w, https:\/\/semmelweis.hu\/hirek\/files\/2019\/03\/RS91335_IMG_3855-scr.jpg 500w\" >\r\n        <\/a><\/div><\/span><span class=\"gallery-item\"><div class=\"hidden\"><a href=\"https:\/\/semmelweis.hu\/hirek\/files\/2019\/03\/RS91318_IMG_3965-scr.jpg\">\r\n        <img src=https:\/\/semmelweis.hu\/hirek\/files\/2019\/03\/RS91318_IMG_3965-scr.jpg alt=\"\" class=\"attachment-sote-gallery-big size-sote-gallery-big\" srcset=\"https:\/\/semmelweis.hu\/hirek\/files\/2019\/03\/RS91318_IMG_3965-scr-267x400.jpg 267w, https:\/\/semmelweis.hu\/hirek\/files\/2019\/03\/RS91318_IMG_3965-scr-400x600.jpg 400w, https:\/\/semmelweis.hu\/hirek\/files\/2019\/03\/RS91318_IMG_3965-scr.jpg 500w\" >\r\n        <\/a><\/div><\/span>\r\n            <\/div>\r\n\r\n            [\/slb_exclude]\r\n\t\n<p>Dr. Koltay Andr\u00e1s, a Nemzeti K\u00f6zszolg\u00e1lati Egyetem (NKE) rektora nagy megtiszteltet\u00e9snek nevezte, hogy az id\u00e9n 250 \u00e9ves Semmelweis Egyetem \u00e9s a hamarosan n\u00e9gysz\u00e1z \u00e9ves PPKE az NKE-t v\u00e1lasztotta partnerk\u00e9nt ehhez a projekthez. Mindent meg fognak tenni, hogy az \u00e1ltaluk k\u00e9pviselt specialit\u00e1sokat, oktatott tud\u00e1sanyagot, a k\u00f6zszolg\u00e1lati ig\u00e9nyeket artikul\u00e1lni tudj\u00e1k a projektben \u2013 fogalmazott.<\/p>\n<p><a href=\"https:\/\/semmelweis.hu\/hirek\/files\/2019\/03\/RS91314_IMG_3992-scr.jpg\"><img loading=\"lazy\" decoding=\"async\" class=\"alignleft size-medium wp-image-83389\" src=\"https:\/\/semmelweis.hu\/hirek\/files\/2019\/03\/RS91314_IMG_3992-scr-291x400.jpg\" alt=\"\" width=\"291\" height=\"400\" srcset=\"https:\/\/semmelweis.hu\/hirek\/files\/2019\/03\/RS91314_IMG_3992-scr-291x400.jpg 291w, https:\/\/semmelweis.hu\/hirek\/files\/2019\/03\/RS91314_IMG_3992-scr-436x600.jpg 436w, https:\/\/semmelweis.hu\/hirek\/files\/2019\/03\/RS91314_IMG_3992-scr.jpg 545w\" sizes=\"auto, (max-width: 291px) 100vw, 291px\" \/><\/a>Dr. S\u00e1ra Botond, J\u00f3zsefv\u00e1ros polg\u00e1rmestere hatalmas m\u00e9rf\u00f6ldk\u0151nek nevezte a Tud\u00e1spark\u00a0l\u00e9trehoz\u00e1s\u00e1t, nemcsak az oktat\u00e1s, de a v\u00e1ros \u00e9s az eg\u00e9sz orsz\u00e1g sz\u00e1m\u00e1ra is. A XXI. sz\u00e1zad J\u00f3zsefv\u00e1rosa sz\u00e1m\u00e1ra \u00f3ri\u00e1si b\u00fcszkes\u00e9g lesz a l\u00e9tes\u00edtm\u00e9ny, amely minden bizonnyal pozit\u00edv hat\u00e1st fog gyakorolni gazdas\u00e1gi, kereskedelmi, innov\u00e1ci\u00f3s szempontb\u00f3l egyar\u00e1nt. Sokat ad majd a v\u00e1llalkoz\u00e1soknak, az egyetemist\u00e1knak, a munkakeres\u0151knek \u00e9s term\u00e9szetesen az itt \u00e9l\u0151knek egyar\u00e1nt \u2013 mondta. A Science Parkhoz kapcsol\u00f3d\u00f3 tev\u00e9kenys\u00e9g n\u00f6veli az eg\u00e9szs\u00e9gbiztons\u00e1got, az innov\u00e1ci\u00f3t, \u00e9s fejleszti a tudom\u00e1nyos \u00e9letet. A j\u00f6v\u0151 az ilyen \u00e9s ehhez hasonl\u00f3 fejleszt\u00e9sekkel kezd\u0151dik \u2013 jelentette ki a polg\u00e1rmester, hozz\u00e1t\u00e9ve, hogy a fejleszt\u00e9s nemcsak a ker\u00fclet egyetemv\u00e1ros jelleg\u00e9t er\u0151s\u00edti, de eg\u00e9sz Magyarorsz\u00e1g sz\u00e1m\u00e1ra monument\u00e1lis jelent\u0151s\u00e9g\u0171.<\/p>\n<p>Az egyetemek \u00e9s az ipar, azon bel\u00fcl az eg\u00e9szs\u00e9gipar \u00e9s a biotechnol\u00f3gia hat\u00e1rter\u00fclet\u00e9n m\u0171k\u00f6d\u0151 Science Park l\u00e9trehoz\u00e1s\u00e1val az elk\u00f6vetkez\u0151 \u00e9vekben olyan fejleszt\u00e9sek v\u00e1rhat\u00f3k, melyek a mesters\u00e9ges intelligencia alkalmaz\u00e1s\u00e1val seg\u00edtik az egyes k\u00e9palkot\u00f3 diagnosztikai folyamatokat, jav\u00edtj\u00e1k az orvosi ell\u00e1t\u00e1s hat\u00e9konys\u00e1g\u00e1t, \u00faj lend\u00fcletet adnak a hazai bionikai, orvostechnol\u00f3giai \u00e9s gy\u00f3gyszeripari fejleszt\u00e9seknek, melynek l\u00e9nyege az \u00e9l\u0151 term\u00e9szet tud\u00e1sanyag\u00e1nak \u00e1t\u00fcltet\u00e9se a m\u0171szaki \u00e9s a haditechnikai gyakorlatba. Mindennek pedig elengedhetetlen r\u00e9sze az adatv\u00e9delem \u00e9s a bioterrorizmus elleni v\u00e9delem is. Mindezek mellett a Tud\u00e1spark seg\u00edti az egyetemi tud\u00e1sb\u00e1zison alapul\u00f3, kisebb, koncentr\u00e1lt, technol\u00f3gia-intenz\u00edv v\u00e1llalatok l\u00e9trej\u00f6tt\u00e9t. A sikeres innov\u00e1ci\u00f3s \u00f6kosziszt\u00e9ma \u00faj munkahelyeket teremtve t\u00e1mogatja a kis \u00e9s k\u00f6z\u00e9pv\u00e1llalkoz\u00e1sok, a nagyv\u00e1llalatok, valamint az egyetemek k\u00f6z\u00f6tti\u00a0 hat\u00e9kony tud\u00e1s- \u00e9s munkaer\u0151\u00e1raml\u00e1st.<\/p>\n<p>Az egy\u00fcttm\u0171k\u00f6d\u00e9si sz\u00e1nd\u00e9knyilatkozatot a h\u00e1rom egyetem rektora, dr. Merkely B\u00e9la, dr. Szuromi Szabolcs \u00e9s dr. Koltay Andr\u00e1s, valamint dr. S\u00e1ra Botond, J\u00f3zsefv\u00e1ros polg\u00e1rmestere \u00edrt\u00e1k al\u00e1.<\/p>\n<p>Dobozi P\u00e1lma<br \/>\nFot\u00f3: Kov\u00e1cs Attila &#8211; Semmelweis Egyetem<\/p>\n","protected":false},"excerpt":{"rendered":"<p>Az egy\u00fcttm\u0171k\u00f6d\u00e9si sz\u00e1nd\u00e9knyilatkozatot a Semmelweis, a PPKE, az NKE \u00e9s J\u00f3zsefv\u00e1ros \u00edrta al\u00e1. <\/p>\n","protected":false},"author":13,"featured_media":83393,"comment_status":"closed","ping_status":"closed","sticky":false,"template":"","format":"standard","meta":{"_acf_changed":false,"footnotes":""},"categories":[161,168],"tags":[188],"class_list":["post-83377","post","type-post","status-publish","format-standard","has-post-thumbnail","hentry","category-tudomany","category-kiemelt","tag-tudomanyos-hirek-rendezvenyek"],"acf":[],"_links":{"self":[{"href":"https:\/\/semmelweis.hu\/hirek\/wp-json\/wp\/v2\/posts\/83377","targetHints":{"allow":["GET"]}}],"collection":[{"href":"https:\/\/semmelweis.hu\/hirek\/wp-json\/wp\/v2\/posts"}],"about":[{"href":"https:\/\/semmelweis.hu\/hirek\/wp-json\/wp\/v2\/types\/post"}],"author":[{"embeddable":true,"href":"https:\/\/semmelweis.hu\/hirek\/wp-json\/wp\/v2\/users\/13"}],"replies":[{"embeddable":true,"href":"https:\/\/semmelweis.hu\/hirek\/wp-json\/wp\/v2\/comments?post=83377"}],"version-history":[{"count":7,"href":"https:\/\/semmelweis.hu\/hirek\/wp-json\/wp\/v2\/posts\/83377\/revisions"}],"predecessor-version":[{"id":83407,"href":"https:\/\/semmelweis.hu\/hirek\/wp-json\/wp\/v2\/posts\/83377\/revisions\/83407"}],"wp:featuredmedia":[{"embeddable":true,"href":"https:\/\/semmelweis.hu\/hirek\/wp-json\/wp\/v2\/media\/83393"}],"wp:attachment":[{"href":"https:\/\/semmelweis.hu\/hirek\/wp-json\/wp\/v2\/media?parent=83377"}],"wp:term":[{"taxonomy":"category","embeddable":true,"href":"https:\/\/semmelweis.hu\/hirek\/wp-json\/wp\/v2\/categories?post=83377"},{"taxonomy":"post_tag","embeddable":true,"href":"https:\/\/semmelweis.hu\/hirek\/wp-json\/wp\/v2\/tags?post=83377"}],"curies":[{"name":"wp","href":"https:\/\/api.w.org\/{rel}","templated":true}]}}