{"id":82179,"date":"2019-08-30T08:04:10","date_gmt":"2019-08-30T06:04:10","guid":{"rendered":"http:\/\/semmelweis.hu\/hirek\/?p=82179"},"modified":"2019-08-30T12:57:40","modified_gmt":"2019-08-30T10:57:40","slug":"az-en-egyetemem-dr-christos-chinopoulos-es-az-rppa-labor","status":"publish","type":"post","link":"https:\/\/semmelweis.hu\/hirek\/2019\/08\/30\/az-en-egyetemem-dr-christos-chinopoulos-es-az-rppa-labor\/","title":{"rendered":"Az \u00e9n egyetemem &#8211; dr. Christos Chinopoulos \u00e9s az RPPA labor"},"content":{"rendered":"<p class=\"Normal\">Dr. Christos Chinopoulosnak, az Orvosi Biok\u00e9miai Int\u00e9zet docens\u00e9nek kedvenc helye az egyetemen tulajdonk\u00e9ppen a munkahelye, azon bel\u00fcl pedig konkr\u00e9tan egy nem r\u00e9gen fel\u00e1ll\u00edtott \u00faj egys\u00e9g, az \u00fan. RPPA (reverse phase protein array; magyarul: ford\u00edtott f\u00e1zis\u00fa feh\u00e9rje array) l\u00e9tes\u00edtm\u00e9ny. Ez a korszer\u0171, speci\u00e1lis g\u00e9pekkel felszerelt laborat\u00f3rium kiemelked\u0151 jelent\u0151s\u00e9g\u0171 a r\u00e1kkal szemben v\u00edvott k\u00fczdelemben: az itt tal\u00e1lhat\u00f3 eszk\u00f6z\u00f6kkel mind\u00f6ssze n\u00e9h\u00e1ny nap alatt sz\u00f6vetmint\u00e1k ezrei vizsg\u00e1lhat\u00f3k meg, \u00e9s az itt v\u00e9gzett kutat\u00e1s hozz\u00e1j\u00e1rulhat a r\u00e1k \u00fajfajta kezel\u00e9si m\u00f3djainak a kidolgoz\u00e1s\u00e1hoz \u2013 mondta a docens.<\/p>\n<p class=\"Normal\"><a href=\"https:\/\/semmelweis.hu\/hirek\/files\/2019\/02\/RS87919_IMG_2420-scr-1.jpg\"><img loading=\"lazy\" decoding=\"async\" class=\"aligncenter wp-image-82428 size-full\" src=\"https:\/\/semmelweis.hu\/hirek\/files\/2019\/02\/RS87919_IMG_2420-scr-1.jpg\" alt=\"\" width=\"950\" height=\"633\" srcset=\"https:\/\/semmelweis.hu\/hirek\/files\/2019\/02\/RS87919_IMG_2420-scr-1.jpg 950w, https:\/\/semmelweis.hu\/hirek\/files\/2019\/02\/RS87919_IMG_2420-scr-1-400x267.jpg 400w, https:\/\/semmelweis.hu\/hirek\/files\/2019\/02\/RS87919_IMG_2420-scr-1-768x512.jpg 768w, https:\/\/semmelweis.hu\/hirek\/files\/2019\/02\/RS87919_IMG_2420-scr-1-800x533.jpg 800w, https:\/\/semmelweis.hu\/hirek\/files\/2019\/02\/RS87919_IMG_2420-scr-1-600x400.jpg 600w, https:\/\/semmelweis.hu\/hirek\/files\/2019\/02\/RS87919_IMG_2420-scr-1-753x502.jpg 753w, https:\/\/semmelweis.hu\/hirek\/files\/2019\/02\/RS87919_IMG_2420-scr-1-203x135.jpg 203w\" sizes=\"auto, (max-width: 950px) 100vw, 950px\" \/><\/a>Ez a l\u00e9tes\u00edtm\u00e9ny \u00e9vek \u00f3ta az \u00e1lmom volt, \u00e9s h\u00e1rom \u00e9vig tartott a folyamat, de amikor v\u00e9gre megkaptam a h\u00edrt, hogy megnyert\u00fck a p\u00e1ly\u00e1zatot, az egy nagyon boldog pillanat volt az \u00e9letemben \u2013 mondta, hozz\u00e1t\u00e9ve, hogy ez az els\u0151 ilyen labor K\u00f6z\u00e9p- \u00e9s Kelet-Eur\u00f3p\u00e1ban. \u201eAmikor meg\u00e9rkezem az \u00e9p\u00fcletbe, az els\u0151 utam mindig ide vezet, \u00e9s miel\u0151tt elmegyek szint\u00e9n mindig ben\u00e9zek, hogy minden rendben van-e\u201d \u2013 jegyezte meg.<\/p>\n<p class=\"Normal\"><a href=\"https:\/\/semmelweis.hu\/hirek\/files\/2019\/08\/RS87927_IMG_2448-scr.jpg\"><img loading=\"lazy\" decoding=\"async\" class=\"alignleft wp-image-88490\" src=\"https:\/\/semmelweis.hu\/hirek\/files\/2019\/08\/RS87927_IMG_2448-scr-267x400.jpg\" alt=\"\" width=\"200\" height=\"300\" srcset=\"https:\/\/semmelweis.hu\/hirek\/files\/2019\/08\/RS87927_IMG_2448-scr-267x400.jpg 267w, https:\/\/semmelweis.hu\/hirek\/files\/2019\/08\/RS87927_IMG_2448-scr.jpg 500w\" sizes=\"auto, (max-width: 200px) 100vw, 200px\" \/><\/a>Dr. Christos Chinopoulos G\u00f6r\u00f6gorsz\u00e1gban sz\u00fcletett, de 18 \u00e9vesen elhagyta haz\u00e1j\u00e1t \u00e9s 1991 \u00f3ta gyakorlatilag Magyarorsz\u00e1gon \u00e9l, ezt tekinti m\u00e1r az otthon\u00e1nak. B\u00e1r foly\u00e9konyan nem tud m\u00e9g magyarul, de a mindennapokban gond n\u00e9lk\u00fcl tudja haszn\u00e1lni a nyelvet. \u201eNincs igaz\u00e1n honv\u00e1gyam, s\u0151t, G\u00f6r\u00f6gorsz\u00e1gban ink\u00e1bb turist\u00e1nak \u00e9rzem m\u00e1r magam\u201d \u2013 tette hozz\u00e1. A docens az \u00c1ltal\u00e1nos Orvostudom\u00e1nyi Karon diplom\u00e1zott 1998-ban, PhD-fokozat\u00e1t 2002-ben szerezte meg \u00e9s n\u00e9h\u00e1ny \u00e9v k\u00fclf\u00f6ldi munka \u00e9s kutat\u00e1s ut\u00e1n, 2005 \u00f3ta az int\u00e9zet munkat\u00e1rsa. <a href=\"https:\/\/semmelweis.hu\/hirek\/2018\/11\/29\/atadtak-a-hugonnai-huzella-es-jendrassik-dijakat\/\" target=\"_blank\" rel=\"noopener noreferrer\">2018-ban munk\u00e1j\u00e1\u00e9rt az egyetem Huzella Tivadar Eml\u00e9k\u00e9remmel t\u00fcntette ki<\/a>.<\/p>\n<p class=\"Normal\">Deme Tam\u00e1s<br \/>\nFot\u00f3: Kov\u00e1cs Attila &#8211; Semmelweis Egyetem<\/p>\n","protected":false},"excerpt":{"rendered":"<p>A korszer\u0171, speci\u00e1lis g\u00e9pekkel felszerelt laborat\u00f3rium kiemelked\u0151 jelent\u0151s\u00e9g\u0171 a r\u00e1kkutat\u00e1sban.<\/p>\n","protected":false},"author":155,"featured_media":88489,"comment_status":"closed","ping_status":"closed","sticky":false,"template":"","format":"standard","meta":{"_acf_changed":false,"footnotes":""},"categories":[157,168],"tags":[4221,4237,4218],"class_list":["post-82179","post","type-post","status-publish","format-standard","has-post-thumbnail","hentry","category-semmelweis-vilag","category-kiemelt","tag-az-en-egyetemem","tag-jubileumi-cikksorozat","tag-semmelweis-250"],"acf":[],"_links":{"self":[{"href":"https:\/\/semmelweis.hu\/hirek\/wp-json\/wp\/v2\/posts\/82179","targetHints":{"allow":["GET"]}}],"collection":[{"href":"https:\/\/semmelweis.hu\/hirek\/wp-json\/wp\/v2\/posts"}],"about":[{"href":"https:\/\/semmelweis.hu\/hirek\/wp-json\/wp\/v2\/types\/post"}],"author":[{"embeddable":true,"href":"https:\/\/semmelweis.hu\/hirek\/wp-json\/wp\/v2\/users\/155"}],"replies":[{"embeddable":true,"href":"https:\/\/semmelweis.hu\/hirek\/wp-json\/wp\/v2\/comments?post=82179"}],"version-history":[{"count":10,"href":"https:\/\/semmelweis.hu\/hirek\/wp-json\/wp\/v2\/posts\/82179\/revisions"}],"predecessor-version":[{"id":82253,"href":"https:\/\/semmelweis.hu\/hirek\/wp-json\/wp\/v2\/posts\/82179\/revisions\/82253"}],"wp:featuredmedia":[{"embeddable":true,"href":"https:\/\/semmelweis.hu\/hirek\/wp-json\/wp\/v2\/media\/88489"}],"wp:attachment":[{"href":"https:\/\/semmelweis.hu\/hirek\/wp-json\/wp\/v2\/media?parent=82179"}],"wp:term":[{"taxonomy":"category","embeddable":true,"href":"https:\/\/semmelweis.hu\/hirek\/wp-json\/wp\/v2\/categories?post=82179"},{"taxonomy":"post_tag","embeddable":true,"href":"https:\/\/semmelweis.hu\/hirek\/wp-json\/wp\/v2\/tags?post=82179"}],"curies":[{"name":"wp","href":"https:\/\/api.w.org\/{rel}","templated":true}]}}