{"id":82113,"date":"2019-05-28T08:00:47","date_gmt":"2019-05-28T06:00:47","guid":{"rendered":"http:\/\/semmelweis.hu\/hirek\/?p=82113"},"modified":"2019-05-27T16:09:02","modified_gmt":"2019-05-27T14:09:02","slug":"az-en-egyetemem-kovacs-katalin-es-a-fok-dekani-hivatal-konyhaja","status":"publish","type":"post","link":"https:\/\/semmelweis.hu\/hirek\/2019\/05\/28\/az-en-egyetemem-kovacs-katalin-es-a-fok-dekani-hivatal-konyhaja\/","title":{"rendered":"Az \u00e9n egyetemem &#8211; Kov\u00e1cs Katalin \u00e9s a FOK D\u00e9k\u00e1ni Hivatal konyh\u00e1ja"},"content":{"rendered":"<p><a href=\"https:\/\/semmelweis.hu\/hirek\/files\/2019\/02\/RS93460_IMG_0480-scr.jpg\"><img loading=\"lazy\" decoding=\"async\" class=\"alignright size-large wp-image-85057\" src=\"https:\/\/semmelweis.hu\/hirek\/files\/2019\/02\/RS93460_IMG_0480-scr-400x600.jpg\" alt=\"\" width=\"400\" height=\"600\" srcset=\"https:\/\/semmelweis.hu\/hirek\/files\/2019\/02\/RS93460_IMG_0480-scr-400x600.jpg 400w, https:\/\/semmelweis.hu\/hirek\/files\/2019\/02\/RS93460_IMG_0480-scr-267x400.jpg 267w, https:\/\/semmelweis.hu\/hirek\/files\/2019\/02\/RS93460_IMG_0480-scr.jpg 500w\" sizes=\"auto, (max-width: 400px) 100vw, 400px\" \/><\/a>Kov\u00e1cs Katalin, a Fogorvostudom\u00e1nyi Kar D\u00e9k\u00e1ni Hivatal\u00e1nak titk\u00e1rs\u00e1gvezet\u0151je 1987 \u00f3ta dolgozik a Semmelweis Egyetemen. El\u0151sz\u00f6r a Gy\u00f3gyszer\u00e9sztudom\u00e1nyi Kar munkat\u00e1rsa volt, \u00e1m csaknem 20 \u00e9ve m\u00e1r a FOK D\u00e9k\u00e1ni Hivatal\u00e1nak titk\u00e1rs\u00e1gi feladatait l\u00e1tja el. Mint azt viccesen megjegyezte, az id\u0151 m\u00fal\u00e1s\u00e1t a d\u00e9k\u00e1nok sz\u00e1m\u00e1ban m\u00e9ri: jelenlegi vezet\u0151je a nyolcadik d\u00e9k\u00e1n, akinek a vezet\u00e9se alatt dolgozik. Elmond\u00e1sa szerint kedveli munk\u00e1ja soksz\u00edn\u0171s\u00e9get, a napi kih\u00edv\u00e1sokat. Hozz\u00e1tette, hogy szereti kontroll alatt tartani a munkafolyamatokat, k\u00ednosan \u00fcgyel p\u00e9ld\u00e1ul a hat\u00e1rid\u0151k betart\u00e1s\u00e1ra. A t\u00f6bb mint 30 \u00e9vre visszatekintve a legnagyobb neh\u00e9zs\u00e9gnek a pap\u00edr alap\u00fa \u00fcgyint\u00e9z\u00e9sr\u0151l az elektronikusra val\u00f3 \u00e1t\u00e1ll\u00e1st eml\u00edtette, mert \u00edgy \u2013 b\u00e1r sok szempontb\u00f3l lett egyszer\u0171bb a munka \u2013 egyre gyorsabban kell elv\u00e9gezni a feladatokat, r\u00f6vid\u00fclnek a hat\u00e1rid\u0151k.<\/p>\n<p>Hangs\u00falyozta, hogy az itt t\u00f6lt\u00f6tt id\u0151 alatt rengeteget tanult a fels\u0151oktat\u00e1sr\u00f3l \u00e9s az eg\u00e9szs\u00e9g\u00fcgyr\u0151l egyar\u00e1nt, \u00e9s nagyon sok olyan emberrel tal\u00e1lkozott vagy dolgozhatott egy\u00fctt, akiket nagyra becs\u00fcl. Term\u00e9szetesen bar\u00e1ts\u00e1gok is kialakultak az \u00e9vek sor\u00e1n \u2013 tette hozz\u00e1, \u00e9s elmondta, hogy egy igaz\u00e1n m\u00e9ly bar\u00e1ts\u00e1got is a munkahely\u00e9nek k\u00f6sz\u00f6nhet, ami\u00e9rt nagyon h\u00e1l\u00e1s. A titk\u00e1rs\u00e1gvezet\u0151 el\u00e1rulta, hogy \u2013 b\u00e1r ideje jelent\u0151s r\u00e9sz\u00e9t az asztal\u00e1n\u00e1l t\u00f6lti \u2013 a FOK D\u00e9k\u00e1ni Hivatal konyh\u00e1ja az\u00e9rt fontos helysz\u00edn sz\u00e1m\u00e1ra, mert itt az iroda munkat\u00e1rsai ak\u00e1r mindannyian egyszerre le tudnak \u00fclni. Ez\u00e9rt, ha tehetik, reggelente egy\u00fctt szoktak k\u00e1v\u00e9zni, ami sokat seg\u00edt a k\u00f6z\u00f6ss\u00e9g\u00e9p\u00edt\u00e9sben. Kov\u00e1cs Katalin szerint az, hogy a munkat\u00e1rsak j\u00f3 kapcsolatot \u00e1poljanak egym\u00e1ssal, ugyanannyira fontos, mint az, hogy szeress\u00e9k a munk\u00e1jukat.<\/p>\n<p>Keresztes Eszter<br \/>\nFot\u00f3: Kov\u00e1cs Attila &#8211; Semmelweis Egyetem<\/p>\n<p><em>Cikksorozatunkban egyetemi polg\u00e1rokat k\u00e9r\u00fcnk arra, hogy mutass\u00e1k meg a kedvenc egyetemi helysz\u00edn\u00fcket. Az alap\u00edt\u00e1s 250. jubileuma alkalm\u00e1b\u00f3l ind\u00edtott sorozat tov\u00e1bbi r\u00e9szei megtekinthet\u0151k a <a href=\"https:\/\/semmelweis.hu\/250\/\" target=\"_blank\" rel=\"noopener noreferrer\">Semmelweis 250 honlapon<\/a>.<\/em><\/p>\n","protected":false},"excerpt":{"rendered":"<p>A FOK D\u00e9k\u00e1ni Hivatal\u00e1nak titk\u00e1rs\u00e1gvezet\u0151je 1987 \u00f3ta dolgozik a Semmelweis Egyetemen.<\/p>\n","protected":false},"author":101132,"featured_media":85056,"comment_status":"closed","ping_status":"closed","sticky":false,"template":"","format":"standard","meta":{"_acf_changed":false,"footnotes":""},"categories":[157,168],"tags":[4221,4237,4218],"class_list":["post-82113","post","type-post","status-publish","format-standard","has-post-thumbnail","hentry","category-semmelweis-vilag","category-kiemelt","tag-az-en-egyetemem","tag-jubileumi-cikksorozat","tag-semmelweis-250"],"acf":[],"_links":{"self":[{"href":"https:\/\/semmelweis.hu\/hirek\/wp-json\/wp\/v2\/posts\/82113","targetHints":{"allow":["GET"]}}],"collection":[{"href":"https:\/\/semmelweis.hu\/hirek\/wp-json\/wp\/v2\/posts"}],"about":[{"href":"https:\/\/semmelweis.hu\/hirek\/wp-json\/wp\/v2\/types\/post"}],"author":[{"embeddable":true,"href":"https:\/\/semmelweis.hu\/hirek\/wp-json\/wp\/v2\/users\/101132"}],"replies":[{"embeddable":true,"href":"https:\/\/semmelweis.hu\/hirek\/wp-json\/wp\/v2\/comments?post=82113"}],"version-history":[{"count":6,"href":"https:\/\/semmelweis.hu\/hirek\/wp-json\/wp\/v2\/posts\/82113\/revisions"}],"predecessor-version":[{"id":85805,"href":"https:\/\/semmelweis.hu\/hirek\/wp-json\/wp\/v2\/posts\/82113\/revisions\/85805"}],"wp:featuredmedia":[{"embeddable":true,"href":"https:\/\/semmelweis.hu\/hirek\/wp-json\/wp\/v2\/media\/85056"}],"wp:attachment":[{"href":"https:\/\/semmelweis.hu\/hirek\/wp-json\/wp\/v2\/media?parent=82113"}],"wp:term":[{"taxonomy":"category","embeddable":true,"href":"https:\/\/semmelweis.hu\/hirek\/wp-json\/wp\/v2\/categories?post=82113"},{"taxonomy":"post_tag","embeddable":true,"href":"https:\/\/semmelweis.hu\/hirek\/wp-json\/wp\/v2\/tags?post=82113"}],"curies":[{"name":"wp","href":"https:\/\/api.w.org\/{rel}","templated":true}]}}