{"id":81146,"date":"2019-01-24T10:17:30","date_gmt":"2019-01-24T09:17:30","guid":{"rendered":"http:\/\/semmelweis.hu\/hirek\/?p=81146"},"modified":"2019-02-04T08:12:30","modified_gmt":"2019-02-04T07:12:30","slug":"influenza-ujabb-klinikakon-rendeltek-el-latogatasi-tilalmat","status":"publish","type":"post","link":"https:\/\/semmelweis.hu\/hirek\/2019\/01\/24\/influenza-ujabb-klinikakon-rendeltek-el-latogatasi-tilalmat\/","title":{"rendered":"Influenza &#8211; \u00dajabb klinik\u00e1kon rendeltek el l\u00e1togat\u00e1si tilalmat"},"content":{"rendered":"<p><strong>Influenzaj\u00e1rv\u00e1ny miatt szerd\u00e1t\u00f3l l\u00e1togat\u00e1si tilalmat rendeltek el a II. Sz. Belgy\u00f3gy\u00e1szati Klinik\u00e1n \u00e9s a II. Sz. Gyermekgy\u00f3gy\u00e1szati Klinik\u00e1n is, \u00edgy a Semmelweis Egyetem \u00f6sszesen nyolc klinik\u00e1j\u00e1n van teljes vagy r\u00e9szleges korl\u00e1toz\u00e1s. Mindez a bent fekv\u0151 p\u00e1ciensek v\u00e9delm\u00e9t szolg\u00e1lja, a kr\u00f3nikus betegs\u00e9gben szenved\u0151k legyeng\u00fclt immunrendszere ugyanis v\u00e9dtelenebb az influenzafert\u0151z\u00e9ssel szemben.<\/strong><\/p>\n<p><em>Friss\u00edt\u00e9s: 2019. janu\u00e1r 28-t\u00f3l a Sz\u00fcl\u00e9szeti \u00e9s N\u0151gy\u00f3gy\u00e1szati Klinika mindk\u00e9t telephely\u00e9n (\u00dcll\u0151i \u00fat, Baross utca) teljes k\u00f6r\u0171 l\u00e1togat\u00e1si tilalom van \u00e9rv\u00e9nyben.<\/em><\/p>\n<p>Az elm\u00falt napokban az influenzaj\u00e1rv\u00e1ny miatt l\u00e1togat\u00e1si tilalmat rendeltek el a\u00a0Pulmonol\u00f3giai Klinik\u00e1n, a\u00a0Transzplant\u00e1ci\u00f3s \u00e9s Seb\u00e9szeti Klinika \u00e9s az Onkol\u00f3giai K\u00f6zpont valamennyi fekv\u0151beteg oszt\u00e1ly\u00e1n, az I. Sz. Belgy\u00f3gy\u00e1szati Klinika hematol\u00f3giai \u00e9s nefrol\u00f3giai, valamint a V\u00e1rosmajori Sz\u00edv- \u00e9s \u00c9rgy\u00f3gy\u00e1szati Klinika intenz\u00edv r\u00e9szlegein. Korl\u00e1tozt\u00e1k a betegl\u00e1togat\u00e1st az I. Sz. Gyermekgy\u00f3gy\u00e1szati Klinik\u00e1n, az Intenz\u00edv \u00e9s Neonat\u00e1lis Intenz\u00edv Oszt\u00e1lyokon a betegeket az oszt\u00e1lyok l\u00e1togat\u00e1si rendje szerint kiz\u00e1r\u00f3lag a sz\u00fcl\u0151k l\u00e1togathatj\u00e1k, de szerd\u00e1t\u00f3l a II. Sz. Gyermekgy\u00f3gy\u00e1szati Klinik\u00e1n is csak a sz\u00fcl\u0151k tart\u00f3zkodhatnak a gyermekek mellett. A II. Sz. Belgy\u00f3gy\u00e1szati Klinika \u00f6sszes r\u00e9szleg\u00e9n szint\u00e9n szerd\u00e1t\u00f3l tilos l\u00e1togat\u00f3kat fogadni. A korl\u00e1toz\u00e1s az \u00e9rintett klinik\u00e1kon visszavon\u00e1sig \u00e9rv\u00e9nyes.<\/p>\n<p>Dr. Torzsa P\u00e9ter a Csal\u00e1dorvosi Tansz\u00e9k egyetemi docense elmondta, a l\u00e1togat\u00e1si tilalom a p\u00e1ciensek \u00e9rdek\u00e9t szolg\u00e1lja, a kr\u00f3nikus betegs\u00e9gben szenved\u0151k, k\u00fcl\u00f6n\u00f6sen a gyermekek \u00e9s az id\u0151sek immunrendszere ugyanis gyeng\u00e9bb, illetve az influenza k\u00f6vetkezt\u00e9ben az alapbetegs\u00e9g\u00fck t\u00fcnetei s\u00falyosbodhatnak, \u00e9s k\u00f6nnyebben kialakulhatnak a v\u00edrus okozta sz\u00f6v\u0151dm\u00e9nyek is.<\/p>\n<p>Az egyetemi docens hangs\u00falyozta, hogyha valaki elkapta az influenza fert\u0151z\u00e9st, akkor \u00e1tlagosan 4-5 napon \u00e1t tart\u00f3 magas l\u00e1zra, er\u0151s fejf\u00e1j\u00e1sra \u00e9s izomf\u00e1jdalmakra sz\u00e1m\u00edthat, a gy\u00f3gyul\u00e1s \u00e9s a sz\u00f6v\u0151dm\u00e9nyek elker\u00fcl\u00e9se \u00e9rdek\u00e9ben pedig mindenk\u00e9ppen fontos a pihen\u00e9s \u00e9s az \u00e1gynyugalom. A t\u00fcnetek rosszabbod\u00e1sa eset\u00e9n felt\u00e9tlen\u00fcl keress\u00e9k fel csal\u00e1dorvosukat k\u00fcl\u00f6n\u00f6sen azok, akik kr\u00f3nikus betegs\u00e9gben szenvednek. H\u00e1rom napon t\u00fal fenn\u00e1ll\u00f3 magas l\u00e1z, mellkasi f\u00e1jdalom, megv\u00e1ltozott tudat\u00e1llapot, a v\u00e9rnyom\u00e1s jelent\u0151s cs\u00f6kken\u00e9se, kifejezett neh\u00e9zl\u00e9gz\u00e9s, v\u00e9res vagy elsz\u00ednez\u0151d\u00f6tt k\u00f6pet eset\u00e9n szint\u00e9n k\u00e9rj\u00fcnk orvosi seg\u00edts\u00e9get.\u00a0<\/p>\n<p>Amennyiben m\u00e1r t\u00fal vagyunk az influenzafert\u0151z\u00e9sen, \u00e9rdemes t\u00e1pl\u00e1lkoz\u00e1ssal \u00e9s vitaminp\u00f3tl\u00e1ssal megt\u00e1mogatni a regener\u00e1l\u00f3d\u00e1st. A vitaminok k\u00f6z\u00fcl a B12-, az A-, C-, E- \u00e9s D-vitaminok fogyaszt\u00e1s\u00e1ra kell k\u00fcl\u00f6n\u00f6s gondot ford\u00edtani, ut\u00f3bbib\u00f3l 1000-2000 nemzetk\u00f6zi egys\u00e9get kellene fogyasztania minden magyarorsz\u00e1gi lakosnak. Az immunrendszer er\u0151s\u00edt\u00e9se szempontj\u00e1b\u00f3l elengedhetetlen a napi 7-8 \u00f3ra alv\u00e1s, valamint a napi 2-3 liter folyad\u00e9k elfogyaszt\u00e1sa is.<\/p>\n<p>Dr. Torzsa P\u00e9ter felh\u00edvta a figyelmet arra is, hogyha valaki 2-3 h\u00e9ttel a gy\u00f3gyul\u00e1s ut\u00e1n is levertnek, f\u00e1radtnak, gyeng\u00e9nek \u00e9rzi mag\u00e1t, mindenk\u00e9ppen forduljon orvoshoz, mert elk\u00e9pzelhet\u0151 hogy egy\u00e9b kr\u00f3nikus megbeteged\u00e9s (pl. v\u00e9rszeg\u00e9nys\u00e9g, pajzsmirigy betegs\u00e9g, cukorbetegs\u00e9g, depresszi\u00f3, alv\u00e1si apnoe) \u00e1ll a t\u00fcnetek h\u00e1tter\u00e9ben.<\/p>\n<p>Haszon-Nagy Zs\u00f3fia<br \/>\nFot\u00f3: Kov\u00e1cs Attila &#8211; Semmelweis Egyetem<\/p>\n","protected":false},"excerpt":{"rendered":"<p>\u00d6sszesen nyolc klinik\u00e1n van teljes vagy r\u00e9szleges korl\u00e1toz\u00e1s. <\/p>\n","protected":false},"author":101405,"featured_media":81147,"comment_status":"closed","ping_status":"closed","sticky":false,"template":"","format":"standard","meta":{"_acf_changed":false,"footnotes":""},"categories":[154,168],"tags":[],"class_list":["post-81146","post","type-post","status-publish","format-standard","has-post-thumbnail","hentry","category-egeszseg","category-kiemelt"],"acf":[],"_links":{"self":[{"href":"https:\/\/semmelweis.hu\/hirek\/wp-json\/wp\/v2\/posts\/81146","targetHints":{"allow":["GET"]}}],"collection":[{"href":"https:\/\/semmelweis.hu\/hirek\/wp-json\/wp\/v2\/posts"}],"about":[{"href":"https:\/\/semmelweis.hu\/hirek\/wp-json\/wp\/v2\/types\/post"}],"author":[{"embeddable":true,"href":"https:\/\/semmelweis.hu\/hirek\/wp-json\/wp\/v2\/users\/101405"}],"replies":[{"embeddable":true,"href":"https:\/\/semmelweis.hu\/hirek\/wp-json\/wp\/v2\/comments?post=81146"}],"version-history":[{"count":8,"href":"https:\/\/semmelweis.hu\/hirek\/wp-json\/wp\/v2\/posts\/81146\/revisions"}],"predecessor-version":[{"id":81276,"href":"https:\/\/semmelweis.hu\/hirek\/wp-json\/wp\/v2\/posts\/81146\/revisions\/81276"}],"wp:featuredmedia":[{"embeddable":true,"href":"https:\/\/semmelweis.hu\/hirek\/wp-json\/wp\/v2\/media\/81147"}],"wp:attachment":[{"href":"https:\/\/semmelweis.hu\/hirek\/wp-json\/wp\/v2\/media?parent=81146"}],"wp:term":[{"taxonomy":"category","embeddable":true,"href":"https:\/\/semmelweis.hu\/hirek\/wp-json\/wp\/v2\/categories?post=81146"},{"taxonomy":"post_tag","embeddable":true,"href":"https:\/\/semmelweis.hu\/hirek\/wp-json\/wp\/v2\/tags?post=81146"}],"curies":[{"name":"wp","href":"https:\/\/api.w.org\/{rel}","templated":true}]}}