{"id":80836,"date":"2019-01-14T15:08:09","date_gmt":"2019-01-14T14:08:09","guid":{"rendered":"http:\/\/semmelweis.hu\/hirek\/?p=80836"},"modified":"2019-01-29T10:15:49","modified_gmt":"2019-01-29T09:15:49","slug":"latogatasi-tilalmat-rendeltek-el-az-egyetem-tobb-klinikajan","status":"publish","type":"post","link":"https:\/\/semmelweis.hu\/hirek\/2019\/01\/14\/latogatasi-tilalmat-rendeltek-el-az-egyetem-tobb-klinikajan\/","title":{"rendered":"L\u00e1togat\u00e1si tilalmat rendeltek el az egyetem t\u00f6bb klinik\u00e1j\u00e1n"},"content":{"rendered":"<p><em>Friss\u00edtve (2019. 01. 29.)<\/em><\/p>\n<p>2019. janu\u00e1r 28-t\u00f3l a a Sz\u00fcl\u00e9szeti \u00e9s N\u0151gy\u00f3gy\u00e1szati Klinika mindk\u00e9t telephely\u00e9n (Baross utca, \u00dcll\u0151i \u00fat) teljes k\u00f6r\u0171 l\u00e1togat\u00e1si tilalom van \u00e9rv\u00e9nyben.<\/p>\n<p>L\u00e1togat\u00e1si tilalmat rendeltek el a Semmelweis Egyetem II. Sz. Belgy\u00f3gy\u00e1szati Klinik\u00e1j\u00e1n, illetve a II. Sz. Gyermekgy\u00f3gy\u00e1szati Klinik\u00e1n is janu\u00e1r 23-t\u00f3l visszavon\u00e1sig. A II. Sz. Gyermekgy\u00f3gy\u00e1szati Klinik\u00e1n egy gyerek mellett csak egy sz\u00fcl\u0151 tart\u00f3zkodhat, egy\u00e9b l\u00e1togat\u00f3t nem fogadhatnak.<\/p>\n<p>Tov\u00e1bbra is l\u00e1togat\u00e1si tilalom van az I. Sz. Gyermekgy\u00f3gy\u00e1szati Klinik\u00e1n, ahol az Intenz\u00edv \u00e9s Neonat\u00e1lis Intenz\u00edv oszt\u00e1lyokon a betegeket az oszt\u00e1lyok l\u00e1togat\u00e1si rendje szerint kiz\u00e1r\u00f3lag a sz\u00fcl\u0151k l\u00e1togathatj\u00e1k. A klinika t\u00f6bbi oszt\u00e1ly\u00e1n a beteg gyermek mellett csak egy sz\u00fcl\u0151 (vagy nagysz\u00fcl\u0151) tart\u00f3zkodhat. M\u00e1s l\u00e1togat\u00f3kra a teljes k\u00f6r\u0171 l\u00e1togat\u00e1si tilalom \u00e9rv\u00e9nyes.<\/p>\n<p>Ugyancsak l\u00e1togat\u00e1si tilalom van a\u00a0Pulmonol\u00f3giai Klinik\u00e1n, valamint a\u00a0Transzplant\u00e1ci\u00f3s \u00e9s Seb\u00e9szeti Klinika \u00e9s az Onkol\u00f3giai K\u00f6zpont valamennyi fekv\u0151beteg oszt\u00e1ly\u00e1n.<\/p>\n<p>Influenzaj\u00e1rv\u00e1ny miatt m\u00e1r kor\u00e1bban l\u00e1togat\u00e1si tilalmat rendeltek el a Semmelweis Egyetem I. Sz. Belgy\u00f3gy\u00e1szati Klinik\u00e1j\u00e1nak Hematol\u00f3giai \u00e9s Nefrol\u00f3giai R\u00e9szlegein, valamint a V\u00e1rosmajori Sz\u00edv- \u00e9s \u00c9rgy\u00f3gy\u00e1szati Klinika intenz\u00edv r\u00e9szlegein.<\/p>\n<p>A korl\u00e1toz\u00e1s az \u00e9rintett klinik\u00e1kon visszavon\u00e1sig \u00e9rv\u00e9nyes.<\/p>\n<p>A l\u00e1togat\u00e1si tilalomban \u00e9rintett hazai int\u00e9zm\u00e9nyek teljes list\u00e1j\u00e1t az \u00c1llami N\u00e9peg\u00e9szs\u00e9g\u00fcgyi \u00e9s Tisztiorvosi Szolg\u00e1lat <a href=\"https:\/\/www.antsz.hu\/felso_menu\/temaink\/jarvany\/influenza\/latogatas_2019\" target=\"_blank\" rel=\"noopener\">honlapj\u00e1n<\/a> lehet el\u00e9rni.<\/p>\n<p>Cikk\u00fcnk folyamatosan friss\u00fcl!<\/p>\n","protected":false},"excerpt":{"rendered":"<p>A korl\u00e1toz\u00e1s a Semmelweis Egyetem \u00e9rintett klinik\u00e1in visszavon\u00e1sig \u00e9rv\u00e9nyes.<\/p>\n","protected":false},"author":101132,"featured_media":80837,"comment_status":"closed","ping_status":"closed","sticky":false,"template":"","format":"standard","meta":{"_acf_changed":false,"footnotes":""},"categories":[154,168],"tags":[],"class_list":["post-80836","post","type-post","status-publish","format-standard","has-post-thumbnail","hentry","category-egeszseg","category-kiemelt"],"acf":[],"_links":{"self":[{"href":"https:\/\/semmelweis.hu\/hirek\/wp-json\/wp\/v2\/posts\/80836","targetHints":{"allow":["GET"]}}],"collection":[{"href":"https:\/\/semmelweis.hu\/hirek\/wp-json\/wp\/v2\/posts"}],"about":[{"href":"https:\/\/semmelweis.hu\/hirek\/wp-json\/wp\/v2\/types\/post"}],"author":[{"embeddable":true,"href":"https:\/\/semmelweis.hu\/hirek\/wp-json\/wp\/v2\/users\/101132"}],"replies":[{"embeddable":true,"href":"https:\/\/semmelweis.hu\/hirek\/wp-json\/wp\/v2\/comments?post=80836"}],"version-history":[{"count":10,"href":"https:\/\/semmelweis.hu\/hirek\/wp-json\/wp\/v2\/posts\/80836\/revisions"}],"predecessor-version":[{"id":81277,"href":"https:\/\/semmelweis.hu\/hirek\/wp-json\/wp\/v2\/posts\/80836\/revisions\/81277"}],"wp:featuredmedia":[{"embeddable":true,"href":"https:\/\/semmelweis.hu\/hirek\/wp-json\/wp\/v2\/media\/80837"}],"wp:attachment":[{"href":"https:\/\/semmelweis.hu\/hirek\/wp-json\/wp\/v2\/media?parent=80836"}],"wp:term":[{"taxonomy":"category","embeddable":true,"href":"https:\/\/semmelweis.hu\/hirek\/wp-json\/wp\/v2\/categories?post=80836"},{"taxonomy":"post_tag","embeddable":true,"href":"https:\/\/semmelweis.hu\/hirek\/wp-json\/wp\/v2\/tags?post=80836"}],"curies":[{"name":"wp","href":"https:\/\/api.w.org\/{rel}","templated":true}]}}