{"id":80687,"date":"2019-01-07T16:01:50","date_gmt":"2019-01-07T15:01:50","guid":{"rendered":"http:\/\/semmelweis.hu\/hirek\/?p=80687"},"modified":"2019-01-07T16:01:50","modified_gmt":"2019-01-07T15:01:50","slug":"elhunyt-dr-kaan-miklos","status":"publish","type":"post","link":"https:\/\/semmelweis.hu\/hirek\/2019\/01\/07\/elhunyt-dr-kaan-miklos\/","title":{"rendered":"Elhunyt dr. Ka\u00e1n Mikl\u00f3s"},"content":{"rendered":"<p class=\"lead\"><a href=\"https:\/\/semmelweis.hu\/hirek\/files\/2019\/01\/kaan.jpg\"><img loading=\"lazy\" decoding=\"async\" class=\"alignright size-full wp-image-80688\" src=\"https:\/\/semmelweis.hu\/hirek\/files\/2019\/01\/kaan.jpg\" alt=\"\" width=\"178\" height=\"223\" \/><\/a>2018. december 24-\u00e9n, 81 \u00e9ves kor\u00e1ban elhunyt dr. Ka\u00e1n Mikl\u00f3s egyetemi tan\u00e1r, a Fogorvostudom\u00e1nyi Kar Fogp\u00f3tl\u00e1stani Klinika egykori igazgat\u00f3helyettese, a Magyar Orvosi Kamara egykori eln\u00f6ke.<\/p>\n<p><em>Tisztelt Professzor \u00dar, kedves Mikl\u00f3s!<\/em><\/p>\n<p>K\u00e9t \u00fcnnep k\u00f6z\u00f6tt kaptam a h\u00edrt Fiadt\u00f3l, hogy nem b\u00edrtad tov\u00e1bb a harcot, legy\u0151z\u00f6tt a k\u00f3r. Furcsa, de az els\u0151 gondolat, ami eszembe jutott, teljesen h\u00e9tk\u00f6znapi \u00e9s f\u00f6ldh\u00f6zragadt volt, semmi magasztos. Egyszer\u0171en az, hogy elk\u00e9st\u00fcnk. Egy \u00e9ve hat\u00e1roztam el, hogy \u00fajra el\u0151vessz\u00fck azt a filmet, amit \u00fagy j\u00f3 h\u00fasz \u00e9vvel ezel\u0151tt k\u00f6z\u00f6sen k\u00e9sz\u00edtett\u00fcnk. A motiv\u00e1ci\u00f3t az adta, hogy az ifj\u00fa fogorvostanhallgat\u00f3 gener\u00e1ci\u00f3t vizsg\u00e1ztatva, ha valaki funkci\u00f3s lenyomatv\u00e9tellel kapcsolatos t\u00e9telt h\u00faz, m\u00e9g a legjobb tanul\u00f3k eset\u00e9ben is hi\u00e1ny\u00e9rzetem marad, aminek egy magyar\u00e1zata lehet csak, mi csin\u00e1lunk valamit rosszul, mi nem mondunk valamit \u00e9rthet\u0151en a hallgat\u00f3knak. Pedig igazs\u00e1g szerint a tank\u00f6nyv\u00fcnkben, ami hihetetlen m\u00f3don elavult m\u00e1ra, pont a Te \u00e1ltalad jegyzett fejezetr\u0151l mondhat\u00f3 el, hogy a legink\u00e1bb aktu\u00e1lis ma is, rajta fogott legkev\u00e9sb\u00e9 a kor. Bizony, az \u00e1ltalad le\u00edrt komplex funkcion\u00e1lis szeml\u00e9let ma ugyan\u00fagy igaz \u00e9s k\u00f6vetend\u0151, mint volt h\u00fasz \u00e9ve, csak be kell tartani, \u00e9s nem marad el az eredm\u00e9ny. Azt hiszem, nem a p\u00e1tosz mondatja csak most velem, de ha ez nem magyarul sz\u00fcletett volna, akkor nemzetk\u00f6zileg \u00fcnnepelt \u00e9s megsz\u00e1molhatatlanul cit\u00e1lt elm\u00e9letr\u0151l besz\u00e9ln\u00e9nk. A film \u00fajra v\u00e1g\u00e1s\u00e1val azokra a momentumokra, szakmai n\u00fcanszokra szeretn\u00e9nk felh\u00edvni a figyelmet, amikr\u0151l l\u00e1tjuk, hogy a hallgat\u00f3k sz\u00e1m\u00e1ra nem vil\u00e1gosan \u00e9rthet\u0151. H\u00e1t, ezt szerett\u00fck volna m\u00e9g bemutatni Neked, \u00e9s a mondand\u00f3nk tolm\u00e1csol\u00e1s\u00e1hoz ugyan\u00fagy Unok\u00e1d k\u00f6zrem\u0171k\u00f6d\u00e9s\u00e9t tervezt\u00fck k\u00e9rni, mint amikor a Fogp\u00f3tl\u00e1stani T\u00e1rsas\u00e1g eml\u00e9k\u00e9rm\u00e9nek \u00e1tv\u00e9telekor is R\u00e9ka volt seg\u00edts\u00e9g\u00fcnkre. Az egyes munkafolyamatok szerinti \u00fajra rendez\u00e9s a napokban k\u00e9sz\u00fclt el, amit \u2013 a h\u00edr hallat\u00e1n \u2013 megn\u00e9ztem m\u00e9g egyszer. Azt hiszem, Te is el\u00e9gedett lenn\u00e9l.<\/p>\n<p>Az \u00c9let \u00fagy hozta, hogy volt lehet\u0151s\u00e9gem Veled t\u00f6bbsz\u00f6r, mag\u00e1nemberk\u00e9nt is tal\u00e1lkozni, besz\u00e9lgetni \u00e9s mindig meg\u00e1llap\u00edthattam, hogy egy olyan korb\u00f3l maradt\u00e1l itt tan\u00fak\u00e9nt, amelyet a mai fiatal gener\u00e1ci\u00f3 csak elbesz\u00e9l\u00e9sekb\u0151l, filmalkot\u00e1sokb\u00f3l ismerhet, \u00e9s el sem hinn\u00e9, hogy egyszer ilyen vil\u00e1gban is \u00e9lt\u00fcnk.<\/p>\n<p>Term\u00e9szetesen voltak, amiben nem \u00e9rtett\u00fcnk egyet, de egy dolog akkor is bizonyos volt, azonos dolgokat l\u00e1ttunk \u00e9rt\u00e9knek, megk\u00e9rd\u0151jelezhetetlennek \u00e9s ma m\u00e1r, az id\u0151 t\u00e1vol\u00e1b\u00f3l n\u00e9zve a k\u00fcl\u00f6nbs\u00e9gek elhalv\u00e1nyultak, val\u00f3sz\u00edn\u0171leg hozz\u00e1\u00f6regedtem, hozz\u00e1\u00e9rtem \u00e9n is, \u00e9s ma m\u00e1r \u00e9n is m\u00e1sk\u00e9nt l\u00e1tok dolgokat, \u00e9s maradt az \u00e9rt\u00e9k, ami a k\u00f6z\u00f6s. A tud\u00e1s, el\u0151rehalad\u00e1s m\u00e9rt\u00e9kegys\u00e9gek\u00e9nt csak a munk\u00e1t tudtad mindig elfogadni, ezt tartottad az egyed\u00fcli elfogadhat\u00f3nak. Ahhoz az orvosgener\u00e1ci\u00f3hoz tartozol, aki nagyon sokat tett az\u00e9rt, hogy az \u00f6n\u00e1ll\u00f3an \u00e9ppen hogy elindult fogorvosk\u00e9pz\u00e9s friss diplom\u00e1sai fogorvos doktorok legyenek, ugyanolyan tekint\u00e9llyel, elismerts\u00e9ggel, mint orvos t\u00e1rsaik. Nem v\u00e9letlen\u00fcl lehett\u00e9l a Magyar Orvosi Kamara eln\u00f6ke is, k\u00e9pviselve az eg\u00e9sz orvost\u00e1rsadalom \u00e9rdekeit.<\/p>\n<p><em>Kedves Mikl\u00f3s!<\/em><\/p>\n<p>Ne agg\u00f3dj, m\u00e9ly\u00fclt negat\u00edv gerincek v\u00e1rnak odaf\u00f6nn is, nem maradsz munka n\u00e9lk\u00fcl. Mi idelenn igyeksz\u00fcnk tenni a dolgunkat, \u00e9s v\u00e1rjuk majd v\u00e9lem\u00e9nyedet a filmr\u0151l.<\/p>\n<p>Nyugodj b\u00e9k\u00e9ben!<\/p>\n<p>Hermann P\u00e9ter<\/p>\n","protected":false},"excerpt":{"rendered":"<p>A Fogp\u00f3tl\u00e1stani Klinika egykori igazgat\u00f3helyettese, a Magyar Orvosi Kamara volt eln\u00f6ke 81 \u00e9ves volt.<\/p>\n","protected":false},"author":155,"featured_media":60875,"comment_status":"closed","ping_status":"closed","sticky":false,"template":"","format":"standard","meta":{"_acf_changed":false,"footnotes":""},"categories":[157],"tags":[4108],"class_list":["post-80687","post","type-post","status-publish","format-standard","has-post-thumbnail","hentry","category-semmelweis-vilag","tag-gyaszhir"],"acf":[],"_links":{"self":[{"href":"https:\/\/semmelweis.hu\/hirek\/wp-json\/wp\/v2\/posts\/80687","targetHints":{"allow":["GET"]}}],"collection":[{"href":"https:\/\/semmelweis.hu\/hirek\/wp-json\/wp\/v2\/posts"}],"about":[{"href":"https:\/\/semmelweis.hu\/hirek\/wp-json\/wp\/v2\/types\/post"}],"author":[{"embeddable":true,"href":"https:\/\/semmelweis.hu\/hirek\/wp-json\/wp\/v2\/users\/155"}],"replies":[{"embeddable":true,"href":"https:\/\/semmelweis.hu\/hirek\/wp-json\/wp\/v2\/comments?post=80687"}],"version-history":[{"count":3,"href":"https:\/\/semmelweis.hu\/hirek\/wp-json\/wp\/v2\/posts\/80687\/revisions"}],"predecessor-version":[{"id":80691,"href":"https:\/\/semmelweis.hu\/hirek\/wp-json\/wp\/v2\/posts\/80687\/revisions\/80691"}],"wp:featuredmedia":[{"embeddable":true,"href":"https:\/\/semmelweis.hu\/hirek\/wp-json\/wp\/v2\/media\/60875"}],"wp:attachment":[{"href":"https:\/\/semmelweis.hu\/hirek\/wp-json\/wp\/v2\/media?parent=80687"}],"wp:term":[{"taxonomy":"category","embeddable":true,"href":"https:\/\/semmelweis.hu\/hirek\/wp-json\/wp\/v2\/categories?post=80687"},{"taxonomy":"post_tag","embeddable":true,"href":"https:\/\/semmelweis.hu\/hirek\/wp-json\/wp\/v2\/tags?post=80687"}],"curies":[{"name":"wp","href":"https:\/\/api.w.org\/{rel}","templated":true}]}}