{"id":80046,"date":"2018-12-05T14:29:48","date_gmt":"2018-12-05T13:29:48","guid":{"rendered":"http:\/\/semmelweis.hu\/hirek\/?p=80046"},"modified":"2018-12-05T14:29:48","modified_gmt":"2018-12-05T13:29:48","slug":"25-eves-a-semmelweis-egyetem-doktori-iskolaja","status":"publish","type":"post","link":"https:\/\/semmelweis.hu\/hirek\/2018\/12\/05\/25-eves-a-semmelweis-egyetem-doktori-iskolaja\/","title":{"rendered":"25 \u00e9ves a Semmelweis Egyetem Doktori Iskol\u00e1ja"},"content":{"rendered":"<p class=\"lead\">A Semmelweis Egyetem 25 \u00e9ves R\u00e1cz K\u00e1roly Doktori Iskol\u00e1ja t\u00f6bb rekordot is megd\u00f6nt\u00f6tt az idei Dies Academicus \u00fcnneps\u00e9gen, ahol 134 PhD-fokozat\u00fa doktort avattak fel, akiknek 85 sz\u00e1zal\u00e9ka summa cum laude min\u0151s\u00edt\u00e9ssel v\u00e9gzett. A Doktori Tan\u00e1cs eln\u00f6ke, dr. T\u00edm\u00e1r J\u00f3zsef szerint mindez a hallgat\u00f3k \u00e9s az oktat\u00f3k kiv\u00e1l\u00f3s\u00e1g\u00e1t is mutatja. Szerinte a posztgradu\u00e1lis k\u00e9pz\u00e9s n\u00e9pszer\u0171s\u00e9g\u00e9nek tov\u00e1bbi fokoz\u00e1sa \u00e9rdek\u00e9ben fontos lenne el\u00e9rni, hogy a hallgat\u00f3k min\u00e9l r\u00f6videbb id\u0151 alatt jussanak el a fokozatszerz\u00e9sig min\u00e9l magasabb sz\u00ednvonal\u00fa disszert\u00e1ci\u00f3val.<\/p>\n<p><a href=\"https:\/\/semmelweis.hu\/hirek\/files\/2018\/12\/RS86174_AG_20181127_0176-scr.jpg\"><img loading=\"lazy\" decoding=\"async\" class=\"wp-image-80048  alignleft\" src=\"https:\/\/semmelweis.hu\/hirek\/files\/2018\/12\/RS86174_AG_20181127_0176-scr-300x200.jpg\" alt=\"\" width=\"431\" height=\"287\" srcset=\"https:\/\/semmelweis.hu\/hirek\/files\/2018\/12\/RS86174_AG_20181127_0176-scr-300x200.jpg 300w, https:\/\/semmelweis.hu\/hirek\/files\/2018\/12\/RS86174_AG_20181127_0176-scr-768x512.jpg 768w, https:\/\/semmelweis.hu\/hirek\/files\/2018\/12\/RS86174_AG_20181127_0176-scr-600x400.jpg 600w, https:\/\/semmelweis.hu\/hirek\/files\/2018\/12\/RS86174_AG_20181127_0176-scr-753x502.jpg 753w, https:\/\/semmelweis.hu\/hirek\/files\/2018\/12\/RS86174_AG_20181127_0176-scr-203x135.jpg 203w, https:\/\/semmelweis.hu\/hirek\/files\/2018\/12\/RS86174_AG_20181127_0176-scr.jpg 950w\" sizes=\"auto, (max-width: 431px) 100vw, 431px\" \/><\/a><\/p>\n<p>A Semmelweis Egyetem R\u00e1cz K\u00e1roly Doktori Iskol\u00e1ja 25 \u00e9vvel ezel\u0151tt indult el, amikor a posztgradu\u00e1lis k\u00e9pz\u00e9s a Magyar Tudom\u00e1nyos Akad\u00e9mi\u00e1t\u00f3l visszaker\u00fclt az egyetemekhez. Az alap\u00edt\u00f3k \u2013 dr. S\u00f3tonyi P\u00e9ter, dr. Rajna P\u00e9ter, dr. Jeney Andr\u00e1s, dr. Mandl J\u00f3zsef, dr. Monos Emil, dr. R\u00e9thelyi Mikl\u00f3s, dr. Sz\u0151ke \u00c9va, dr. Tulassay Zsolt \u2013 a karokhoz hasonl\u00f3 szervezeti form\u00e1ban ind\u00edtott\u00e1k el a k\u00e9pz\u00e9st, ezzel biztos\u00edtva a sz\u00fcks\u00e9ges \u00f6n\u00e1ll\u00f3s\u00e1got \u00e9s a relat\u00edv anyagi f\u00fcggetlens\u00e9get \u2013 id\u00e9zte fel dr. T\u00edm\u00e1r J\u00f3zsef. Hangs\u00falyozta, hogy a disszert\u00e1ci\u00f3k minim\u00e1lisan elv\u00e1rt sz\u00ednvonal\u00e1t is akkor hat\u00e1rozt\u00e1k meg, amihez a dolgozatokban szerepl\u0151 k\u00f6zlem\u00e9nyek impakt faktor\u00e1t veszik alapul. Noha az\u00f3ta a tudom\u00e1nymetria sokat v\u00e1ltozott, az akkor kidolgozott k\u00f6vetelm\u00e9nyek ma is meg\u00e1llj\u00e1k a hely\u00fcket: a 2018-ban fokozatot szerzett hallgat\u00f3k disszert\u00e1ci\u00f3ikban t\u00f6bb mint 500 nemzetk\u00f6zi publik\u00e1ci\u00f3t jegyeznek, \u00e9s a 134 disszert\u00e1ci\u00f3 135 D1-es (top 10 sz\u00e1zal\u00e9k) \u00e9s 122 Q1-es (top 25 sz\u00e1zal\u00e9k) foly\u00f3iratban megjelent k\u00f6zlem\u00e9nyt tartalmaz \u2013 r\u00e9szletezte a Doktori Tan\u00e1cs eln\u00f6ke. Szerinte ez nemcsak a hallgat\u00f3k, hanem a t\u00e9mavezet\u0151k kutat\u00f3i kiv\u00e1l\u00f3s\u00e1g\u00e1t is jelzi.<\/p>\n<p>A 2018-ban \u00e1tadott 134 PhD-diploma az elm\u00falt nyolc \u00e9v legjobb eredm\u00e9nye, r\u00e1ad\u00e1sul ezek 85 sz\u00e1zal\u00e9ka summa cum laude min\u0151s\u00edt\u00e9st kapott. A Semmelweis Egyetem Doktori Iskol\u00e1j\u00e1ban a fokozatszerz\u00e9si ar\u00e1ny az orsz\u00e1gos \u00e1tlagot jelent\u0151sen meghaladja. Jelenleg 508 hallgat\u00f3, 268 doktorjel\u00f6lt vesz r\u00e9szt a 7 doktori iskola 44 programj\u00e1ban, ezekkel a hallgat\u00f3kkal \u00e9s fokozatszerz\u0151kkel 380 t\u00e9mavezet\u0151 foglalkozik, a meghirdetett t\u00e9m\u00e1k sz\u00e1ma csaknem 900 \u2013 ismertette a sz\u00e1mokat a Doktori Tan\u00e1cs eln\u00f6ke. Hozz\u00e1tette, hogy a 25 \u00e9vvel ezel\u0151tti indul\u00e1skor nagyj\u00e1b\u00f3l a mostani hallgat\u00f3i l\u00e9tsz\u00e1m egyharmada volt a jellemz\u0151.<\/p>\n<p><a href=\"https:\/\/semmelweis.hu\/hirek\/files\/2018\/12\/RS86178_AG_20181127_0194-scr.jpg\"><img loading=\"lazy\" decoding=\"async\" class=\"wp-image-80047  alignright\" src=\"https:\/\/semmelweis.hu\/hirek\/files\/2018\/12\/RS86178_AG_20181127_0194-scr-300x200.jpg\" alt=\"\" width=\"353\" height=\"235\" srcset=\"https:\/\/semmelweis.hu\/hirek\/files\/2018\/12\/RS86178_AG_20181127_0194-scr-300x200.jpg 300w, https:\/\/semmelweis.hu\/hirek\/files\/2018\/12\/RS86178_AG_20181127_0194-scr-768x512.jpg 768w, https:\/\/semmelweis.hu\/hirek\/files\/2018\/12\/RS86178_AG_20181127_0194-scr-600x400.jpg 600w, https:\/\/semmelweis.hu\/hirek\/files\/2018\/12\/RS86178_AG_20181127_0194-scr-753x502.jpg 753w, https:\/\/semmelweis.hu\/hirek\/files\/2018\/12\/RS86178_AG_20181127_0194-scr-203x135.jpg 203w, https:\/\/semmelweis.hu\/hirek\/files\/2018\/12\/RS86178_AG_20181127_0194-scr.jpg 950w\" sizes=\"auto, (max-width: 353px) 100vw, 353px\" \/><\/a><\/p>\n<p>A Doktori Iskol\u00e1ban jelenleg mintegy 300 \u00e1llami \u00f6szt\u00f6nd\u00edjas PhD-hallgat\u00f3 tanul. \u00c9vente csaknem 100 f\u0151 l\u00e9p be a rendszerbe, az \u00f6nk\u00f6lts\u00e9ges k\u00e9pz\u00e9sre jelentkez\u0151k sz\u00e1ma is magas, \u00e9s jelent\u0151s ar\u00e1nyban csatlakoznak \u00fan. egy\u00e9ni fokozatszerz\u0151k is a doktori programba \u2013 mondta dr. T\u00edm\u00e1r J\u00f3zsef. A hallgat\u00f3knak jelenleg a 70 sz\u00e1zal\u00e9ka tud \u00f6t \u00e9ven bel\u00fcl fokozatot szerezni, tette hozz\u00e1 az eln\u00f6k. Hangs\u00falyozta: az egyetemnek az az \u00e9rdeke, hogy a posztgradu\u00e1lis k\u00e9pz\u00e9sben r\u00e9szt vev\u0151k min\u00e9l gyorsabban \u00e9s sikeresebben jussanak el a fokozatszerz\u00e9shez, majd lehet\u0151s\u00e9g szerint a legkiv\u00e1l\u00f3bbak maradjanak is az egyetemen, hiszen \u0151k jelentik az oktat\u00f3i \u00e9s kutat\u00f3i ut\u00e1np\u00f3tl\u00e1st. Ennek \u00e9rdek\u00e9ben a Doktori Iskola igyekszik egyetemi forr\u00e1sokb\u00f3l is \u00f6szt\u00f6nd\u00edjakkal t\u00e1mogatni a hallgat\u00f3kat, \u00e1m jelenleg nagyobb r\u00e9szt egy EFOP p\u00e1ly\u00e1zatnak, valamint a Nemzeti Kiv\u00e1l\u00f3s\u00e1gi Programban elnyert \u00f6szt\u00f6nd\u00edjaknak k\u00f6sz\u00f6nhet\u0151en tudnak anyagi t\u00e1mogat\u00e1st biztos\u00edtani sz\u00e1mukra \u2013 mondta el dr. T\u00edm\u00e1r J\u00f3zsef.<\/p>\n<p>Hagyom\u00e1nyosan a Klinikai Orvostudom\u00e1nyok Doktori Iskol\u00e1ban szereznek minden \u00e9vben a legt\u00f6bben fokozatot, m\u00e9g \u00fagy is, hogy sokan vannak, akik az anyagilag vonz\u00f3bb rezidensk\u00e9pz\u00e9st v\u00e1lasztj\u00e1k. Ez\u00e9rt a Doktori Tan\u00e1cs eln\u00f6ke \u00fagy l\u00e1tja, az \u00fan. MD-PhD-k\u00e9pz\u00e9s bevezet\u00e9s\u00e9vel jelent\u0151sen ler\u00f6vid\u00edthet\u0151 lenne a k\u00e9pz\u00e9si id\u0151 azok sz\u00e1m\u00e1ra, akik a rezidens-, valamint a PhD-k\u00e9pz\u00e9sben is r\u00e9szt k\u00edv\u00e1nnak venni; erre szint\u00e9n \u00f6szt\u00f6nd\u00edjak bevezet\u00e9se adhatna lehet\u0151s\u00e9get. Dr. T\u00edm\u00e1r J\u00f3zsef elmondta azt is: a k\u00f6zelj\u00f6v\u0151ben v\u00e1rhat\u00f3 egy nyolcadik, eg\u00e9szs\u00e9gtudom\u00e1nyi doktori iskola ind\u00edt\u00e1sa, aminek szakmai el\u0151k\u00e9sz\u00edt\u00e9se folyamatban van, \u00e9s rem\u00e9nyei szerint m\u00e1r a k\u00f6vetkez\u0151 tan\u00e9vben akkredit\u00e1lhat\u00f3 lesz.<\/p>\n<p>Keresztes Eszter<br \/>\nFot\u00f3: Ancsin G\u00e1bor<\/p>\n","protected":false},"excerpt":{"rendered":"<p>Dr. T\u00edm\u00e1r J\u00f3zsef szerint fontos lenne el\u00e9rni, hogy a hallgat\u00f3k min\u00e9l r\u00f6videbb id\u0151 alatt jussanak el a fokozatszerz\u00e9sig.<\/p>\n","protected":false},"author":101132,"featured_media":80049,"comment_status":"closed","ping_status":"closed","sticky":false,"template":"","format":"standard","meta":{"_acf_changed":false,"footnotes":""},"categories":[3533,168],"tags":[190],"class_list":["post-80046","post","type-post","status-publish","format-standard","has-post-thumbnail","hentry","category-hallgatok-oktatas","category-kiemelt","tag-doktori-iskola"],"acf":[],"_links":{"self":[{"href":"https:\/\/semmelweis.hu\/hirek\/wp-json\/wp\/v2\/posts\/80046","targetHints":{"allow":["GET"]}}],"collection":[{"href":"https:\/\/semmelweis.hu\/hirek\/wp-json\/wp\/v2\/posts"}],"about":[{"href":"https:\/\/semmelweis.hu\/hirek\/wp-json\/wp\/v2\/types\/post"}],"author":[{"embeddable":true,"href":"https:\/\/semmelweis.hu\/hirek\/wp-json\/wp\/v2\/users\/101132"}],"replies":[{"embeddable":true,"href":"https:\/\/semmelweis.hu\/hirek\/wp-json\/wp\/v2\/comments?post=80046"}],"version-history":[{"count":4,"href":"https:\/\/semmelweis.hu\/hirek\/wp-json\/wp\/v2\/posts\/80046\/revisions"}],"predecessor-version":[{"id":80055,"href":"https:\/\/semmelweis.hu\/hirek\/wp-json\/wp\/v2\/posts\/80046\/revisions\/80055"}],"wp:featuredmedia":[{"embeddable":true,"href":"https:\/\/semmelweis.hu\/hirek\/wp-json\/wp\/v2\/media\/80049"}],"wp:attachment":[{"href":"https:\/\/semmelweis.hu\/hirek\/wp-json\/wp\/v2\/media?parent=80046"}],"wp:term":[{"taxonomy":"category","embeddable":true,"href":"https:\/\/semmelweis.hu\/hirek\/wp-json\/wp\/v2\/categories?post=80046"},{"taxonomy":"post_tag","embeddable":true,"href":"https:\/\/semmelweis.hu\/hirek\/wp-json\/wp\/v2\/tags?post=80046"}],"curies":[{"name":"wp","href":"https:\/\/api.w.org\/{rel}","templated":true}]}}