{"id":79815,"date":"2018-11-29T09:36:18","date_gmt":"2018-11-29T08:36:18","guid":{"rendered":"http:\/\/semmelweis.hu\/hirek\/?p=79815"},"modified":"2022-04-06T15:28:55","modified_gmt":"2022-04-06T13:28:55","slug":"atadtak-a-hugonnai-huzella-es-jendrassik-dijakat","status":"publish","type":"post","link":"https:\/\/semmelweis.hu\/hirek\/2018\/11\/29\/atadtak-a-hugonnai-huzella-es-jendrassik-dijakat\/","title":{"rendered":"\u00c1tadt\u00e1k a Hugonnai, Huzella \u00e9s Jendrassik d\u00edjakat"},"content":{"rendered":"<p class=\"lead\">A Magyar Tudom\u00e1ny \u00dcnnepe keret\u00e9ben megrendezett \u00fcl\u00e9sen adt\u00e1k \u00e1t az egyetem h\u00e1rom kiemelt tudom\u00e1nyos d\u00edj\u00e1t a Semmelweis Szalonban. Az idei Hugonnai Vilma Eml\u00e9k\u00e9rmet dr. Gonda X\u00e9nia, a Jendrassik Ern\u0151 Eml\u00e9k\u00e9rem \u00e9s Jutalomd\u00edjat dr. Molvarec Attila, m\u00edg a Huzella Tivadar Eml\u00e9k\u00e9rem \u00e9s Jutalomd\u00edjat dr. Christos Chinopoulos vehette \u00e1t dr. Ferdinandy P\u00e9ter tudom\u00e1nyos \u00e9s innov\u00e1ci\u00f3s rektorhelyettest\u0151l.<\/p>\n<p data-wp-editing=\"1\"><a href=\"https:\/\/semmelweis.hu\/hirek\/files\/2018\/11\/RS86204_ADZ_20181127_0128-scr-1.jpg\"><img loading=\"lazy\" decoding=\"async\" class=\"alignleft wp-image-79837\" src=\"https:\/\/semmelweis.hu\/hirek\/files\/2018\/11\/RS86204_ADZ_20181127_0128-scr-1-300x200.jpg\" alt=\"\" width=\"350\" height=\"233\" srcset=\"https:\/\/semmelweis.hu\/hirek\/files\/2018\/11\/RS86204_ADZ_20181127_0128-scr-1-300x200.jpg 300w, https:\/\/semmelweis.hu\/hirek\/files\/2018\/11\/RS86204_ADZ_20181127_0128-scr-1-768x512.jpg 768w, https:\/\/semmelweis.hu\/hirek\/files\/2018\/11\/RS86204_ADZ_20181127_0128-scr-1-600x400.jpg 600w, https:\/\/semmelweis.hu\/hirek\/files\/2018\/11\/RS86204_ADZ_20181127_0128-scr-1-753x502.jpg 753w, https:\/\/semmelweis.hu\/hirek\/files\/2018\/11\/RS86204_ADZ_20181127_0128-scr-1-203x135.jpg 203w, https:\/\/semmelweis.hu\/hirek\/files\/2018\/11\/RS86204_ADZ_20181127_0128-scr-1.jpg 950w\" sizes=\"auto, (max-width: 350px) 100vw, 350px\" \/><\/a>Mindh\u00e1rom kit\u00fcntetett p\u00e9ldamutat\u00f3 munk\u00e1t v\u00e9gez az alap-, illetve a klinikai kutat\u00e1sok ter\u00e9n, \u00e9s eddigi tev\u00e9kenys\u00e9g\u00fckkel nagyban hozz\u00e1j\u00e1rultak ahhoz, hogy az egyetem el\u0151re l\u00e9pjen a nemzetk\u00f6zi rangsorokban \u2013 hangs\u00falyozta k\u00f6sz\u00f6nt\u0151j\u00e9ben dr. Ferdinandy P\u00e9ter. Az \u00fcl\u00e9s els\u0151 napirendi pontja a Hugonnai Vilma Eml\u00e9k\u00e9rem \u00e1tad\u00e1sa volt, amelyet id\u00e9n dr. Gonda X\u00e9ni\u00e1nak, a Pszichi\u00e1triai \u00e9s Pszichoter\u00e1pi\u00e1s Klinika egyetemi adjunktus\u00e1nak \u00edt\u00e9lt oda a Szen\u00e1tus. A rektorhelyettes eml\u00e9keztetett, hogy a d\u00edjat 2010-ben alap\u00edtotta az egyetem a 45 \u00e9v alatti n\u0151i kutat\u00f3k elismer\u00e9s\u00e9re \u00e9s t\u00e1mogat\u00e1s\u00e1ra. Dr. Ferdinandy P\u00e9ter r\u00f6viden felv\u00e1zolta Hugonnai Vilma, az els\u0151 magyar orvosn\u0151 \u00e9let\u00fatj\u00e1t, aki 1847-ben sz\u00fcletett, Sv\u00e1jcban szerzett diplom\u00e1t, majd k\u00f6zel k\u00e9t \u00e9vtizedig k\u00fczd\u00f6tt az\u00e9rt, hogy ezt itthon is elismerj\u00e9k. Miut\u00e1n elkezdhette a praktiz\u00e1l\u00e1st, els\u0151sorban n\u0151ket \u00e9s szeg\u00e9ny embereket kezelt.<\/p>\n<p>A d\u00edjazott <a href=\"https:\/\/semmelweis.hu\/hirek\/files\/2018\/11\/LAUD\u00c1CI\u00d3-Gonda-X\u00e9nia.pdf\" target=\"_blank\" rel=\"noopener noreferrer\">m\u00e9ltat\u00e1s\u00e1ban<\/a> kit\u00e9rt arra egyebek mellett, hogy dr. Gonda X\u00e9nia 2002-ben v\u00e9gzett az ELTE pszichol\u00f3gia szak\u00e1n \u00e9s a Semmelweis Egyetem Gy\u00f3gyszer\u00e9sztudom\u00e1nyi Kar\u00e1n, majd az Orsz\u00e1gos Pszichi\u00e1triai \u00e9s Neurol\u00f3giai Int\u00e9zetben (OPNI) kezdte meg PhD-k\u00e9pz\u00e9s\u00e9t a Semmelweis Egyetem Doktori Iskol\u00e1j\u00e1nak \u00f6szt\u00f6nd\u00edjasak\u00e9nt, dr. Bagdy Gy\u00f6rgy, a Gy\u00f3gyszerhat\u00e1stani Int\u00e9zet igazgat\u00f3j\u00e1nak t\u00e9mavezet\u00e9s\u00e9vel. Kutat\u00f3munk\u00e1j\u00e1t jelenleg is a dr. Bagdy Gy\u00f6rgy \u00e1ltal ir\u00e1ny\u00edtott MTA-SE Neuropszichofarmakol\u00f3giai \u00e9s Neurok\u00e9miai Kutat\u00f3csoport, valamint a NAP2-SE \u00faj antidepressz\u00edv c\u00e9lpont kutat\u00f3csoport tagjak\u00e9nt v\u00e9gzi. Kiemelten fontos sz\u00e1m\u00e1ra a magas sz\u00ednvonal\u00fa klinikai munka, az oktat\u00e1s \u00e9s kutat\u00e1s egyar\u00e1nt \u2013 mutatott r\u00e1 a rektorhelyettes.<\/p>\n<p><a href=\"https:\/\/semmelweis.hu\/hirek\/files\/2018\/11\/RS86216_ADZ_20181127_0196-scr.jpg\"><img loading=\"lazy\" decoding=\"async\" class=\"alignright wp-image-79836\" src=\"https:\/\/semmelweis.hu\/hirek\/files\/2018\/11\/RS86216_ADZ_20181127_0196-scr-300x200.jpg\" alt=\"\" width=\"339\" height=\"226\" srcset=\"https:\/\/semmelweis.hu\/hirek\/files\/2018\/11\/RS86216_ADZ_20181127_0196-scr-300x200.jpg 300w, https:\/\/semmelweis.hu\/hirek\/files\/2018\/11\/RS86216_ADZ_20181127_0196-scr-768x512.jpg 768w, https:\/\/semmelweis.hu\/hirek\/files\/2018\/11\/RS86216_ADZ_20181127_0196-scr-600x400.jpg 600w, https:\/\/semmelweis.hu\/hirek\/files\/2018\/11\/RS86216_ADZ_20181127_0196-scr-753x502.jpg 753w, https:\/\/semmelweis.hu\/hirek\/files\/2018\/11\/RS86216_ADZ_20181127_0196-scr-203x135.jpg 203w, https:\/\/semmelweis.hu\/hirek\/files\/2018\/11\/RS86216_ADZ_20181127_0196-scr.jpg 950w\" sizes=\"auto, (max-width: 339px) 100vw, 339px\" \/><\/a>Dr. Gonda X\u00e9nia \u201eBor\u00fara der\u0171: depresszi\u00f3s g\u00e9nek a t\u00e9bolyd\u00e1t\u00f3l a Pszichi\u00e1triai Klinik\u00e1ig\u201d c\u00edmmel tartotta meg eml\u00e9kel\u0151ad\u00e1s\u00e1t, amely kezdet\u00e9n kiemelte: Hugonnai Vilma k\u00fczdelme nagyban hozz\u00e1j\u00e1rult ahhoz, hogy a n\u0151k azzal foglalkozhatnak, azt tanulhatnak, amiben perspekt\u00edv\u00e1t l\u00e1tnak \u00e9s a megszerzett tud\u00e1st itthon kamatoztathatj\u00e1k, ez\u00e9rt k\u00fcl\u00f6n\u00f6s megtiszteltet\u00e9s sz\u00e1m\u00e1ra az els\u0151 magyar orvosn\u0151r\u0151l elnevezett d\u00edj.<\/p>\n<p>El\u0151ad\u00e1s\u00e1ban az elm\u00falt 16 \u00e9v kutat\u00e1saib\u00f3l mutatott be \u00edzel\u00edt\u0151t, amelyeket m\u00e9g az OPNI-ban kezdett el, majd az egyetemen folytatott k\u00fcl\u00f6nb\u00f6z\u0151 kutat\u00f3csoportokban. Eml\u00e9keztetett arra, hogy a depresszi\u00f3val, annak genetikai h\u00e1tter\u00e9vel kapcsolatos kutat\u00e1sok k\u00e9t \u00e9vtizedre tekintenek vissza, \u00e9s b\u00e1r egyre b\u0151v\u00fcl a tud\u00e1sunk, m\u00e9g mindig sok a k\u00e9rd\u00e9s. Az m\u00e1r egy\u00e9rtelm\u0171, hogy a depresszi\u00f3 h\u00e1ttere rendk\u00edv\u00fcl \u00f6sszetett, nagyon sok g\u00e9n j\u00e1tszik benne szerepet komplex m\u00f3don \u00e9s rendk\u00edv\u00fcl fontos a szerepe a g\u00e9nek k\u00f6rnyezeti hat\u00e1sokkal alkotott interakci\u00f3inak. Kutat\u00e1saik k\u00f6z\u00fcl kiemelte egyebek mellett annak felt\u00e1r\u00e1s\u00e1t, hogy a szerotonin transzporter g\u00e9n r\u00f6vid all\u00e9lja olyan tart\u00f3s szem\u00e9lyis\u00e9gjellemz\u0151kkel mutat egy\u00fcttj\u00e1r\u00e1st, amelyek arra hajlamos\u00edtanak, hogy kev\u00e9sb\u00e9 adapt\u00edvan k\u00fczdj\u00fcnk meg a stresszorokkal. Egyebek mellett ismertette egy id\u00e9n megjelent vizsg\u00e1latuk eredm\u00e9ny\u00e9t, amelyben h\u00e9t, a depresszi\u00f3 h\u00e1tter\u00e9ben m\u00e1r kor\u00e1bban azonos\u00edtott g\u00e9nnel kapcsolatban vizsg\u00e1lt\u00e1k, hogy a t\u00fcnetek s\u00falyoss\u00e1g\u00e1t mik\u00e9nt befoly\u00e1solj\u00e1k a k\u00f6rnyezeti hat\u00e1sok. Kimutatt\u00e1k egyebek mellett, hogy akik semmilyen stresszes \u00e9letesem\u00e9nynek nincsenek kit\u00e9ve, azok eset\u00e9ben az adott g\u00e9n hat\u00e1sa nem relev\u00e1ns. Kutat\u00e1saik egyik \u00fajdons\u00e1ga, hogy a k\u00fcl\u00f6nf\u00e9le s\u00falyoss\u00e1g\u00fa \u00e9s t\u00edpus\u00fa \u00e9letesem\u00e9nyeket is k\u00fcl\u00f6n kell vizsg\u00e1lni, mert ezek hat\u00e1sait nagy val\u00f3sz\u00edn\u0171s\u00e9ggel m\u00e1s-m\u00e1s g\u00e9nek k\u00f6zvet\u00edtik. \u00a0<\/p>\n\r\n        [slb_exclude]\r\n        <div class=\"row galeria-wrapper mx-0 h-auto\">\r\n            <div class=\"col-9 pl-0 pr-2\">\r\n            <span class=\"gallery-item frame\">\r\n\t\t\t\t<div class=\"galeria-left-img\"><a href=\"https:\/\/semmelweis.hu\/hirek\/files\/2018\/11\/RS86268_ADZ_20181127_0457-scr-1.jpg\"><img src=https:\/\/semmelweis.hu\/hirek\/files\/2018\/11\/RS86268_ADZ_20181127_0457-scr-1.jpg  \r\n                            alt=\"\" \r\n                            class=\"attachment-sote-gallery-big size-sote-gallery-big\" \r\n                            srcset=\"https:\/\/semmelweis.hu\/hirek\/files\/2018\/11\/RS86268_ADZ_20181127_0457-scr-1-300x200.jpg 300w, https:\/\/semmelweis.hu\/hirek\/files\/2018\/11\/RS86268_ADZ_20181127_0457-scr-1-768x512.jpg 768w, https:\/\/semmelweis.hu\/hirek\/files\/2018\/11\/RS86268_ADZ_20181127_0457-scr-1-600x400.jpg 600w, https:\/\/semmelweis.hu\/hirek\/files\/2018\/11\/RS86268_ADZ_20181127_0457-scr-1-753x502.jpg 753w, https:\/\/semmelweis.hu\/hirek\/files\/2018\/11\/RS86268_ADZ_20181127_0457-scr-1-203x135.jpg 203w, https:\/\/semmelweis.hu\/hirek\/files\/2018\/11\/RS86268_ADZ_20181127_0457-scr-1.jpg 950w\" ><\/a><\/div>\r\n            <\/span>\r\n\r\n            <\/div>\r\n\r\n\t\t\t<div class=\"col-3 pl-0 pr-0\">\r\n\t\t\t\t<div class=\"galeria-right-img d-flex justify-content-between flex-column h-100 w-100 px-0 mx-0 \">\r\n                <div class=\"galeria-box\">\r\n\t\t\t\t\t<h3 class=\"galeria-title\">Gal\u00e9ria<\/h3>\r\n\t\t\t\t\t<div class=\"galeria-subtitle\">\r\n\r\n\t\t\t\t\t\t<div class=\"galeria-page-counter\"><span>12<\/span>k\u00e9p<\/div>\r\n                    <\/div> <\/div>\r\n                    <span class=\"gallery-item frame d-none d-md-flex\">\r\n\t\t\t\t\t<div class=\"galeria-small-img mt-0\"><a href=\"https:\/\/semmelweis.hu\/hirek\/files\/2018\/11\/RS86222_ADZ_20181127_0213-scr.jpg\"><img src=https:\/\/semmelweis.hu\/hirek\/files\/2018\/11\/RS86222_ADZ_20181127_0213-scr.jpg \r\n                                alt=\"\"  \r\n                                class=\"attachment-sote-gallery-small size-sote-gallery-small\" \r\n                                srcset=\"https:\/\/semmelweis.hu\/hirek\/files\/2018\/11\/RS86222_ADZ_20181127_0213-scr-300x200.jpg 300w, https:\/\/semmelweis.hu\/hirek\/files\/2018\/11\/RS86222_ADZ_20181127_0213-scr-768x512.jpg 768w, https:\/\/semmelweis.hu\/hirek\/files\/2018\/11\/RS86222_ADZ_20181127_0213-scr-600x400.jpg 600w, https:\/\/semmelweis.hu\/hirek\/files\/2018\/11\/RS86222_ADZ_20181127_0213-scr-753x502.jpg 753w, https:\/\/semmelweis.hu\/hirek\/files\/2018\/11\/RS86222_ADZ_20181127_0213-scr-203x135.jpg 203w, https:\/\/semmelweis.hu\/hirek\/files\/2018\/11\/RS86222_ADZ_20181127_0213-scr.jpg 950w\" ><\/a><\/div>\r\n                    <\/span>\r\n                    <span class=\"gallery-item frame d-none d-md-flex\">\r\n\t\t\t\t\t<div class=\"galeria-small-img mt-0\"><a href=\"https:\/\/semmelweis.hu\/hirek\/files\/2018\/11\/RS86227_ADZ_20181127_0237-scr.jpg\"><img src=https:\/\/semmelweis.hu\/hirek\/files\/2018\/11\/RS86227_ADZ_20181127_0237-scr.jpg \r\n                                alt=\"\" \r\n                                class=\"attachment-sote-gallery-small size-sote-gallery-small\" \r\n                                srcset=\"https:\/\/semmelweis.hu\/hirek\/files\/2018\/11\/RS86227_ADZ_20181127_0237-scr-300x200.jpg 300w, https:\/\/semmelweis.hu\/hirek\/files\/2018\/11\/RS86227_ADZ_20181127_0237-scr-768x512.jpg 768w, https:\/\/semmelweis.hu\/hirek\/files\/2018\/11\/RS86227_ADZ_20181127_0237-scr-600x400.jpg 600w, https:\/\/semmelweis.hu\/hirek\/files\/2018\/11\/RS86227_ADZ_20181127_0237-scr-753x502.jpg 753w, https:\/\/semmelweis.hu\/hirek\/files\/2018\/11\/RS86227_ADZ_20181127_0237-scr-203x135.jpg 203w, https:\/\/semmelweis.hu\/hirek\/files\/2018\/11\/RS86227_ADZ_20181127_0237-scr.jpg 950w\" ><\/a><\/div>\r\n                    <\/span>\r\n\r\n                <\/div>\r\n\r\n            <\/div>\r\n\r\n            <span class=\"gallery-item\"><div class=\"hidden\"><a href=\"https:\/\/semmelweis.hu\/hirek\/files\/2018\/11\/RS86231_ADZ_20181127_0262-scr.jpg\">\r\n        <img src=https:\/\/semmelweis.hu\/hirek\/files\/2018\/11\/RS86231_ADZ_20181127_0262-scr.jpg alt=\"\" class=\"attachment-sote-gallery-big size-sote-gallery-big\" srcset=\"https:\/\/semmelweis.hu\/hirek\/files\/2018\/11\/RS86231_ADZ_20181127_0262-scr-300x200.jpg 300w, https:\/\/semmelweis.hu\/hirek\/files\/2018\/11\/RS86231_ADZ_20181127_0262-scr-768x512.jpg 768w, https:\/\/semmelweis.hu\/hirek\/files\/2018\/11\/RS86231_ADZ_20181127_0262-scr-600x400.jpg 600w, https:\/\/semmelweis.hu\/hirek\/files\/2018\/11\/RS86231_ADZ_20181127_0262-scr-753x502.jpg 753w, https:\/\/semmelweis.hu\/hirek\/files\/2018\/11\/RS86231_ADZ_20181127_0262-scr-203x135.jpg 203w, https:\/\/semmelweis.hu\/hirek\/files\/2018\/11\/RS86231_ADZ_20181127_0262-scr.jpg 950w\" >\r\n        <\/a><\/div><\/span><span class=\"gallery-item\"><div class=\"hidden\"><a href=\"https:\/\/semmelweis.hu\/hirek\/files\/2018\/11\/RS86230_ADZ_20181127_0257-scr.jpg\">\r\n        <img src=https:\/\/semmelweis.hu\/hirek\/files\/2018\/11\/RS86230_ADZ_20181127_0257-scr.jpg alt=\"\" class=\"attachment-sote-gallery-big size-sote-gallery-big\" srcset=\"https:\/\/semmelweis.hu\/hirek\/files\/2018\/11\/RS86230_ADZ_20181127_0257-scr-300x200.jpg 300w, https:\/\/semmelweis.hu\/hirek\/files\/2018\/11\/RS86230_ADZ_20181127_0257-scr-768x512.jpg 768w, https:\/\/semmelweis.hu\/hirek\/files\/2018\/11\/RS86230_ADZ_20181127_0257-scr-600x400.jpg 600w, https:\/\/semmelweis.hu\/hirek\/files\/2018\/11\/RS86230_ADZ_20181127_0257-scr-753x502.jpg 753w, https:\/\/semmelweis.hu\/hirek\/files\/2018\/11\/RS86230_ADZ_20181127_0257-scr-203x135.jpg 203w, https:\/\/semmelweis.hu\/hirek\/files\/2018\/11\/RS86230_ADZ_20181127_0257-scr.jpg 950w\" >\r\n        <\/a><\/div><\/span><span class=\"gallery-item\"><div class=\"hidden\"><a href=\"https:\/\/semmelweis.hu\/hirek\/files\/2018\/11\/RS86240_ADZ_20181127_0316-scr.jpg\">\r\n        <img src=https:\/\/semmelweis.hu\/hirek\/files\/2018\/11\/RS86240_ADZ_20181127_0316-scr.jpg alt=\"\" class=\"attachment-sote-gallery-big size-sote-gallery-big\" srcset=\"https:\/\/semmelweis.hu\/hirek\/files\/2018\/11\/RS86240_ADZ_20181127_0316-scr-300x200.jpg 300w, https:\/\/semmelweis.hu\/hirek\/files\/2018\/11\/RS86240_ADZ_20181127_0316-scr-768x512.jpg 768w, https:\/\/semmelweis.hu\/hirek\/files\/2018\/11\/RS86240_ADZ_20181127_0316-scr-600x400.jpg 600w, https:\/\/semmelweis.hu\/hirek\/files\/2018\/11\/RS86240_ADZ_20181127_0316-scr-753x502.jpg 753w, https:\/\/semmelweis.hu\/hirek\/files\/2018\/11\/RS86240_ADZ_20181127_0316-scr-203x135.jpg 203w, https:\/\/semmelweis.hu\/hirek\/files\/2018\/11\/RS86240_ADZ_20181127_0316-scr.jpg 950w\" >\r\n        <\/a><\/div><\/span><span class=\"gallery-item\"><div class=\"hidden\"><a href=\"https:\/\/semmelweis.hu\/hirek\/files\/2018\/11\/RS86251_ADZ_20181127_0361-scr-1.jpg\">\r\n        <img src=https:\/\/semmelweis.hu\/hirek\/files\/2018\/11\/RS86251_ADZ_20181127_0361-scr-1.jpg alt=\"\" class=\"attachment-sote-gallery-big size-sote-gallery-big\" srcset=\"https:\/\/semmelweis.hu\/hirek\/files\/2018\/11\/RS86251_ADZ_20181127_0361-scr-1-300x200.jpg 300w, https:\/\/semmelweis.hu\/hirek\/files\/2018\/11\/RS86251_ADZ_20181127_0361-scr-1-768x512.jpg 768w, https:\/\/semmelweis.hu\/hirek\/files\/2018\/11\/RS86251_ADZ_20181127_0361-scr-1-600x400.jpg 600w, https:\/\/semmelweis.hu\/hirek\/files\/2018\/11\/RS86251_ADZ_20181127_0361-scr-1-753x502.jpg 753w, https:\/\/semmelweis.hu\/hirek\/files\/2018\/11\/RS86251_ADZ_20181127_0361-scr-1-203x135.jpg 203w, https:\/\/semmelweis.hu\/hirek\/files\/2018\/11\/RS86251_ADZ_20181127_0361-scr-1.jpg 950w\" >\r\n        <\/a><\/div><\/span><span class=\"gallery-item\"><div class=\"hidden\"><a href=\"https:\/\/semmelweis.hu\/hirek\/files\/2018\/11\/RS86250_ADZ_20181127_0354-scr.jpg\">\r\n        <img src=https:\/\/semmelweis.hu\/hirek\/files\/2018\/11\/RS86250_ADZ_20181127_0354-scr.jpg alt=\"\" class=\"attachment-sote-gallery-big size-sote-gallery-big\" srcset=\"https:\/\/semmelweis.hu\/hirek\/files\/2018\/11\/RS86250_ADZ_20181127_0354-scr-300x200.jpg 300w, https:\/\/semmelweis.hu\/hirek\/files\/2018\/11\/RS86250_ADZ_20181127_0354-scr-768x512.jpg 768w, https:\/\/semmelweis.hu\/hirek\/files\/2018\/11\/RS86250_ADZ_20181127_0354-scr-600x400.jpg 600w, https:\/\/semmelweis.hu\/hirek\/files\/2018\/11\/RS86250_ADZ_20181127_0354-scr-753x502.jpg 753w, https:\/\/semmelweis.hu\/hirek\/files\/2018\/11\/RS86250_ADZ_20181127_0354-scr-203x135.jpg 203w, https:\/\/semmelweis.hu\/hirek\/files\/2018\/11\/RS86250_ADZ_20181127_0354-scr.jpg 950w\" >\r\n        <\/a><\/div><\/span><span class=\"gallery-item\"><div class=\"hidden\"><a href=\"https:\/\/semmelweis.hu\/hirek\/files\/2018\/11\/RS86258_ADZ_20181127_0391-scr.jpg\">\r\n        <img src=https:\/\/semmelweis.hu\/hirek\/files\/2018\/11\/RS86258_ADZ_20181127_0391-scr.jpg alt=\"\" class=\"attachment-sote-gallery-big size-sote-gallery-big\" srcset=\"https:\/\/semmelweis.hu\/hirek\/files\/2018\/11\/RS86258_ADZ_20181127_0391-scr-300x200.jpg 300w, https:\/\/semmelweis.hu\/hirek\/files\/2018\/11\/RS86258_ADZ_20181127_0391-scr-768x512.jpg 768w, https:\/\/semmelweis.hu\/hirek\/files\/2018\/11\/RS86258_ADZ_20181127_0391-scr-600x400.jpg 600w, https:\/\/semmelweis.hu\/hirek\/files\/2018\/11\/RS86258_ADZ_20181127_0391-scr-753x502.jpg 753w, https:\/\/semmelweis.hu\/hirek\/files\/2018\/11\/RS86258_ADZ_20181127_0391-scr-203x135.jpg 203w, https:\/\/semmelweis.hu\/hirek\/files\/2018\/11\/RS86258_ADZ_20181127_0391-scr.jpg 950w\" >\r\n        <\/a><\/div><\/span><span class=\"gallery-item\"><div class=\"hidden\"><a href=\"https:\/\/semmelweis.hu\/hirek\/files\/2018\/11\/RS86267_ADZ_20181127_0443-scr.jpg\">\r\n        <img src=https:\/\/semmelweis.hu\/hirek\/files\/2018\/11\/RS86267_ADZ_20181127_0443-scr.jpg alt=\"\" class=\"attachment-sote-gallery-big size-sote-gallery-big\" srcset=\"https:\/\/semmelweis.hu\/hirek\/files\/2018\/11\/RS86267_ADZ_20181127_0443-scr-300x200.jpg 300w, https:\/\/semmelweis.hu\/hirek\/files\/2018\/11\/RS86267_ADZ_20181127_0443-scr-768x512.jpg 768w, https:\/\/semmelweis.hu\/hirek\/files\/2018\/11\/RS86267_ADZ_20181127_0443-scr-600x400.jpg 600w, https:\/\/semmelweis.hu\/hirek\/files\/2018\/11\/RS86267_ADZ_20181127_0443-scr-753x502.jpg 753w, https:\/\/semmelweis.hu\/hirek\/files\/2018\/11\/RS86267_ADZ_20181127_0443-scr-203x135.jpg 203w, https:\/\/semmelweis.hu\/hirek\/files\/2018\/11\/RS86267_ADZ_20181127_0443-scr.jpg 950w\" >\r\n        <\/a><\/div><\/span><span class=\"gallery-item\"><div class=\"hidden\"><a href=\"https:\/\/semmelweis.hu\/hirek\/files\/2018\/11\/RS86266_ADZ_20181127_0434-scr.jpg\">\r\n        <img src=https:\/\/semmelweis.hu\/hirek\/files\/2018\/11\/RS86266_ADZ_20181127_0434-scr.jpg alt=\"\" class=\"attachment-sote-gallery-big size-sote-gallery-big\" srcset=\"https:\/\/semmelweis.hu\/hirek\/files\/2018\/11\/RS86266_ADZ_20181127_0434-scr-300x200.jpg 300w, https:\/\/semmelweis.hu\/hirek\/files\/2018\/11\/RS86266_ADZ_20181127_0434-scr-768x512.jpg 768w, https:\/\/semmelweis.hu\/hirek\/files\/2018\/11\/RS86266_ADZ_20181127_0434-scr-600x400.jpg 600w, https:\/\/semmelweis.hu\/hirek\/files\/2018\/11\/RS86266_ADZ_20181127_0434-scr-753x502.jpg 753w, https:\/\/semmelweis.hu\/hirek\/files\/2018\/11\/RS86266_ADZ_20181127_0434-scr-203x135.jpg 203w, https:\/\/semmelweis.hu\/hirek\/files\/2018\/11\/RS86266_ADZ_20181127_0434-scr.jpg 950w\" >\r\n        <\/a><\/div><\/span><span class=\"gallery-item\"><div class=\"hidden\"><a href=\"https:\/\/semmelweis.hu\/hirek\/files\/2018\/11\/RS86236_ADZ_20181127_0289-scr.jpg\">\r\n        <img src=https:\/\/semmelweis.hu\/hirek\/files\/2018\/11\/RS86236_ADZ_20181127_0289-scr.jpg alt=\"\" class=\"attachment-sote-gallery-big size-sote-gallery-big\" srcset=\"https:\/\/semmelweis.hu\/hirek\/files\/2018\/11\/RS86236_ADZ_20181127_0289-scr-300x200.jpg 300w, https:\/\/semmelweis.hu\/hirek\/files\/2018\/11\/RS86236_ADZ_20181127_0289-scr-768x512.jpg 768w, https:\/\/semmelweis.hu\/hirek\/files\/2018\/11\/RS86236_ADZ_20181127_0289-scr-600x400.jpg 600w, https:\/\/semmelweis.hu\/hirek\/files\/2018\/11\/RS86236_ADZ_20181127_0289-scr-753x502.jpg 753w, https:\/\/semmelweis.hu\/hirek\/files\/2018\/11\/RS86236_ADZ_20181127_0289-scr-203x135.jpg 203w, https:\/\/semmelweis.hu\/hirek\/files\/2018\/11\/RS86236_ADZ_20181127_0289-scr.jpg 950w\" >\r\n        <\/a><\/div><\/span>\r\n            <\/div>\r\n\r\n            [\/slb_exclude]\r\n\t\n<p>Az idei Jendrassik Ern\u0151 Eml\u00e9k\u00e9rem \u00e9s Jutalomd\u00edj kit\u00fcntetettje dr. Molvarec Attila, a Sz\u00fcl\u00e9szeti \u00e9s N\u0151gy\u00f3gy\u00e1szati Klinika egyetemi docense. Dr. Ferdinandy P\u00e9ter a d\u00edjr\u00f3l sz\u00f3lva elmondta: az egyetem egykori tan\u00e1r\u00e1r\u00f3l, a kiv\u00e1l\u00f3 magyar bel- \u00e9s ideggy\u00f3gy\u00e1szr\u00f3l elnevezett elismer\u00e9st 1965 \u00f3ta adj\u00e1k \u00e1t az egyetemen, a klinikai orvostudom\u00e1ny kiv\u00e1l\u00f3 m\u0171vel\u0151j\u00e9t ismerik el vele. <a href=\"https:\/\/semmelweis.hu\/hirek\/files\/2018\/11\/LAUD\u00c1CI\u00d3-Dr.-Molvarec-Attila.pdf\" target=\"_blank\" rel=\"noopener noreferrer\">Dr. Molvarec Attila m\u00e9ltat\u00e1sa<\/a> sor\u00e1n eml\u00e9keztetett arra, hogy 1997-ben az egyetemen szerzett orvosi diplom\u00e1t summa cum laude min\u0151s\u00edt\u00e9ssel, majd 2007-ig a K\u00fatv\u00f6lgyi Klinikai T\u00f6mbben dolgozott, az\u00f3ta pedig a Baross utcai Sz\u00fcl\u00e9szeti \u00e9s N\u0151gy\u00f3gy\u00e1szati Klinika munkat\u00e1rsa. Sz\u00fcl\u00e9szet-n\u0151gy\u00f3gy\u00e1szati \u00e9s endokrinol\u00f3gia szakvizsg\u00e1val, hipertonol\u00f3gia \u00e9s sz\u00fcl\u00e9szet-n\u0151gy\u00f3gy\u00e1szati ultrahang-diagnosztika licencvizsg\u00e1val rendelkezik. F\u0151 tudom\u00e1nyos \u00e9rdekl\u0151d\u00e9si ter\u00fclete a terhespatol\u00f3gia \u00e9s reprodukt\u00edv immunol\u00f3gia. 2007-ben szerzett PhD-fokozatot, 2017-ben pedig MTA doktori c\u00edmet is elnyerte a terhess\u00e9gi magas v\u00e9rnyom\u00e1s t\u00e9mak\u00f6r\u00e9ben.<\/p>\n<p>Dr. Molvarec Attila \u201eAngiog\u00e9n \u00e9s immunol\u00f3giai t\u00e9nyez\u0151k vizsg\u00e1lata praeeclampsi\u00e1ban\u201d c\u00edmmel tartotta meg eml\u00e9kel\u0151ad\u00e1s\u00e1t, melynek elej\u00e9n r\u00f6viden bemutatta Jendrassik Ern\u0151 \u00e9let\u00fatj\u00e1t, \u00e9s hangs\u00falyozta: megtisztel\u0151 sz\u00e1m\u00e1ra, hogy \u0151 az els\u0151 sz\u00fcl\u00e9sz-n\u0151gy\u00f3gy\u00e1sz, aki \u00e1tvehette ezt az elismer\u00e9st.<\/p>\n<p><a href=\"https:\/\/semmelweis.hu\/hirek\/files\/2018\/11\/RS86243_ADZ_20181127_0324-scr.jpg\"><img loading=\"lazy\" decoding=\"async\" class=\"alignright wp-image-79826\" src=\"https:\/\/semmelweis.hu\/hirek\/files\/2018\/11\/RS86243_ADZ_20181127_0324-scr-300x200.jpg\" alt=\"\" width=\"409\" height=\"273\" srcset=\"https:\/\/semmelweis.hu\/hirek\/files\/2018\/11\/RS86243_ADZ_20181127_0324-scr-300x200.jpg 300w, https:\/\/semmelweis.hu\/hirek\/files\/2018\/11\/RS86243_ADZ_20181127_0324-scr-768x512.jpg 768w, https:\/\/semmelweis.hu\/hirek\/files\/2018\/11\/RS86243_ADZ_20181127_0324-scr-600x400.jpg 600w, https:\/\/semmelweis.hu\/hirek\/files\/2018\/11\/RS86243_ADZ_20181127_0324-scr-753x502.jpg 753w, https:\/\/semmelweis.hu\/hirek\/files\/2018\/11\/RS86243_ADZ_20181127_0324-scr-203x135.jpg 203w, https:\/\/semmelweis.hu\/hirek\/files\/2018\/11\/RS86243_ADZ_20181127_0324-scr.jpg 950w\" sizes=\"auto, (max-width: 409px) 100vw, 409px\" \/><\/a>Dr. Molvarec Attila kutat\u00f3munk\u00e1ja sor\u00e1n \u00e1tfog\u00f3 m\u00f3don vizsg\u00e1lta az anyai \u00e9s perinat\u00e1lis morbidit\u00e1s \u00e9s mortalit\u00e1s vezet\u0151 okak\u00e9nt sz\u00e1mon tartott praeeclampsia kialakul\u00e1s\u00e1ban szerepet j\u00e1tsz\u00f3 angiog\u00e9n, valamint szolubilis \u00e9s sejtes immunol\u00f3giai t\u00e9nyez\u0151ket. Ezzel kapcsolatos eredm\u00e9nyei el\u0151seg\u00edtik a terhess\u00e9gi magas v\u00e9rnyom\u00e1s legvesz\u00e9lyesebb form\u00e1j\u00e1nak, a praeeclampsia kialakul\u00e1s\u00e1nak pontosabb meg\u00e9rt\u00e9s\u00e9t, \u00e9s ezzel hozz\u00e1j\u00e1rulhatnak a k\u00f3rk\u00e9p hat\u00e9konyabb megel\u0151z\u00e9s\u00e9hez \u00e9s kezel\u00e9s\u00e9hez. Mint el\u0151ad\u00e1s\u00e1ban ismertette, meg\u00e1llap\u00edtotta egyebek mellett, hogy a kering\u00e9sben tal\u00e1lhat\u00f3 angiog\u00e9n \u00e9s anti-angiog\u00e9n faktorok egyens\u00falyzavara k\u00f6zponti szerepet j\u00e1tszik a k\u00f3rk\u00e9p kialakul\u00e1s\u00e1ban. Kimutatta, hogy a beteg\u00e1gy mellett is alkalmazhat\u00f3 placent\u00e1ris n\u00f6veked\u00e9si faktor gyorsteszt magas v\u00e9rnyom\u00e1ssal sz\u00f6v\u0151d\u00f6tt terhess\u00e9gekben hat\u00e9konyan alkalmazhat\u00f3 a terhesek kock\u00e1zatbesorol\u00e1s\u00e1ban. Sz\u00e1mos olyan szolubilis \u00e9s sejtes gyullad\u00e1sos t\u00e9nyez\u0151t azonos\u00edtott, amelyek r\u00e9szt vesznek a praeeclampsia anyai t\u00fcnetegy\u00fcttes\u00e9re jellemz\u0151 kifejezett sziszt\u00e9m\u00e1s gyullad\u00e1sos v\u00e1laszreakci\u00f3 \u00e9s generaliz\u00e1lt endothel-diszfunkci\u00f3 l\u00e9trej\u00f6tt\u00e9ben. Megfigyelte, hogy praeeclampsi\u00e1ban az immunv\u00e1lasz szab\u00e1lyoz\u00e1s\u00e1ban szerepet j\u00e1tsz\u00f3 regul\u00e1tor T-sejtek prevalenci\u00e1ja jelent\u0151sen cs\u00f6kken. Felt\u00e1rta t\u00f6bbek k\u00f6z\u00f6tt az endokannabinoid rendszer szerep\u00e9t is a k\u00f3rk\u00e9p kialakul\u00e1s\u00e1ban.<\/p>\n<p>A Huzella Tivadar Eml\u00e9k\u00e9rem \u00e9s Jutalomd\u00edjat id\u00e9n dr. Christos Chinopoulosnak, az Orvosi Biok\u00e9miai Int\u00e9zet docens\u00e9nek \u00edt\u00e9lte oda a Szen\u00e1tus. Az egyetem volt tan\u00e1r\u00e1r\u00f3l, a kiemelked\u0151 magyar hisztol\u00f3gusr\u00f3l elnevezett elismer\u00e9st id\u00e9n 26. alkalommal adj\u00e1k \u00e1t \u2013 eml\u00e9keztetett a rektorhelyettes. Az elismer\u00e9s szint\u00e9n az \u00f6n\u00e1ll\u00f3 kutat\u00e1sokon alapul\u00f3 szaktudom\u00e1ny fejl\u0151d\u00e9s\u00e9t hivatott szolg\u00e1lni, az elm\u00e9leti orvostudom\u00e1ny, orvosbiol\u00f3gia kiv\u00e1l\u00f3 m\u0171vel\u0151j\u00e9t jutalmazza \u2013 tette hozz\u00e1. A d\u00edjazott <a href=\"https:\/\/semmelweis.hu\/hirek\/files\/2018\/11\/LAUD\u00c1CI\u00d3-Christos-Chinopoulos.pdf\" target=\"_blank\" rel=\"noopener noreferrer\">m\u00e9ltat\u00e1s\u00e1ban<\/a> dr. Ferdinandy P\u00e9ter kit\u00e9rt arra, hogy dr. Christos Chinopoulos G\u00f6r\u00f6gorsz\u00e1gban sz\u00fcletett, egyetemi tanulm\u00e1nyait az egyetem \u00c1ltal\u00e1nos Orvostudom\u00e1nyi Kar\u00e1n folytatta, 1998-ban diplom\u00e1zott. PhD-fokozat\u00e1t az Orvosi Biok\u00e9miai Int\u00e9zetben v\u00e9gzett kutat\u00f3munka alapj\u00e1n szerezte 2002-ben, t\u00e9mavezet\u0151je dr. \u00c1d\u00e1m Veronika \u00e9s dr. Tretter L\u00e1szl\u00f3 voltak. 2005-ben t\u00e9rt vissza az egyetemre, az\u00f3ta az int\u00e9zet munkat\u00e1rsa. Tudom\u00e1nyos munk\u00e1ss\u00e1ga kezdetekt\u0151l a mitokondri\u00e1lis bioenergetika k\u00e9rd\u00e9sk\u00f6r\u00e9re ir\u00e1nyult.<\/p>\n<p><a href=\"https:\/\/semmelweis.hu\/hirek\/files\/2018\/11\/RS86254_ADZ_20181127_0375-scr.jpg\"><img loading=\"lazy\" decoding=\"async\" class=\"alignleft wp-image-79839\" src=\"https:\/\/semmelweis.hu\/hirek\/files\/2018\/11\/RS86254_ADZ_20181127_0375-scr-300x200.jpg\" alt=\"\" width=\"405\" height=\"270\" srcset=\"https:\/\/semmelweis.hu\/hirek\/files\/2018\/11\/RS86254_ADZ_20181127_0375-scr-300x200.jpg 300w, https:\/\/semmelweis.hu\/hirek\/files\/2018\/11\/RS86254_ADZ_20181127_0375-scr-768x512.jpg 768w, https:\/\/semmelweis.hu\/hirek\/files\/2018\/11\/RS86254_ADZ_20181127_0375-scr-600x400.jpg 600w, https:\/\/semmelweis.hu\/hirek\/files\/2018\/11\/RS86254_ADZ_20181127_0375-scr-753x502.jpg 753w, https:\/\/semmelweis.hu\/hirek\/files\/2018\/11\/RS86254_ADZ_20181127_0375-scr-203x135.jpg 203w, https:\/\/semmelweis.hu\/hirek\/files\/2018\/11\/RS86254_ADZ_20181127_0375-scr.jpg 950w\" sizes=\"auto, (max-width: 405px) 100vw, 405px\" \/><\/a>Dr. Christos Chinopoulos \u201eA neurodegener\u00e1ci\u00f3t\u00f3l a daganatbiol\u00f3gi\u00e1ig: az alapvet\u0151 biok\u00e9mia \u00fatj\u00e1n\u201d c\u00edmmel tartotta meg eml\u00e9kel\u0151ad\u00e1s\u00e1t. Mint elmondta, k\u00fcl\u00f6n\u00f6s megtiszteltet\u00e9s sz\u00e1m\u00e1ra, hogy az egyetem k\u00fclf\u00f6ldi munkat\u00e1rsak\u00e9nt kaphatta meg ezt az elismer\u00e9st. Kit\u00e9rt arra, hogy a d\u00edj n\u00e9vad\u00f3ja, Huzella Tivadar hasonl\u00f3 ter\u00fcleten tev\u00e9kenykedett, mint \u0151, ami az alap biok\u00e9mi\u00e1t\u00f3l a r\u00e1kkutat\u00e1sig vezette.<\/p>\n<p>Dr. Christos Chinopoulos kezdetben a mitokondriumok szerep\u00e9t vizsg\u00e1lta a neurodegener\u00e1ci\u00f3 mechanizmus\u00e1ban, majd 17 \u00e9v kutat\u00f3munk\u00e1ja arra a felismer\u00e9sre vezette, hogy pontosan ugyanazok a folyamatok, amik a degener\u00e1ci\u00f3 sor\u00e1n meghib\u00e1sodnak, fognak egy daganat kialakul\u00e1sakor is t\u00falm\u0171k\u00f6dni. Eml\u00e9keztetett r\u00e1, hogy mentorai, dr. \u00c1d\u00e1m Veronika \u00e9s dr. Tretter L\u00e1szl\u00f3 kor\u00e1bbi munk\u00e1j\u00e1nak t\u00e9m\u00e1ja a citromsav ciklus alfa-ketoglutar\u00e1t-dehidrogen\u00e1z komplexuma volt. Az \u0151 kutat\u00f3munk\u00e1j\u00e1ban az \u00e1tt\u00f6r\u00e9st 2010-ben a citromsav ciklus k\u00f6vetkez\u0151 enzim\u00e9vel, a szukcinil-CoA lig\u00e1zzal foglalkoz\u00f3 cikk\u00fck megjelen\u00e9se hozta. Ez az enzim felel\u0151s az \u00fagynevezett mitokondri\u00e1lis szubsztr\u00e1tszint\u0171 foszforil\u00e1ci\u00f3\u00e9rt (MSP). Kimutatt\u00e1k, hogy a MSP \u00e1ltal keletkez\u0151 nagy energi\u00e1j\u00fa foszf\u00e1tvegy\u00fcletek k\u00e9pz\u0151d\u00e9se megakad\u00e1lyozta, hogy az in situ mitokondriumok az extramitokondri\u00e1lis eredet\u0171 ATP-rakt\u00e1rat haszn\u00e1lj\u00e1k el, ez\u00e1ltal enyh\u00edtve a glikol\u00edzis k\u00f6vetkezm\u00e9nyeit, \u00edgy nagyobb es\u00e9lyt teremtve a sejt t\u00fal\u00e9l\u00e9s\u00e9hez, k\u00fcl\u00f6n\u00f6sen hipoxi\u00e1ban. Mint elmondta, ezen a ponton mer\u00fclt fel benne, hogy \u00e1ttekintse a hipoxia, illetve a metabolikus stressz szerep\u00e9t m\u00e1s patol\u00f3gi\u00e1s esetekben is. Felismerte, hogy a fenti le\u00edr\u00e1sra a daganatos betegs\u00e9gek illen\u00e9nek a legjobban. Jelenlegi kutat\u00e1s\u00e1nak hipot\u00e9zise, hogy nagy energi\u00e1j\u00fa foszf\u00e1tvegy\u00fcletek k\u00e9pz\u0151d\u00e9s\u00e9vel az MSP alapvet\u0151 t\u00e9nyez\u0151k\u00e9nt j\u00e1rul hozz\u00e1 a tumor progresszi\u00f3j\u00e1hoz hipoxi\u00e1ban, \u00edgy a szukcinil-CoA lig\u00e1z enzim a daganatter\u00e1pia alkalmas c\u00e9lpontja lehet.<\/p>\n<p>Dobozi P\u00e1lma<br \/>\nFot\u00f3: Adri\u00e1n Zolt\u00e1n<\/p>\n","protected":false},"excerpt":{"rendered":"<p>Az idei elismer\u00e9seket Dr. Gonda X\u00e9nia, Dr. Molvarec Attila \u00e9s Dr. Christos Chinopoulos vehette \u00e1t. <\/p>\n","protected":false},"author":13,"featured_media":79820,"comment_status":"closed","ping_status":"closed","sticky":false,"template":"","format":"standard","meta":{"_acf_changed":false,"footnotes":""},"categories":[161,168],"tags":[4300,158],"class_list":["post-79815","post","type-post","status-publish","format-standard","has-post-thumbnail","hentry","category-tudomany","category-kiemelt","tag-hugonnai-dij","tag-dijak-kituntetesek"],"acf":[],"_links":{"self":[{"href":"https:\/\/semmelweis.hu\/hirek\/wp-json\/wp\/v2\/posts\/79815","targetHints":{"allow":["GET"]}}],"collection":[{"href":"https:\/\/semmelweis.hu\/hirek\/wp-json\/wp\/v2\/posts"}],"about":[{"href":"https:\/\/semmelweis.hu\/hirek\/wp-json\/wp\/v2\/types\/post"}],"author":[{"embeddable":true,"href":"https:\/\/semmelweis.hu\/hirek\/wp-json\/wp\/v2\/users\/13"}],"replies":[{"embeddable":true,"href":"https:\/\/semmelweis.hu\/hirek\/wp-json\/wp\/v2\/comments?post=79815"}],"version-history":[{"count":8,"href":"https:\/\/semmelweis.hu\/hirek\/wp-json\/wp\/v2\/posts\/79815\/revisions"}],"predecessor-version":[{"id":98881,"href":"https:\/\/semmelweis.hu\/hirek\/wp-json\/wp\/v2\/posts\/79815\/revisions\/98881"}],"wp:featuredmedia":[{"embeddable":true,"href":"https:\/\/semmelweis.hu\/hirek\/wp-json\/wp\/v2\/media\/79820"}],"wp:attachment":[{"href":"https:\/\/semmelweis.hu\/hirek\/wp-json\/wp\/v2\/media?parent=79815"}],"wp:term":[{"taxonomy":"category","embeddable":true,"href":"https:\/\/semmelweis.hu\/hirek\/wp-json\/wp\/v2\/categories?post=79815"},{"taxonomy":"post_tag","embeddable":true,"href":"https:\/\/semmelweis.hu\/hirek\/wp-json\/wp\/v2\/tags?post=79815"}],"curies":[{"name":"wp","href":"https:\/\/api.w.org\/{rel}","templated":true}]}}