{"id":79806,"date":"2018-11-28T16:14:49","date_gmt":"2018-11-28T15:14:49","guid":{"rendered":"http:\/\/semmelweis.hu\/hirek\/?p=79806"},"modified":"2018-11-28T18:09:23","modified_gmt":"2018-11-28T17:09:23","slug":"uj-gyogyszerkutatasi-kozpont-epul-a-semmelweis-egyetemen","status":"publish","type":"post","link":"https:\/\/semmelweis.hu\/hirek\/2018\/11\/28\/uj-gyogyszerkutatasi-kozpont-epul-a-semmelweis-egyetemen\/","title":{"rendered":"\u00daj gy\u00f3gyszerkutat\u00e1si k\u00f6zpont \u00e9p\u00fcl a Semmelweis Egyetemen"},"content":{"rendered":"<p class=\"lead\">A H\u0151gyes\u2013Sch\u00f6pf-Merei Gy\u00f3gyszerkutat\u00e1si Centrum kialak\u00edt\u00e1s\u00e1r\u00f3l \u00e9s fejleszt\u00e9s\u00e9r\u0151l d\u00f6nt\u00f6tt a korm\u00e1ny. A Semmelweis Egyetem c\u00e9lja, hogy 2021-re egy modern gy\u00f3gyszerkutat\u00e1si k\u00f6zpont \u00e9s gy\u00f3gyszer\u00e9szeti campus l\u00e9tes\u00fclj\u00f6n, mintegy h\u00faszezer n\u00e9gyzetm\u00e9teren.<\/p>\n<p>A Semmelweis Egyetem H\u0151gyes\u2013Sch\u00f6pf-Merei Gy\u00f3gyszerkutat\u00e1si Centrum kialak\u00edt\u00e1s\u00e1r\u00f3l \u00e9s fejleszt\u00e9s\u00e9r\u0151l d\u00f6nt\u00f6tt a korm\u00e1ny. A Semmelweis Egyetem fejleszt\u00e9s\u00e9r\u0151l sz\u00f3l\u00f3 kor\u00e1bbi, 2017 v\u00e9gi korm\u00e1nyd\u00f6nt\u00e9s tartalmazta a Gy\u00f3gyszer\u00e9sztudom\u00e1nyi Kar (GYTK) korszer\u0171s\u00edt\u00e9s\u00e9t is. Ennek alapj\u00e1n id\u00e9n tavasszal a volt Sch\u00f6pf-Merei k\u00f3rh\u00e1zingatlan egy r\u00e9sze m\u00e1r az egyetem vagyonkezel\u00e9s\u00e9be ker\u00fclt. A Magyar K\u00f6zl\u00f6nyben november 27-\u00e9n megjelent 1606\/2018. sz\u00e1m\u00fa korm\u00e1nyhat\u00e1rozat azokat az int\u00e9zked\u00e9seket r\u00e9szletezi, melyek a kialak\u00edtand\u00f3 gy\u00f3gyszer\u00e9szeti centrumnak helyet ad\u00f3 IX. ker\u00fcleti, egykori k\u00f3rh\u00e1zingatlan eg\u00e9sz\u00e9nek \u00e1llami tulajdonba ker\u00fcl\u00e9s\u00e9hez, majd Semmelweis Egyetem vagyonkezel\u00e9s\u00e9be ad\u00e1s\u00e1hoz sz\u00fcks\u00e9gesek.<\/p>\n<p>A Semmelweis Egyetem c\u00e9lja, hogy k\u00e9t \u00fctemben 2021-re egy modern, a gy\u00f3gyszer\u00e9sztudom\u00e1nyi oktat\u00e1st \u00e9s innovat\u00edv kutat\u00e1st, hazai gy\u00f3gyszeripart t\u00e1mogat\u00f3, gy\u00f3gyszerell\u00e1t\u00e1st seg\u00edt\u0151 k\u00f6zpont l\u00e9tes\u00fclj\u00f6n, r\u00e9szben az eml\u00edtett IX. ker\u00fcleti ingatlan, vagyis a volt Sch\u00f6pf-Merei K\u00f3rh\u00e1z ter\u00fclet\u00e9n, r\u00e9szben a vele szomsz\u00e9dos kar jelenlegi H\u0151gyes t\u00f6mbj\u00e9nek fejleszt\u00e9s\u00e9vel, mintegy h\u00faszezer n\u00e9gyzetm\u00e9teren.<\/p>\n<p>A gy\u00f3gyszeriparihoz, valamint a k\u00f6zforgalm\u00fa \u00e9s k\u00f3rh\u00e1zi gy\u00f3gyszert\u00e1rhoz hasonl\u00f3 modellk\u00f6rnyezet kialak\u00edt\u00e1s\u00e1val \u00faj t\u00e1vlatokat nyithatunk az egyetemhez k\u00f6thet\u0151 kutat\u00e1sban \u00e9s gy\u00f3gyszer\u00e9szk\u00e9pz\u00e9sben \u2013 fogalmazott dr. Merkely B\u00e9la. A rektor hozz\u00e1tette: a fejleszt\u00e9s azt a c\u00e9lt is szolg\u00e1lja, hogy a jelenleg sz\u00e9ttagoltan, a v\u00e1ros t\u00f6bb pontj\u00e1n m\u0171k\u00f6d\u0151, Gy\u00f3gyszer\u00e9sztudom\u00e1nyi Kar minden int\u00e9zete itt kapjon helyet, kialak\u00edtva ezzel az egyetem gy\u00f3gyszer\u00e9szeti campus\u00e1t, ahol a korszer\u0171 gradu\u00e1lis \u00e9s posztgradu\u00e1lis k\u00e9pz\u00e9s felt\u00e9telei is megteremt\u0151dnek.<\/p>\n<p>Az \u00faj centrumban megval\u00f3sul\u00f3 kutat\u00e1si ir\u00e1nyok betegk\u00f6zpont\u00fa innovat\u00edv \u00e9s nano gy\u00f3gyszertechnol\u00f3giai k\u00e9sz\u00edtm\u00e9nyek fejleszt\u00e9s\u00e9vel, biol\u00f3giai eredet\u0171 hat\u00f3anyagokkal, valamint a mesters\u00e9ges intelligencia gy\u00f3gyszer\u00e9szeti hasznos\u00edt\u00e1s\u00e1val is foglalkoznak majd. A beruh\u00e1z\u00e1s eredm\u00e9nyek\u00e9nt l\u00e9trej\u00f6n a gy\u00f3gyszerfejleszt\u00e9st seg\u00edt\u0151 molekulat\u00e1r \u00e9s a term\u00e9szetes eredet\u0171 hat\u00f3anyagok fejleszt\u00e9s\u00e9nek \u00e9rdek\u00e9ben egy orsz\u00e1gos fitolabor.<\/p>\n<p>Bor\u00edt\u00f3k\u00e9p: Kov\u00e1cs Attila &#8211; Semmelweis Egyetem<\/p>\n","protected":false},"excerpt":{"rendered":"<p>2021-re j\u00f6het l\u00e9tre az \u00faj, modern kutat\u00e1si k\u00f6zpont \u00e9s gy\u00f3gyszer\u00e9szeti campus, h\u00faszezer n\u00e9gyzetm\u00e9teren.<\/p>\n","protected":false},"author":13,"featured_media":79807,"comment_status":"closed","ping_status":"closed","sticky":false,"template":"","format":"standard","meta":{"_acf_changed":false,"footnotes":""},"categories":[157,168],"tags":[4140],"class_list":["post-79806","post","type-post","status-publish","format-standard","has-post-thumbnail","hentry","category-semmelweis-vilag","category-kiemelt","tag-fejlesztes"],"acf":[],"_links":{"self":[{"href":"https:\/\/semmelweis.hu\/hirek\/wp-json\/wp\/v2\/posts\/79806","targetHints":{"allow":["GET"]}}],"collection":[{"href":"https:\/\/semmelweis.hu\/hirek\/wp-json\/wp\/v2\/posts"}],"about":[{"href":"https:\/\/semmelweis.hu\/hirek\/wp-json\/wp\/v2\/types\/post"}],"author":[{"embeddable":true,"href":"https:\/\/semmelweis.hu\/hirek\/wp-json\/wp\/v2\/users\/13"}],"replies":[{"embeddable":true,"href":"https:\/\/semmelweis.hu\/hirek\/wp-json\/wp\/v2\/comments?post=79806"}],"version-history":[{"count":4,"href":"https:\/\/semmelweis.hu\/hirek\/wp-json\/wp\/v2\/posts\/79806\/revisions"}],"predecessor-version":[{"id":79812,"href":"https:\/\/semmelweis.hu\/hirek\/wp-json\/wp\/v2\/posts\/79806\/revisions\/79812"}],"wp:featuredmedia":[{"embeddable":true,"href":"https:\/\/semmelweis.hu\/hirek\/wp-json\/wp\/v2\/media\/79807"}],"wp:attachment":[{"href":"https:\/\/semmelweis.hu\/hirek\/wp-json\/wp\/v2\/media?parent=79806"}],"wp:term":[{"taxonomy":"category","embeddable":true,"href":"https:\/\/semmelweis.hu\/hirek\/wp-json\/wp\/v2\/categories?post=79806"},{"taxonomy":"post_tag","embeddable":true,"href":"https:\/\/semmelweis.hu\/hirek\/wp-json\/wp\/v2\/tags?post=79806"}],"curies":[{"name":"wp","href":"https:\/\/api.w.org\/{rel}","templated":true}]}}