{"id":78795,"date":"2018-10-29T16:36:46","date_gmt":"2018-10-29T15:36:46","guid":{"rendered":"http:\/\/semmelweis.hu\/hirek\/?p=78795"},"modified":"2018-10-29T16:36:46","modified_gmt":"2018-10-29T15:36:46","slug":"europai-innovaciok-az-okos-oregedesert-a-semmelweis-egyetem-is-reszt-vett-a-start-up-cegek-kepzeseben","status":"publish","type":"post","link":"https:\/\/semmelweis.hu\/hirek\/2018\/10\/29\/europai-innovaciok-az-okos-oregedesert-a-semmelweis-egyetem-is-reszt-vett-a-start-up-cegek-kepzeseben\/","title":{"rendered":"Eur\u00f3pai innov\u00e1ci\u00f3k az okos \u00f6reged\u00e9s\u00e9rt \u2013 a Semmelweis Egyetem is r\u00e9szt vett a start-up c\u00e9gek k\u00e9pz\u00e9s\u00e9ben"},"content":{"rendered":"<p class=\"lead\"><strong>Az \u00f6tven \u00e9ven fel\u00fcli koroszt\u00e1lyt seg\u00edten\u00e9k innovat\u00edv eg\u00e9szs\u00e9g\u00fcgyi szolg\u00e1ltat\u00e1sokkal, term\u00e9kekkel azok a start-up c\u00e9gek, melyek az EIT Health nemzetk\u00f6zi konzorcium keret\u00e9ben kaptak k\u00e9pz\u00e9st term\u00e9keik sikeres piacra dob\u00e1s\u00e1hoz. A program r\u00e9sztvev\u0151i k\u00e9t hetet Budapesten is elt\u00f6lt\u00f6ttek a Semmelweis Egyetem szervez\u00e9s\u00e9ben. <\/strong><\/p>\n<p><a href=\"https:\/\/semmelweis.hu\/hirek\/files\/2018\/10\/RS85054_IMG_9562-scr.jpg\"><img loading=\"lazy\" decoding=\"async\" class=\"alignleft wp-image-78813\" src=\"https:\/\/semmelweis.hu\/hirek\/files\/2018\/10\/RS85054_IMG_9562-scr-300x200.jpg\" alt=\"\" width=\"371\" height=\"247\" srcset=\"https:\/\/semmelweis.hu\/hirek\/files\/2018\/10\/RS85054_IMG_9562-scr-300x200.jpg 300w, https:\/\/semmelweis.hu\/hirek\/files\/2018\/10\/RS85054_IMG_9562-scr-768x512.jpg 768w, https:\/\/semmelweis.hu\/hirek\/files\/2018\/10\/RS85054_IMG_9562-scr-600x400.jpg 600w, https:\/\/semmelweis.hu\/hirek\/files\/2018\/10\/RS85054_IMG_9562-scr-753x502.jpg 753w, https:\/\/semmelweis.hu\/hirek\/files\/2018\/10\/RS85054_IMG_9562-scr-203x135.jpg 203w, https:\/\/semmelweis.hu\/hirek\/files\/2018\/10\/RS85054_IMG_9562-scr.jpg 950w\" sizes=\"auto, (max-width: 371px) 100vw, 371px\" \/><\/a>T\u00edz eur\u00f3pai uni\u00f3s orsz\u00e1g tizen\u00f6t start-up c\u00e9g\u00e9nek a k\u00e9pvisel\u0151je vehetett r\u00e9szt egy k\u00e9th\u00f3napos k\u00e9pz\u00e9sen az EIT Health nemzetk\u00f6zi konzorcium szervez\u00e9s\u00e9ben, amelyben a Semmelweis Egyetem is t\u00e1rsult partner. Az \u00fan. Okos \u00d6reged\u00e9s T\u00e1bor olyan r\u00e9sztvev\u0151ket fogott \u00f6ssze, akik id\u0151seknek sz\u00f3l\u00f3 eg\u00e9szs\u00e9g\u00fcgyi term\u00e9ket vagy szolg\u00e1ltat\u00e1st k\u00edv\u00e1nnak piacra vinni, vagyis az \u00f6tven feletti koroszt\u00e1ly \u00e9let\u00e9t seg\u00edten\u00e9k k\u00fcl\u00f6nb\u00f6z\u0151 digit\u00e1lis, illetve biotechnol\u00f3giai v\u00edvm\u00e1nyokkal. A k\u00e9pz\u00e9sben r\u00e9sztvev\u0151 start-upok k\u00f6rvonalaz\u00f3d\u00f3 szolg\u00e1ltat\u00e1sai \u00e9s term\u00e9kei \u00e9rintik az eg\u00e9szs\u00e9g\u00fcgyi \u00f6ngondoskod\u00e1s, \u00e9letm\u00f3dv\u00e1lt\u00e1s, funkci\u00f3veszt\u00e9sek \u00e1thidal\u00e1sa \u00e9s kr\u00f3nikus betegs\u00e9gek kezel\u00e9se \u00e9s gy\u00f3gy\u00edt\u00e1sa t\u00e9mak\u00f6r\u00f6ket.<\/p>\n<p>Az \u00f6sszesen hat orsz\u00e1gban megszervezett k\u00e9pz\u00e9s c\u00e9lja, hogy a fejleszt\u00e9s kezdeti f\u00e1zis\u00e1ban l\u00e9v\u0151 start-up c\u00e9gek minden tud\u00e1st, inform\u00e1ci\u00f3t \u00e9s seg\u00edts\u00e9get megkapjanak az ad\u00f3z\u00e1si \u00e9s HR-k\u00e9rd\u00e9sekt\u0151l kezdve a prezent\u00e1ci\u00f3s k\u00e9pess\u00e9gekig ahhoz, hogy az innovat\u00edv term\u00e9keiket \u00e9s szolg\u00e1ltat\u00e1saikat a lehet\u0151 legnagyobb sikerrel tudj\u00e1k piacra dobni \u2013 magyar\u00e1zta S\u00f3dar Gabriella, az Innov\u00e1ci\u00f3s Igazgat\u00f3s\u00e1g projektmenedzsere. A program n\u00e9gy h\u00e9t k\u00e9pz\u00e9s ut\u00e1n n\u00e9gy h\u00e9t gyakorlatorient\u00e1lt \u00fan. valid\u00e1ci\u00f3t tartalmaz; a Semmelweis Egyetem szervez\u00e9s\u00e9ben egy k\u00e9pz\u00e9si hetet \u00e9s egy valid\u00e1ci\u00f3s hetet t\u00f6lt\u00f6tt a mintegy harminc r\u00e9sztvev\u0151 Budapesten. Az okt\u00f3beri valid\u00e1ci\u00f3s h\u00e9ten egyebek mellett magyar start-upokkal, befektet\u0151kkel is tal\u00e1lkozhattak a r\u00e9sztvev\u0151k.<\/p>\n<p><a href=\"https:\/\/semmelweis.hu\/hirek\/files\/2018\/10\/RS85073_IMG_9476-scr.jpg\"><img loading=\"lazy\" decoding=\"async\" class=\"aligncenter size-full wp-image-78814\" src=\"https:\/\/semmelweis.hu\/hirek\/files\/2018\/10\/RS85073_IMG_9476-scr.jpg\" alt=\"\" width=\"950\" height=\"589\" srcset=\"https:\/\/semmelweis.hu\/hirek\/files\/2018\/10\/RS85073_IMG_9476-scr.jpg 950w, https:\/\/semmelweis.hu\/hirek\/files\/2018\/10\/RS85073_IMG_9476-scr-300x186.jpg 300w, https:\/\/semmelweis.hu\/hirek\/files\/2018\/10\/RS85073_IMG_9476-scr-768x476.jpg 768w, https:\/\/semmelweis.hu\/hirek\/files\/2018\/10\/RS85073_IMG_9476-scr-600x372.jpg 600w, https:\/\/semmelweis.hu\/hirek\/files\/2018\/10\/RS85073_IMG_9476-scr-753x467.jpg 753w\" sizes=\"auto, (max-width: 950px) 100vw, 950px\" \/><\/a>A programba bevont start-upok k\u00f6z\u00fcl van amelyikn\u00e9l m\u00e1r protot\u00edpus is k\u00e9sz\u00fclt, m\u00edg m\u00e1sok m\u00e9g csak az kezdeti st\u00e1dium\u00e1ban vannak. A leend\u0151 innovat\u00edv term\u00e9kek \u00e9s szolg\u00e1ltat\u00e1sok sz\u00e9les sk\u00e1l\u00e1n mozognak, van k\u00f6z\u00f6tt\u00fck macskadorombol\u00e1s hangj\u00e1t imit\u00e1l\u00f3 ultrahangos gy\u00f3gy\u00edt\u00f3 \u00e1gy, antibiotikum-rezisztenci\u00e1t detekt\u00e1l\u00f3 szolg\u00e1ltat\u00e1s, de olyan genetikai teszt is, mellyel szem\u00e9lyre szabott t\u00e1pl\u00e1lkoz\u00e1si tan\u00e1cs adhat\u00f3.<\/p>\n<p>Dobozi P\u00e1lma<br \/>\nFot\u00f3: Kov\u00e1cs Attila &#8211; Semmelweis Egyetem<\/p>\n","protected":false},"excerpt":{"rendered":"<p>A 15 start-up c\u00e9g \u00f6sszesen k\u00e9t hetet t\u00f6lt\u00f6tt Budapesten, term\u00e9keikkel az \u00f6tven \u00e9ven fel\u00fclieket seg\u00edten\u00e9k. <\/p>\n","protected":false},"author":13,"featured_media":78813,"comment_status":"closed","ping_status":"closed","sticky":false,"template":"","format":"standard","meta":{"_acf_changed":false,"footnotes":""},"categories":[161],"tags":[],"class_list":["post-78795","post","type-post","status-publish","format-standard","has-post-thumbnail","hentry","category-tudomany"],"acf":[],"_links":{"self":[{"href":"https:\/\/semmelweis.hu\/hirek\/wp-json\/wp\/v2\/posts\/78795","targetHints":{"allow":["GET"]}}],"collection":[{"href":"https:\/\/semmelweis.hu\/hirek\/wp-json\/wp\/v2\/posts"}],"about":[{"href":"https:\/\/semmelweis.hu\/hirek\/wp-json\/wp\/v2\/types\/post"}],"author":[{"embeddable":true,"href":"https:\/\/semmelweis.hu\/hirek\/wp-json\/wp\/v2\/users\/13"}],"replies":[{"embeddable":true,"href":"https:\/\/semmelweis.hu\/hirek\/wp-json\/wp\/v2\/comments?post=78795"}],"version-history":[{"count":2,"href":"https:\/\/semmelweis.hu\/hirek\/wp-json\/wp\/v2\/posts\/78795\/revisions"}],"predecessor-version":[{"id":78815,"href":"https:\/\/semmelweis.hu\/hirek\/wp-json\/wp\/v2\/posts\/78795\/revisions\/78815"}],"wp:featuredmedia":[{"embeddable":true,"href":"https:\/\/semmelweis.hu\/hirek\/wp-json\/wp\/v2\/media\/78813"}],"wp:attachment":[{"href":"https:\/\/semmelweis.hu\/hirek\/wp-json\/wp\/v2\/media?parent=78795"}],"wp:term":[{"taxonomy":"category","embeddable":true,"href":"https:\/\/semmelweis.hu\/hirek\/wp-json\/wp\/v2\/categories?post=78795"},{"taxonomy":"post_tag","embeddable":true,"href":"https:\/\/semmelweis.hu\/hirek\/wp-json\/wp\/v2\/tags?post=78795"}],"curies":[{"name":"wp","href":"https:\/\/api.w.org\/{rel}","templated":true}]}}