{"id":78766,"date":"2018-10-26T12:57:51","date_gmt":"2018-10-26T10:57:51","guid":{"rendered":"http:\/\/semmelweis.hu\/hirek\/?p=78766"},"modified":"2019-04-08T15:39:44","modified_gmt":"2019-04-08T13:39:44","slug":"beszamolo-a-szenatus-oktoberi-uleserol-3","status":"publish","type":"post","link":"https:\/\/semmelweis.hu\/hirek\/2018\/10\/26\/beszamolo-a-szenatus-oktoberi-uleserol-3\/","title":{"rendered":"Besz\u00e1mol\u00f3 a Szen\u00e1tus okt\u00f3beri \u00fcl\u00e9s\u00e9r\u0151l"},"content":{"rendered":"<p class=\"lead\">Posztumusz Pro Universitate D\u00edj adom\u00e1nyoz\u00e1s\u00e1r\u00f3l \u00e9s szem\u00e9lyi k\u00e9rd\u00e9sekr\u0151l is hat\u00e1rozott okt\u00f3beri \u00fcl\u00e9s\u00e9n a Szen\u00e1tus, amely t\u00e1j\u00e9koztat\u00e1st kapott a beszerz\u00e9sek menet\u00e9t fel\u00fclvizsg\u00e1l\u00f3, id\u00e9n janu\u00e1rban megalakult Ad-hoc Bizotts\u00e1g munk\u00e1j\u00e1nak eredm\u00e9ny\u00e9r\u0151l is.<\/p>\n<p>A Szen\u00e1tus egyhang\u00fa d\u00f6nt\u00e9ssel posztumusz Pro Universitate D\u00edjat adom\u00e1nyozott dr. Merkely B\u00e9la rektor javaslat\u00e1ra T\u00f3th Ilona egykori hatod\u00e9ves orvostanhallgat\u00f3nak, az 1956 ut\u00e1ni megtorl\u00e1s hal\u00e1los \u00e1ldozat\u00e1nak a forradalom \u00e9s szabads\u00e1gharc \u00e9vfordul\u00f3ja alkalm\u00e1b\u00f3l. A legmagasabb egyetemi szint\u0171 kit\u00fcntet\u00e9st a csal\u00e1d nev\u00e9ben T\u00f3th Ilona unokah\u00faga, dr. T\u00f3th D\u00f3ra <a href=\"https:\/\/semmelweis.hu\/hirek\/2018\/10\/25\/posztumusz-pro-universitate-dijat-adomanyozott-az-egyetem-toth-ilonanak\/\" target=\"_blank\" rel=\"noopener noreferrer\">vette \u00e1t<\/a> dr. Merkely B\u00e9l\u00e1t\u00f3l az \u00fcnnepi szen\u00e1tusi \u00fcl\u00e9s keret\u00e9ben.<\/p>\n<p>A test\u00fclet kor\u00e1bban elektronikus szavaz\u00e1ssal hat\u00e1rozott arr\u00f3l, hogy a d\u00edj posztumusz adom\u00e1nyozhat\u00f3 olyan szem\u00e9lynek is, aki nem \u00e1llt az egyetemmel k\u00f6zalkalmazotti jogviszonyban, azonban \u201ekimagasl\u00f3 tev\u00e9kenys\u00e9g\u00e9vel, p\u00e9ldamutat\u00f3 magatart\u00e1s\u00e1val hozz\u00e1j\u00e1rult az egyetem h\u00edrnev\u00e9nek \u00f6regb\u00edt\u00e9s\u00e9hez\u201d. Szint\u00e9n elektronikus szavaz\u00e1ssal d\u00f6nt\u00f6ttek a szen\u00e1torok okt\u00f3ber folyam\u00e1n az Eg\u00e9szs\u00e9g\u00fcgyi K\u00f6zszolg\u00e1lati Kar Tanulm\u00e1nyi \u00e9s Vizsgaszab\u00e1lyzat\u00e1nak egyes rendelkez\u00e9seinek m\u00f3dos\u00edt\u00e1s\u00e1r\u00f3l.<\/p>\n<p>Az \u00fcl\u00e9sen szavaztak a Fel\u00fclb\u00edr\u00e1lati Bizotts\u00e1g szem\u00e9lyi \u00f6sszet\u00e9tel\u00e9nek meg\u00faj\u00edt\u00e1s\u00e1r\u00f3l, mivel okt\u00f3ber v\u00e9g\u00e9vel lej\u00e1r a test\u00fclet h\u00e1rom\u00e9ves ciklusra sz\u00f3l\u00f3 mand\u00e1tuma. A vonatkoz\u00f3 szab\u00e1lyzatnak megfelel\u0151en a bizotts\u00e1g \u00e1lland\u00f3 tagja dr. Hermann P\u00e9ter oktat\u00e1si rektorhelyettes, aki az eln\u00f6ki posztot is bet\u00f6lti, dr. Sedl\u00e1k Rita, az Oktat\u00e1sigazgat\u00e1si Hivatal eln\u00f6ke, dr. Kov\u00e1cs Zsolt jogi \u00e9s igazgat\u00e1si f\u0151igazgat\u00f3, valamint a Doktorandusz \u00d6nkorm\u00e1nyzat k\u00e9t deleg\u00e1ltja K\u00e1llai Brigitta \u00e9s dr. P\u00e1lla Tam\u00e1s, m\u00edg a Hallgat\u00f3i \u00d6nkorm\u00e1nyzat\u00e9 K\u00f3sa L\u00e1szl\u00f3 \u00e9s Heged\u0171s Tam\u00e1s. Megv\u00e1lasztott\u00e1k emellett az eseti tanulm\u00e1nyi, valamint juttat\u00e1si \u00fcgyekben elj\u00e1r\u00f3 bizotts\u00e1gi tagokat is.<\/p>\n<p>Szavaztak a szen\u00e1torok a 2018. \u00e9vi Semmelweis Budapest Award nemzetk\u00f6zi d\u00edj adom\u00e1nyoz\u00e1s\u00e1r\u00f3l.<\/p>\n<p>T\u00e1mogatt\u00e1k dr. Tenk Mikl\u00f3sn\u00e9 dr. Zsebe Andrea jelenlegi megb\u00edzott d\u00e9k\u00e1n p\u00e1ly\u00e1zat\u00e1t a Pet\u0151 Andr\u00e1s Kar d\u00e9k\u00e1ni posztj\u00e1ra.<\/p>\n<p>A test\u00fclet t\u00e1mogatta \u00faj tudom\u00e1nyos d\u00e9k\u00e1nhelyettesi poz\u00edci\u00f3 l\u00e9trehoz\u00e1s\u00e1t a Fogorvostudom\u00e1nyi Karon (FOK), valamint dr. Dob\u00f3 Nagy Csaba erre a megb\u00edz\u00e1sra beny\u00fajtott p\u00e1ly\u00e1zat\u00e1t. A szavaz\u00e1s \u00e9rtelm\u00e9ben az \u00e1ltal\u00e1nos d\u00e9k\u00e1nhelyettesi posztot tov\u00e1bbra is dr. N\u00e9meth Zsolt, m\u00edg az oktat\u00e1si d\u00e9k\u00e1nhelyettesi tiszts\u00e9get dr. Bartha K\u00e1roly t\u00f6lti be a FOK-on. T\u00e1mogatt\u00e1k dr. D\u0151ri Ferenc p\u00e1ly\u00e1zat\u00e1t a Parodontol\u00f3giai Klinika egyetemi tan\u00e1ri \u00e1ll\u00e1shely\u00e9re.<\/p>\n<p>Megszavazt\u00e1k az eg\u00e9szs\u00e9g\u00fcgyi szervez\u0151 alapk\u00e9pz\u00e9si szak mintatanterv\u00e9nek m\u00f3dos\u00edt\u00e1s\u00e1t.<\/p>\n<p>A Szen\u00e1tus t\u00e1j\u00e9koztat\u00e1st kapott a beszerz\u00e9sek menet\u00e9t fel\u00fclvizsg\u00e1l\u00f3, id\u00e9n janu\u00e1rban megalakult Ad-hoc Bizotts\u00e1g eddigi munk\u00e1j\u00e1r\u00f3l. A tizenegy f\u0151s test\u00fclet eln\u00f6ke dr. Sink\u00f3 Eszter, az Eg\u00e9szs\u00e9g\u00fcgyi K\u00f6zszolg\u00e1lati Kar d\u00e9k\u00e1nhelyettese, tov\u00e1bbi \u00f6t-\u00f6t tagot deleg\u00e1lt a rektor \u00e9s a kancell\u00e1r. Mint arr\u00f3l dr. Sink\u00f3 Eszter eln\u00f6k az \u00fcl\u00e9sen besz\u00e1molt &#8211; \u00e9s azt a dr. Sz\u00e1sz K\u00e1roly kancell\u00e1r, valamint dr. Farkas D\u00e9nes beszerz\u00e9si igazgat\u00f3 szen\u00e1tusi adatb\u00e1zisban k\u00f6zz\u00e9tett \u00f6sszegz\u00e9se is tartalmazza &#8211; t\u00f6bb pontban egys\u00e9ges \u00e1ll\u00e1spont alakult ki, ezek a javaslatok be\u00e9p\u00fclhetnek a szab\u00e1lyzatba, m\u00edg vannak olyan k\u00e9rd\u00e9sek is, amikkel kapcsolatban tov\u00e1bbi egyeztet\u00e9sre van sz\u00fcks\u00e9g.<\/p>\n<p>Az \u00fcl\u00e9sen dr. Berki Zolt\u00e1n, a Semmelweis \u00c9rdekv\u00e9delmi Sz\u00f6vets\u00e9g (S\u00c9SZ) eln\u00f6ke bejelentette, hogy az \u00e9rdekk\u00e9pviseletek konzult\u00e1ci\u00f3t kezdem\u00e9nyeznek az egyetem vezet\u00e9s\u00e9vel a K\/6\/2018. (X. 18.) sz\u00e1m\u00fa kancell\u00e1ri utas\u00edt\u00e1ssal kapcsolatban.<\/p>\n<p>Dobozi P\u00e1lma<\/p>\n<p>&nbsp;<\/p>\n<p>&nbsp;<\/p>\n","protected":false},"excerpt":{"rendered":"<p>Posztumusz Pro Universitate D\u00edj adom\u00e1nyoz\u00e1s\u00e1r\u00f3l \u00e9s szem\u00e9lyi k\u00e9rd\u00e9sekr\u0151l is hat\u00e1rozott okt\u00f3beri \u00fcl\u00e9s\u00e9n a test\u00fclet. <\/p>\n","protected":false},"author":13,"featured_media":13641,"comment_status":"closed","ping_status":"closed","sticky":false,"template":"","format":"standard","meta":{"_acf_changed":false,"footnotes":""},"categories":[157,168],"tags":[4234,3365,4122],"class_list":["post-78766","post","type-post","status-publish","format-standard","has-post-thumbnail","hentry","category-semmelweis-vilag","category-kiemelt","tag-aktualitasok","tag-kancellar-hirei","tag-szenatusi-tudositas"],"acf":[],"_links":{"self":[{"href":"https:\/\/semmelweis.hu\/hirek\/wp-json\/wp\/v2\/posts\/78766","targetHints":{"allow":["GET"]}}],"collection":[{"href":"https:\/\/semmelweis.hu\/hirek\/wp-json\/wp\/v2\/posts"}],"about":[{"href":"https:\/\/semmelweis.hu\/hirek\/wp-json\/wp\/v2\/types\/post"}],"author":[{"embeddable":true,"href":"https:\/\/semmelweis.hu\/hirek\/wp-json\/wp\/v2\/users\/13"}],"replies":[{"embeddable":true,"href":"https:\/\/semmelweis.hu\/hirek\/wp-json\/wp\/v2\/comments?post=78766"}],"version-history":[{"count":2,"href":"https:\/\/semmelweis.hu\/hirek\/wp-json\/wp\/v2\/posts\/78766\/revisions"}],"predecessor-version":[{"id":83931,"href":"https:\/\/semmelweis.hu\/hirek\/wp-json\/wp\/v2\/posts\/78766\/revisions\/83931"}],"wp:featuredmedia":[{"embeddable":true,"href":"https:\/\/semmelweis.hu\/hirek\/wp-json\/wp\/v2\/media\/13641"}],"wp:attachment":[{"href":"https:\/\/semmelweis.hu\/hirek\/wp-json\/wp\/v2\/media?parent=78766"}],"wp:term":[{"taxonomy":"category","embeddable":true,"href":"https:\/\/semmelweis.hu\/hirek\/wp-json\/wp\/v2\/categories?post=78766"},{"taxonomy":"post_tag","embeddable":true,"href":"https:\/\/semmelweis.hu\/hirek\/wp-json\/wp\/v2\/tags?post=78766"}],"curies":[{"name":"wp","href":"https:\/\/api.w.org\/{rel}","templated":true}]}}