{"id":78674,"date":"2018-10-25T15:16:50","date_gmt":"2018-10-25T13:16:50","guid":{"rendered":"http:\/\/semmelweis.hu\/hirek\/?p=78674"},"modified":"2018-10-25T15:16:50","modified_gmt":"2018-10-25T13:16:50","slug":"posztumusz-pro-universitate-dijat-adomanyozott-az-egyetem-toth-ilonanak","status":"publish","type":"post","link":"https:\/\/semmelweis.hu\/hirek\/2018\/10\/25\/posztumusz-pro-universitate-dijat-adomanyozott-az-egyetem-toth-ilonanak\/","title":{"rendered":"Posztumusz Pro Universitate D\u00edjat adom\u00e1nyozott az egyetem T\u00f3th Ilon\u00e1nak"},"content":{"rendered":"<p class=\"lead\">Az 1956-os forradalom \u00e9s szabads\u00e1gharc \u00e9vfordul\u00f3ja alkalm\u00e1b\u00f3l posztumusz Pro Universitate D\u00edjat adom\u00e1nyozott a Semmelweis Egyetem Szen\u00e1tusa dr. Merkely B\u00e9la rektor javaslat\u00e1ra T\u00f3th Ilona egykori hatod\u00e9ves orvostanhallgat\u00f3nak, az 1956 ut\u00e1ni megtorl\u00e1s hal\u00e1los \u00e1ldozat\u00e1nak. A legmagasabb egyetemi szint\u0171 kit\u00fcntet\u00e9st a csal\u00e1d nev\u00e9ben T\u00f3th Ilona unokah\u00faga, dr. T\u00f3th D\u00f3ra vette \u00e1t dr. Merkely B\u00e9l\u00e1t\u00f3l a d\u00edj adom\u00e1nyoz\u00e1s\u00e1r\u00f3l d\u00f6nt\u0151 \u00fcnnepi szen\u00e1tusi \u00fcl\u00e9s keret\u00e9ben.<\/p>\n<p>Dr. Merkely B\u00e9la a d\u00edj \u00e1tad\u00e1sa kapcs\u00e1n hangs\u00falyozta, hogy T\u00f3th Ilona a harcokban megsebes\u00fclt emberek ell\u00e1t\u00e1sa, \u00e1pol\u00e1sa sor\u00e1n kifejtett \u00f6nzetlen magatart\u00e1s\u00e1val \u2013 mellyel seg\u00edtette nemzet\u00fcnk f\u00fcggetlens\u00e9g\u00e9rt folytatott harc\u00e1t \u2013 p\u00e9ld\u00e1t mutatott a Semmelweis Egyetem polg\u00e1rainak. Az egyetem a d\u00edj \u00e1tad\u00e1sa kapcs\u00e1n megeml\u00e9kezik mindazokr\u00f3l, akik az 1956-os esem\u00e9nyek sor\u00e1n orvosk\u00e9nt, \u00e1pol\u00f3k\u00e9nt, gy\u00f3gy\u00edt\u00f3k\u00e9nt r\u00e9szt vettek a sebes\u00fcltek ell\u00e1t\u00e1s\u00e1ban, enyh\u00edtett\u00e9k f\u00e1jdalmukat. Az \u0151 \u00e1ldozatk\u00e9sz munk\u00e1juknak is r\u00e9sze volt abban, hogy ma egy szabad nemzetk\u00e9nt \u00fcnnepelhet\u00fcnk \u00e9s eml\u00e9kezhet\u00fcnk \u2013 tette hozz\u00e1 a rektor.<\/p>\n\r\n        [slb_exclude]\r\n        <div class=\"row galeria-wrapper mx-0 h-auto\">\r\n            <div class=\"col-9 pl-0 pr-2\">\r\n            <span class=\"gallery-item frame\">\r\n\t\t\t\t<div class=\"galeria-left-img\"><a href=\"https:\/\/semmelweis.hu\/hirek\/files\/2018\/10\/RS84976_IMG_0391-scr.jpg\"><img src=https:\/\/semmelweis.hu\/hirek\/files\/2018\/10\/RS84976_IMG_0391-scr.jpg  \r\n                            alt=\"\" \r\n                            class=\"attachment-sote-gallery-big size-sote-gallery-big\" \r\n                            srcset=\"https:\/\/semmelweis.hu\/hirek\/files\/2018\/10\/RS84976_IMG_0391-scr-300x200.jpg 300w, https:\/\/semmelweis.hu\/hirek\/files\/2018\/10\/RS84976_IMG_0391-scr-768x512.jpg 768w, https:\/\/semmelweis.hu\/hirek\/files\/2018\/10\/RS84976_IMG_0391-scr-600x400.jpg 600w, https:\/\/semmelweis.hu\/hirek\/files\/2018\/10\/RS84976_IMG_0391-scr-753x502.jpg 753w, https:\/\/semmelweis.hu\/hirek\/files\/2018\/10\/RS84976_IMG_0391-scr-203x135.jpg 203w, https:\/\/semmelweis.hu\/hirek\/files\/2018\/10\/RS84976_IMG_0391-scr.jpg 950w\" ><\/a><\/div>\r\n            <\/span>\r\n\r\n            <\/div>\r\n\r\n\t\t\t<div class=\"col-3 pl-0 pr-0\">\r\n\t\t\t\t<div class=\"galeria-right-img d-flex justify-content-between flex-column h-100 w-100 px-0 mx-0 \">\r\n                <div class=\"galeria-box\">\r\n\t\t\t\t\t<h3 class=\"galeria-title\">Gal\u00e9ria<\/h3>\r\n\t\t\t\t\t<div class=\"galeria-subtitle\">\r\n\r\n\t\t\t\t\t\t<div class=\"galeria-page-counter\"><span>11<\/span>k\u00e9p<\/div>\r\n                    <\/div> <\/div>\r\n                    <span class=\"gallery-item frame d-none d-md-flex\">\r\n\t\t\t\t\t<div class=\"galeria-small-img mt-0\"><a href=\"https:\/\/semmelweis.hu\/hirek\/files\/2018\/10\/RS84986_IMG_0363-scr.jpg\"><img src=https:\/\/semmelweis.hu\/hirek\/files\/2018\/10\/RS84986_IMG_0363-scr.jpg \r\n                                alt=\"\"  \r\n                                class=\"attachment-sote-gallery-small size-sote-gallery-small\" \r\n                                srcset=\"https:\/\/semmelweis.hu\/hirek\/files\/2018\/10\/RS84986_IMG_0363-scr-300x200.jpg 300w, https:\/\/semmelweis.hu\/hirek\/files\/2018\/10\/RS84986_IMG_0363-scr-768x512.jpg 768w, https:\/\/semmelweis.hu\/hirek\/files\/2018\/10\/RS84986_IMG_0363-scr-600x400.jpg 600w, https:\/\/semmelweis.hu\/hirek\/files\/2018\/10\/RS84986_IMG_0363-scr-753x502.jpg 753w, https:\/\/semmelweis.hu\/hirek\/files\/2018\/10\/RS84986_IMG_0363-scr-203x135.jpg 203w, https:\/\/semmelweis.hu\/hirek\/files\/2018\/10\/RS84986_IMG_0363-scr.jpg 950w\" ><\/a><\/div>\r\n                    <\/span>\r\n                    <span class=\"gallery-item frame d-none d-md-flex\">\r\n\t\t\t\t\t<div class=\"galeria-small-img mt-0\"><a href=\"https:\/\/semmelweis.hu\/hirek\/files\/2018\/10\/RS84996_IMG_0316-scr.jpg\"><img src=https:\/\/semmelweis.hu\/hirek\/files\/2018\/10\/RS84996_IMG_0316-scr.jpg \r\n                                alt=\"\" \r\n                                class=\"attachment-sote-gallery-small size-sote-gallery-small\" \r\n                                srcset=\"https:\/\/semmelweis.hu\/hirek\/files\/2018\/10\/RS84996_IMG_0316-scr-300x200.jpg 300w, https:\/\/semmelweis.hu\/hirek\/files\/2018\/10\/RS84996_IMG_0316-scr-768x512.jpg 768w, https:\/\/semmelweis.hu\/hirek\/files\/2018\/10\/RS84996_IMG_0316-scr-600x400.jpg 600w, https:\/\/semmelweis.hu\/hirek\/files\/2018\/10\/RS84996_IMG_0316-scr-753x502.jpg 753w, https:\/\/semmelweis.hu\/hirek\/files\/2018\/10\/RS84996_IMG_0316-scr-203x135.jpg 203w, https:\/\/semmelweis.hu\/hirek\/files\/2018\/10\/RS84996_IMG_0316-scr.jpg 950w\" ><\/a><\/div>\r\n                    <\/span>\r\n\r\n                <\/div>\r\n\r\n            <\/div>\r\n\r\n            <span class=\"gallery-item\"><div class=\"hidden\"><a href=\"https:\/\/semmelweis.hu\/hirek\/files\/2018\/10\/RS84993_IMG_0333-scr.jpg\">\r\n        <img src=https:\/\/semmelweis.hu\/hirek\/files\/2018\/10\/RS84993_IMG_0333-scr.jpg alt=\"\" class=\"attachment-sote-gallery-big size-sote-gallery-big\" srcset=\"https:\/\/semmelweis.hu\/hirek\/files\/2018\/10\/RS84993_IMG_0333-scr-300x200.jpg 300w, https:\/\/semmelweis.hu\/hirek\/files\/2018\/10\/RS84993_IMG_0333-scr-768x512.jpg 768w, https:\/\/semmelweis.hu\/hirek\/files\/2018\/10\/RS84993_IMG_0333-scr-600x400.jpg 600w, https:\/\/semmelweis.hu\/hirek\/files\/2018\/10\/RS84993_IMG_0333-scr-753x502.jpg 753w, https:\/\/semmelweis.hu\/hirek\/files\/2018\/10\/RS84993_IMG_0333-scr-203x135.jpg 203w, https:\/\/semmelweis.hu\/hirek\/files\/2018\/10\/RS84993_IMG_0333-scr.jpg 950w\" >\r\n        <\/a><\/div><\/span><span class=\"gallery-item\"><div class=\"hidden\"><a href=\"https:\/\/semmelweis.hu\/hirek\/files\/2018\/10\/RS84992_IMG_0337-scr.jpg\">\r\n        <img src=https:\/\/semmelweis.hu\/hirek\/files\/2018\/10\/RS84992_IMG_0337-scr.jpg alt=\"\" class=\"attachment-sote-gallery-big size-sote-gallery-big\" srcset=\"https:\/\/semmelweis.hu\/hirek\/files\/2018\/10\/RS84992_IMG_0337-scr-200x300.jpg 200w, https:\/\/semmelweis.hu\/hirek\/files\/2018\/10\/RS84992_IMG_0337-scr-267x400.jpg 267w, https:\/\/semmelweis.hu\/hirek\/files\/2018\/10\/RS84992_IMG_0337-scr.jpg 500w\" >\r\n        <\/a><\/div><\/span><span class=\"gallery-item\"><div class=\"hidden\"><a href=\"https:\/\/semmelweis.hu\/hirek\/files\/2018\/10\/RS84997_IMG_0329-scr.jpg\">\r\n        <img src=https:\/\/semmelweis.hu\/hirek\/files\/2018\/10\/RS84997_IMG_0329-scr.jpg alt=\"\" class=\"attachment-sote-gallery-big size-sote-gallery-big\" srcset=\"https:\/\/semmelweis.hu\/hirek\/files\/2018\/10\/RS84997_IMG_0329-scr-300x200.jpg 300w, https:\/\/semmelweis.hu\/hirek\/files\/2018\/10\/RS84997_IMG_0329-scr-768x512.jpg 768w, https:\/\/semmelweis.hu\/hirek\/files\/2018\/10\/RS84997_IMG_0329-scr-600x400.jpg 600w, https:\/\/semmelweis.hu\/hirek\/files\/2018\/10\/RS84997_IMG_0329-scr-753x502.jpg 753w, https:\/\/semmelweis.hu\/hirek\/files\/2018\/10\/RS84997_IMG_0329-scr-203x135.jpg 203w, https:\/\/semmelweis.hu\/hirek\/files\/2018\/10\/RS84997_IMG_0329-scr.jpg 950w\" >\r\n        <\/a><\/div><\/span><span class=\"gallery-item\"><div class=\"hidden\"><a href=\"https:\/\/semmelweis.hu\/hirek\/files\/2018\/10\/RS84978_IMG_0384-scr.jpg\">\r\n        <img src=https:\/\/semmelweis.hu\/hirek\/files\/2018\/10\/RS84978_IMG_0384-scr.jpg alt=\"\" class=\"attachment-sote-gallery-big size-sote-gallery-big\" srcset=\"https:\/\/semmelweis.hu\/hirek\/files\/2018\/10\/RS84978_IMG_0384-scr-300x191.jpg 300w, https:\/\/semmelweis.hu\/hirek\/files\/2018\/10\/RS84978_IMG_0384-scr-768x488.jpg 768w, https:\/\/semmelweis.hu\/hirek\/files\/2018\/10\/RS84978_IMG_0384-scr-600x381.jpg 600w, https:\/\/semmelweis.hu\/hirek\/files\/2018\/10\/RS84978_IMG_0384-scr-753x479.jpg 753w, https:\/\/semmelweis.hu\/hirek\/files\/2018\/10\/RS84978_IMG_0384-scr.jpg 950w\" >\r\n        <\/a><\/div><\/span><span class=\"gallery-item\"><div class=\"hidden\"><a href=\"https:\/\/semmelweis.hu\/hirek\/files\/2018\/10\/RS84980_IMG_0377-scr.jpg\">\r\n        <img src=https:\/\/semmelweis.hu\/hirek\/files\/2018\/10\/RS84980_IMG_0377-scr.jpg alt=\"\" class=\"attachment-sote-gallery-big size-sote-gallery-big\" srcset=\"https:\/\/semmelweis.hu\/hirek\/files\/2018\/10\/RS84980_IMG_0377-scr-300x200.jpg 300w, https:\/\/semmelweis.hu\/hirek\/files\/2018\/10\/RS84980_IMG_0377-scr-768x512.jpg 768w, https:\/\/semmelweis.hu\/hirek\/files\/2018\/10\/RS84980_IMG_0377-scr-600x400.jpg 600w, https:\/\/semmelweis.hu\/hirek\/files\/2018\/10\/RS84980_IMG_0377-scr-753x502.jpg 753w, https:\/\/semmelweis.hu\/hirek\/files\/2018\/10\/RS84980_IMG_0377-scr-203x135.jpg 203w, https:\/\/semmelweis.hu\/hirek\/files\/2018\/10\/RS84980_IMG_0377-scr.jpg 950w\" >\r\n        <\/a><\/div><\/span><span class=\"gallery-item\"><div class=\"hidden\"><a href=\"https:\/\/semmelweis.hu\/hirek\/files\/2018\/10\/RS84983_IMG_0369-scr.jpg\">\r\n        <img src=https:\/\/semmelweis.hu\/hirek\/files\/2018\/10\/RS84983_IMG_0369-scr.jpg alt=\"\" class=\"attachment-sote-gallery-big size-sote-gallery-big\" srcset=\"https:\/\/semmelweis.hu\/hirek\/files\/2018\/10\/RS84983_IMG_0369-scr-300x195.jpg 300w, https:\/\/semmelweis.hu\/hirek\/files\/2018\/10\/RS84983_IMG_0369-scr-768x500.jpg 768w, https:\/\/semmelweis.hu\/hirek\/files\/2018\/10\/RS84983_IMG_0369-scr-600x390.jpg 600w, https:\/\/semmelweis.hu\/hirek\/files\/2018\/10\/RS84983_IMG_0369-scr-753x490.jpg 753w, https:\/\/semmelweis.hu\/hirek\/files\/2018\/10\/RS84983_IMG_0369-scr.jpg 950w\" >\r\n        <\/a><\/div><\/span><span class=\"gallery-item\"><div class=\"hidden\"><a href=\"https:\/\/semmelweis.hu\/hirek\/files\/2018\/10\/RS84974_IMG_0404-scr.jpg\">\r\n        <img src=https:\/\/semmelweis.hu\/hirek\/files\/2018\/10\/RS84974_IMG_0404-scr.jpg alt=\"\" class=\"attachment-sote-gallery-big size-sote-gallery-big\" srcset=\"https:\/\/semmelweis.hu\/hirek\/files\/2018\/10\/RS84974_IMG_0404-scr-300x200.jpg 300w, https:\/\/semmelweis.hu\/hirek\/files\/2018\/10\/RS84974_IMG_0404-scr-768x512.jpg 768w, https:\/\/semmelweis.hu\/hirek\/files\/2018\/10\/RS84974_IMG_0404-scr-600x400.jpg 600w, https:\/\/semmelweis.hu\/hirek\/files\/2018\/10\/RS84974_IMG_0404-scr-753x502.jpg 753w, https:\/\/semmelweis.hu\/hirek\/files\/2018\/10\/RS84974_IMG_0404-scr-203x135.jpg 203w, https:\/\/semmelweis.hu\/hirek\/files\/2018\/10\/RS84974_IMG_0404-scr.jpg 950w\" >\r\n        <\/a><\/div><\/span><span class=\"gallery-item\"><div class=\"hidden\"><a href=\"https:\/\/semmelweis.hu\/hirek\/files\/2018\/10\/RS84998_IMG_0311-scr.jpg\">\r\n        <img src=https:\/\/semmelweis.hu\/hirek\/files\/2018\/10\/RS84998_IMG_0311-scr.jpg alt=\"\" class=\"attachment-sote-gallery-big size-sote-gallery-big\" srcset=\"https:\/\/semmelweis.hu\/hirek\/files\/2018\/10\/RS84998_IMG_0311-scr-300x190.jpg 300w, https:\/\/semmelweis.hu\/hirek\/files\/2018\/10\/RS84998_IMG_0311-scr-768x487.jpg 768w, https:\/\/semmelweis.hu\/hirek\/files\/2018\/10\/RS84998_IMG_0311-scr-600x381.jpg 600w, https:\/\/semmelweis.hu\/hirek\/files\/2018\/10\/RS84998_IMG_0311-scr-753x478.jpg 753w, https:\/\/semmelweis.hu\/hirek\/files\/2018\/10\/RS84998_IMG_0311-scr.jpg 950w\" >\r\n        <\/a><\/div><\/span>\r\n            <\/div>\r\n\r\n            [\/slb_exclude]\r\n\t\n<p>T\u00f3th Ilona 1951-ben \u00e9retts\u00e9gizett a Teleki Blanka \u00c1ltal\u00e1nos Le\u00e1nygimn\u00e1ziumban, majd ezt k\u00f6vet\u0151en felvett\u00e9k a budapesti orvostudom\u00e1nyi egyetemre. A forradalom el\u0151tt a Sz\u00f6vets\u00e9g utcai k\u00f3rh\u00e1zban volt belgy\u00f3gy\u00e1szati gyakorlaton. 1956. okt\u00f3ber 23-\u00e1n r\u00e9szt vett a di\u00e1kt\u00fcntet\u00e9sen, okt\u00f3ber 25-\u00e9n pedig jelentkezett \u00e1pol\u00f3n\u0151nek a Sz\u00f6vets\u00e9g utcai k\u00f3rh\u00e1zba, ahol azonban nem tudtak munk\u00e1t adni neki, \u00edgy \u00e1tk\u00fcldt\u00e9k a P\u00e9terfy utcai k\u00f3rh\u00e1zba. Itt az \u00d6nk\u00e9ntes Ment\u0151szolg\u00e1lat tagja lett, majd november 1-j\u00e9t\u0151l a k\u00f3rh\u00e1z kiseg\u00edt\u0151 r\u00e9szleg\u00e9nek vezet\u0151je. November 20-\u00e1n t\u00e1rsaival egy\u00fctt letart\u00f3ztatt\u00e1k, majd koncepci\u00f3s per k\u00f6vetkezt\u00e9ben 1957. j\u00fanius 28-\u00e1n kiv\u00e9gezt\u00e9k. 2001-ben a F\u0151v\u00e1rosi B\u00edr\u00f3s\u00e1g a T\u00f3th Ilona elleni 1957-es elj\u00e1r\u00e1st semmisnek nyilv\u00e1n\u00edtotta. Az egyetem 2001 novembere \u00f3ta szoborral is tiszteleg T\u00f3th Ilona eml\u00e9ke el\u0151tt, mely Nagyv\u00e1rad t\u00e9ri Elm\u00e9leti T\u00f6mb el\u0151tt \u00e1ll.<\/p>\n<p>Dobozi P\u00e1lma<br \/>\nFot\u00f3: Kov\u00e1cs Attila &#8211; Semmelweis Egyetem<\/p>\n","protected":false},"excerpt":{"rendered":"<p>Az 1956-os forradalom \u00e9s szabads\u00e1gharc \u00e9vfordul\u00f3ja alkalm\u00e1b\u00f3l posztumusz Pro Universitate D\u00edjat adom\u00e1nyozott a Semmelweis Egyetem Szen\u00e1tusa dr. Merkely B\u00e9la rektor javaslat\u00e1ra T\u00f3th Ilona egykori hatod\u00e9ves orvostanhallgat\u00f3nak, az 1956 ut\u00e1ni megtorl\u00e1s hal\u00e1los \u00e1ldozat\u00e1nak. A legmagasabb egyetemi szint\u0171 kit\u00fcntet\u00e9st a csal\u00e1d nev\u00e9ben T\u00f3th Ilona unokah\u00faga, dr. T\u00f3th D\u00f3ra vette \u00e1t dr. Merkely B\u00e9l\u00e1t\u00f3l a d\u00edj adom\u00e1nyoz\u00e1s\u00e1r\u00f3l d\u00f6nt\u0151 &hellip;<\/p>\n","protected":false},"author":13,"featured_media":78735,"comment_status":"closed","ping_status":"closed","sticky":false,"template":"","format":"standard","meta":{"_acf_changed":false,"footnotes":""},"categories":[157,168],"tags":[158],"class_list":["post-78674","post","type-post","status-publish","format-standard","has-post-thumbnail","hentry","category-semmelweis-vilag","category-kiemelt","tag-dijak-kituntetesek"],"acf":[],"_links":{"self":[{"href":"https:\/\/semmelweis.hu\/hirek\/wp-json\/wp\/v2\/posts\/78674","targetHints":{"allow":["GET"]}}],"collection":[{"href":"https:\/\/semmelweis.hu\/hirek\/wp-json\/wp\/v2\/posts"}],"about":[{"href":"https:\/\/semmelweis.hu\/hirek\/wp-json\/wp\/v2\/types\/post"}],"author":[{"embeddable":true,"href":"https:\/\/semmelweis.hu\/hirek\/wp-json\/wp\/v2\/users\/13"}],"replies":[{"embeddable":true,"href":"https:\/\/semmelweis.hu\/hirek\/wp-json\/wp\/v2\/comments?post=78674"}],"version-history":[{"count":4,"href":"https:\/\/semmelweis.hu\/hirek\/wp-json\/wp\/v2\/posts\/78674\/revisions"}],"predecessor-version":[{"id":78736,"href":"https:\/\/semmelweis.hu\/hirek\/wp-json\/wp\/v2\/posts\/78674\/revisions\/78736"}],"wp:featuredmedia":[{"embeddable":true,"href":"https:\/\/semmelweis.hu\/hirek\/wp-json\/wp\/v2\/media\/78735"}],"wp:attachment":[{"href":"https:\/\/semmelweis.hu\/hirek\/wp-json\/wp\/v2\/media?parent=78674"}],"wp:term":[{"taxonomy":"category","embeddable":true,"href":"https:\/\/semmelweis.hu\/hirek\/wp-json\/wp\/v2\/categories?post=78674"},{"taxonomy":"post_tag","embeddable":true,"href":"https:\/\/semmelweis.hu\/hirek\/wp-json\/wp\/v2\/tags?post=78674"}],"curies":[{"name":"wp","href":"https:\/\/api.w.org\/{rel}","templated":true}]}}