{"id":78238,"date":"2018-10-12T09:10:10","date_gmt":"2018-10-12T07:10:10","guid":{"rendered":"http:\/\/semmelweis.hu\/hirek\/?p=78238"},"modified":"2019-04-08T15:39:46","modified_gmt":"2019-04-08T13:39:46","slug":"oktatohelyisegeket-adtak-at-az-i-sz-belgyogyaszati-klinikan","status":"publish","type":"post","link":"https:\/\/semmelweis.hu\/hirek\/2018\/10\/12\/oktatohelyisegeket-adtak-at-az-i-sz-belgyogyaszati-klinikan\/","title":{"rendered":"Oktat\u00f3helyis\u00e9geket adtak \u00e1t az I. Sz. Belgy\u00f3gy\u00e1szati Klinik\u00e1n"},"content":{"rendered":"<p class=\"lead\">H\u00e1rom gyakorl\u00f3 tantermet, oktat\u00f3i \u00e9s medikus szob\u00e1kat, valamint egy \u00f6lt\u00f6z\u0151helyis\u00e9get alak\u00edtottak ki az I. Sz. Belgy\u00f3gy\u00e1szati Klinik\u00e1n egy 2016-ban ki\u00edrt oktat\u00e1sfejleszt\u00e9si p\u00e1ly\u00e1zat keret\u00e9ben. Az oktat\u00f3helyis\u00e9geket az egyetem vezet\u00e9se, a klinika munkat\u00e1rsai, valamint hallgat\u00f3k jelenl\u00e9t\u00e9ben adt\u00e1k \u00e1t egy tan\u00f3ra keret\u00e9ben.<\/p>\n<p>A kiscsoportos oktat\u00e1sra alkalmas gyakorl\u00f3 termeket szeptember \u00f3ta haszn\u00e1lj\u00e1k a hallgat\u00f3k \u00e9s oktat\u00f3k. Az \u00fcnnep\u00e9lyes \u00e1tad\u00f3n dr. Hunyady L\u00e1szl\u00f3, az \u00c1ltal\u00e1nos Orvostudom\u00e1nyi Kar d\u00e9k\u00e1nja ismertette, hogy a klinika a fejleszt\u00e9shez sz\u00fcks\u00e9ges \u00f6sszeget a Semmelweis Egyetem rektora \u00e1ltal 2016-ban ki\u00edrt oktat\u00e1sfejleszt\u00e9si p\u00e1ly\u00e1zaton nyerte el. A p\u00e1ly\u00e1zat forr\u00e1s\u00e1t az Asklepios k\u00e9pz\u00e9s bev\u00e9tele biztos\u00edtotta. Hangs\u00falyozta, hogy az \u00faj helyis\u00e9geknek k\u00f6sz\u00f6nhet\u0151en az I. Sz. Belgy\u00f3gy\u00e1szati Klinik\u00e1n \u2013 egy t\u00f6bb mint 100 \u00e9ves \u00e9p\u00fcletben \u2013 jobb k\u00f6r\u00fclm\u00e9nyek k\u00f6z\u00f6tt folyhat a gyakorlati oktat\u00e1s, a tan\u00e1roknak pedig lehet\u0151s\u00e9g\u00fck van k\u00fcl\u00f6n helyis\u00e9gekben felk\u00e9sz\u00fclni a tan\u00f3r\u00e1kra. A d\u00e9k\u00e1n hozz\u00e1tette, hogy az idei tan\u00e9vben a negyed\u00e9vesek sz\u00e1m\u00e1ra bevezetett blokkos\u00edtott oktat\u00e1s miatt is fontos, hogy rendelkez\u00e9sre \u00e1llnak az \u00faj tantermek.<\/p>\n\r\n        [slb_exclude]\r\n        <div class=\"row galeria-wrapper mx-0 h-auto\">\r\n            <div class=\"col-9 pl-0 pr-2\">\r\n            <span class=\"gallery-item frame\">\r\n\t\t\t\t<div class=\"galeria-left-img\"><a href=\"https:\/\/semmelweis.hu\/hirek\/files\/2018\/10\/RS84233_ED_20181010_0080-scr.jpg\"><img src=https:\/\/semmelweis.hu\/hirek\/files\/2018\/10\/RS84233_ED_20181010_0080-scr.jpg  \r\n                            alt=\"\" \r\n                            class=\"attachment-sote-gallery-big size-sote-gallery-big\" \r\n                            srcset=\"https:\/\/semmelweis.hu\/hirek\/files\/2018\/10\/RS84233_ED_20181010_0080-scr-300x200.jpg 300w, https:\/\/semmelweis.hu\/hirek\/files\/2018\/10\/RS84233_ED_20181010_0080-scr-768x512.jpg 768w, https:\/\/semmelweis.hu\/hirek\/files\/2018\/10\/RS84233_ED_20181010_0080-scr-600x400.jpg 600w, https:\/\/semmelweis.hu\/hirek\/files\/2018\/10\/RS84233_ED_20181010_0080-scr-753x502.jpg 753w, https:\/\/semmelweis.hu\/hirek\/files\/2018\/10\/RS84233_ED_20181010_0080-scr-203x135.jpg 203w, https:\/\/semmelweis.hu\/hirek\/files\/2018\/10\/RS84233_ED_20181010_0080-scr.jpg 950w\" ><\/a><\/div>\r\n            <\/span>\r\n\r\n            <\/div>\r\n\r\n\t\t\t<div class=\"col-3 pl-0 pr-0\">\r\n\t\t\t\t<div class=\"galeria-right-img d-flex justify-content-between flex-column h-100 w-100 px-0 mx-0 \">\r\n                <div class=\"galeria-box\">\r\n\t\t\t\t\t<h3 class=\"galeria-title\">Gal\u00e9ria<\/h3>\r\n\t\t\t\t\t<div class=\"galeria-subtitle\">\r\n\r\n\t\t\t\t\t\t<div class=\"galeria-page-counter\"><span>9<\/span>k\u00e9p<\/div>\r\n                    <\/div> <\/div>\r\n                    <span class=\"gallery-item frame d-none d-md-flex\">\r\n\t\t\t\t\t<div class=\"galeria-small-img mt-0\"><a href=\"https:\/\/semmelweis.hu\/hirek\/files\/2018\/10\/RS84244_ED_20181010_0148-scr.jpg\"><img src=https:\/\/semmelweis.hu\/hirek\/files\/2018\/10\/RS84244_ED_20181010_0148-scr.jpg \r\n                                alt=\"\"  \r\n                                class=\"attachment-sote-gallery-small size-sote-gallery-small\" \r\n                                srcset=\"https:\/\/semmelweis.hu\/hirek\/files\/2018\/10\/RS84244_ED_20181010_0148-scr-300x200.jpg 300w, https:\/\/semmelweis.hu\/hirek\/files\/2018\/10\/RS84244_ED_20181010_0148-scr-768x512.jpg 768w, https:\/\/semmelweis.hu\/hirek\/files\/2018\/10\/RS84244_ED_20181010_0148-scr-600x400.jpg 600w, https:\/\/semmelweis.hu\/hirek\/files\/2018\/10\/RS84244_ED_20181010_0148-scr-753x502.jpg 753w, https:\/\/semmelweis.hu\/hirek\/files\/2018\/10\/RS84244_ED_20181010_0148-scr-203x135.jpg 203w, https:\/\/semmelweis.hu\/hirek\/files\/2018\/10\/RS84244_ED_20181010_0148-scr.jpg 950w\" ><\/a><\/div>\r\n                    <\/span>\r\n                    <span class=\"gallery-item frame d-none d-md-flex\">\r\n\t\t\t\t\t<div class=\"galeria-small-img mt-0\"><a href=\"https:\/\/semmelweis.hu\/hirek\/files\/2018\/10\/RS84229_ED_20181010_0051-scr.jpg\"><img src=https:\/\/semmelweis.hu\/hirek\/files\/2018\/10\/RS84229_ED_20181010_0051-scr.jpg \r\n                                alt=\"\" \r\n                                class=\"attachment-sote-gallery-small size-sote-gallery-small\" \r\n                                srcset=\"https:\/\/semmelweis.hu\/hirek\/files\/2018\/10\/RS84229_ED_20181010_0051-scr-300x200.jpg 300w, https:\/\/semmelweis.hu\/hirek\/files\/2018\/10\/RS84229_ED_20181010_0051-scr-768x512.jpg 768w, https:\/\/semmelweis.hu\/hirek\/files\/2018\/10\/RS84229_ED_20181010_0051-scr-600x400.jpg 600w, https:\/\/semmelweis.hu\/hirek\/files\/2018\/10\/RS84229_ED_20181010_0051-scr-753x502.jpg 753w, https:\/\/semmelweis.hu\/hirek\/files\/2018\/10\/RS84229_ED_20181010_0051-scr-203x135.jpg 203w, https:\/\/semmelweis.hu\/hirek\/files\/2018\/10\/RS84229_ED_20181010_0051-scr.jpg 950w\" ><\/a><\/div>\r\n                    <\/span>\r\n\r\n                <\/div>\r\n\r\n            <\/div>\r\n\r\n            <span class=\"gallery-item\"><div class=\"hidden\"><a href=\"https:\/\/semmelweis.hu\/hirek\/files\/2018\/10\/RS84234_ED_20181010_0090-scr.jpg\">\r\n        <img src=https:\/\/semmelweis.hu\/hirek\/files\/2018\/10\/RS84234_ED_20181010_0090-scr.jpg alt=\"\" class=\"attachment-sote-gallery-big size-sote-gallery-big\" srcset=\"https:\/\/semmelweis.hu\/hirek\/files\/2018\/10\/RS84234_ED_20181010_0090-scr-300x200.jpg 300w, https:\/\/semmelweis.hu\/hirek\/files\/2018\/10\/RS84234_ED_20181010_0090-scr-768x512.jpg 768w, https:\/\/semmelweis.hu\/hirek\/files\/2018\/10\/RS84234_ED_20181010_0090-scr-600x400.jpg 600w, https:\/\/semmelweis.hu\/hirek\/files\/2018\/10\/RS84234_ED_20181010_0090-scr-753x502.jpg 753w, https:\/\/semmelweis.hu\/hirek\/files\/2018\/10\/RS84234_ED_20181010_0090-scr-203x135.jpg 203w, https:\/\/semmelweis.hu\/hirek\/files\/2018\/10\/RS84234_ED_20181010_0090-scr.jpg 950w\" >\r\n        <\/a><\/div><\/span><span class=\"gallery-item\"><div class=\"hidden\"><a href=\"https:\/\/semmelweis.hu\/hirek\/files\/2018\/10\/RS84242_ED_20181010_0132-scr.jpg\">\r\n        <img src=https:\/\/semmelweis.hu\/hirek\/files\/2018\/10\/RS84242_ED_20181010_0132-scr.jpg alt=\"\" class=\"attachment-sote-gallery-big size-sote-gallery-big\" srcset=\"https:\/\/semmelweis.hu\/hirek\/files\/2018\/10\/RS84242_ED_20181010_0132-scr-300x200.jpg 300w, https:\/\/semmelweis.hu\/hirek\/files\/2018\/10\/RS84242_ED_20181010_0132-scr-768x512.jpg 768w, https:\/\/semmelweis.hu\/hirek\/files\/2018\/10\/RS84242_ED_20181010_0132-scr-600x400.jpg 600w, https:\/\/semmelweis.hu\/hirek\/files\/2018\/10\/RS84242_ED_20181010_0132-scr-753x502.jpg 753w, https:\/\/semmelweis.hu\/hirek\/files\/2018\/10\/RS84242_ED_20181010_0132-scr-203x135.jpg 203w, https:\/\/semmelweis.hu\/hirek\/files\/2018\/10\/RS84242_ED_20181010_0132-scr.jpg 950w\" >\r\n        <\/a><\/div><\/span><span class=\"gallery-item\"><div class=\"hidden\"><a href=\"https:\/\/semmelweis.hu\/hirek\/files\/2018\/10\/RS84237_ED_20181010_0103-scr.jpg\">\r\n        <img src=https:\/\/semmelweis.hu\/hirek\/files\/2018\/10\/RS84237_ED_20181010_0103-scr.jpg alt=\"\" class=\"attachment-sote-gallery-big size-sote-gallery-big\" srcset=\"https:\/\/semmelweis.hu\/hirek\/files\/2018\/10\/RS84237_ED_20181010_0103-scr-300x200.jpg 300w, https:\/\/semmelweis.hu\/hirek\/files\/2018\/10\/RS84237_ED_20181010_0103-scr-768x512.jpg 768w, https:\/\/semmelweis.hu\/hirek\/files\/2018\/10\/RS84237_ED_20181010_0103-scr-600x400.jpg 600w, https:\/\/semmelweis.hu\/hirek\/files\/2018\/10\/RS84237_ED_20181010_0103-scr-753x502.jpg 753w, https:\/\/semmelweis.hu\/hirek\/files\/2018\/10\/RS84237_ED_20181010_0103-scr-203x135.jpg 203w, https:\/\/semmelweis.hu\/hirek\/files\/2018\/10\/RS84237_ED_20181010_0103-scr.jpg 950w\" >\r\n        <\/a><\/div><\/span><span class=\"gallery-item\"><div class=\"hidden\"><a href=\"https:\/\/semmelweis.hu\/hirek\/files\/2018\/10\/RS84226_ED_20181010_0039-scr.jpg\">\r\n        <img src=https:\/\/semmelweis.hu\/hirek\/files\/2018\/10\/RS84226_ED_20181010_0039-scr.jpg alt=\"\" class=\"attachment-sote-gallery-big size-sote-gallery-big\" srcset=\"https:\/\/semmelweis.hu\/hirek\/files\/2018\/10\/RS84226_ED_20181010_0039-scr-300x200.jpg 300w, https:\/\/semmelweis.hu\/hirek\/files\/2018\/10\/RS84226_ED_20181010_0039-scr-768x512.jpg 768w, https:\/\/semmelweis.hu\/hirek\/files\/2018\/10\/RS84226_ED_20181010_0039-scr-600x400.jpg 600w, https:\/\/semmelweis.hu\/hirek\/files\/2018\/10\/RS84226_ED_20181010_0039-scr-753x502.jpg 753w, https:\/\/semmelweis.hu\/hirek\/files\/2018\/10\/RS84226_ED_20181010_0039-scr-203x135.jpg 203w, https:\/\/semmelweis.hu\/hirek\/files\/2018\/10\/RS84226_ED_20181010_0039-scr.jpg 950w\" >\r\n        <\/a><\/div><\/span><span class=\"gallery-item\"><div class=\"hidden\"><a href=\"https:\/\/semmelweis.hu\/hirek\/files\/2018\/10\/RS84221_ED_20181010_0019-scr.jpg\">\r\n        <img src=https:\/\/semmelweis.hu\/hirek\/files\/2018\/10\/RS84221_ED_20181010_0019-scr.jpg alt=\"\" class=\"attachment-sote-gallery-big size-sote-gallery-big\" srcset=\"https:\/\/semmelweis.hu\/hirek\/files\/2018\/10\/RS84221_ED_20181010_0019-scr-300x200.jpg 300w, https:\/\/semmelweis.hu\/hirek\/files\/2018\/10\/RS84221_ED_20181010_0019-scr-768x512.jpg 768w, https:\/\/semmelweis.hu\/hirek\/files\/2018\/10\/RS84221_ED_20181010_0019-scr-600x400.jpg 600w, https:\/\/semmelweis.hu\/hirek\/files\/2018\/10\/RS84221_ED_20181010_0019-scr-753x502.jpg 753w, https:\/\/semmelweis.hu\/hirek\/files\/2018\/10\/RS84221_ED_20181010_0019-scr-203x135.jpg 203w, https:\/\/semmelweis.hu\/hirek\/files\/2018\/10\/RS84221_ED_20181010_0019-scr.jpg 950w\" >\r\n        <\/a><\/div><\/span><span class=\"gallery-item\"><div class=\"hidden\"><a href=\"https:\/\/semmelweis.hu\/hirek\/files\/2018\/10\/RS84225_ED_20181010_0037-scr.jpg\">\r\n        <img src=https:\/\/semmelweis.hu\/hirek\/files\/2018\/10\/RS84225_ED_20181010_0037-scr.jpg alt=\"\" class=\"attachment-sote-gallery-big size-sote-gallery-big\" srcset=\"https:\/\/semmelweis.hu\/hirek\/files\/2018\/10\/RS84225_ED_20181010_0037-scr-300x200.jpg 300w, https:\/\/semmelweis.hu\/hirek\/files\/2018\/10\/RS84225_ED_20181010_0037-scr-768x512.jpg 768w, https:\/\/semmelweis.hu\/hirek\/files\/2018\/10\/RS84225_ED_20181010_0037-scr-600x400.jpg 600w, https:\/\/semmelweis.hu\/hirek\/files\/2018\/10\/RS84225_ED_20181010_0037-scr-753x502.jpg 753w, https:\/\/semmelweis.hu\/hirek\/files\/2018\/10\/RS84225_ED_20181010_0037-scr-203x135.jpg 203w, https:\/\/semmelweis.hu\/hirek\/files\/2018\/10\/RS84225_ED_20181010_0037-scr.jpg 950w\" >\r\n        <\/a><\/div><\/span>\r\n            <\/div>\r\n\r\n            [\/slb_exclude]\r\n\t\n<p>Az oktat\u00f3termek kialak\u00edt\u00e1s\u00e1nak szervez\u0151je \u00e9s fel\u00fcgyel\u0151je dr. Szathm\u00e1ri Mikl\u00f3s, az Orvosszakmai, Finansz\u00edroz\u00e1si \u00e9s Min\u0151s\u00e9gbiztos\u00edt\u00e1si F\u0151igazgat\u00f3s\u00e1g vezet\u0151je, a klinika nemr\u00e9g lek\u00f6sz\u00f6nt igazgat\u00f3ja volt. Az egyetemi tan\u00e1r az \u00e1tad\u00f3n megeml\u00e9kezett a klinika egykori tan\u00e1r\u00e1r\u00f3l, dr. Kelemen Endr\u00e9r\u0151l, akinek nev\u00e9hez k\u00f6t\u0151dik az els\u0151 magyarorsz\u00e1gi csontvel\u0151-transzplant\u00e1ci\u00f3. A professzort id\u00e9zve r\u00e1vil\u00e1g\u00edtott, hogy a hossz\u00fa t\u00e1v\u00fa sikerekhez \u00e9s eredm\u00e9nyekhez, a kit\u0171z\u00f6tt c\u00e9lok el\u00e9r\u00e9s\u00e9hez tehets\u00e9g, tanul\u00e1s \u00e9s tud\u00e1s, teljes\u00edtm\u00e9ny \u00e9s tisztess\u00e9g sz\u00fcks\u00e9ges. A k\u00f6sz\u00f6nt\u0151k ut\u00e1n dr. Szathm\u00e1ri Mikl\u00f3s a hiponatr\u00e9mi\u00e1r\u00f3l (n\u00e1trium-hi\u00e1ny) tartott \u00f3r\u00e1t az egyik \u00faj oktat\u00f3helyis\u00e9gben.<\/p>\n<p>Az \u00e1tad\u00f3n r\u00e9szt vett dr. Sz\u00e1sz K\u00e1roly kancell\u00e1r, dr. Szab\u00f3 Attila klinikai rektorhelyettes, dr. Tak\u00e1cs Istv\u00e1n klinikaigazgat\u00f3, valamint a hallgat\u00f3k mellett a klinika sz\u00e1mos munkat\u00e1rsa is.<\/p>\n<p>Keresztes Eszter<br \/>\nFot\u00f3: Erd\u0151s D\u00e9nes<\/p>\n","protected":false},"excerpt":{"rendered":"<p>H\u00e1rom gyakorl\u00f3 tantermet, oktat\u00f3i \u00e9s medikus szob\u00e1kat, valamint egy \u00f6lt\u00f6z\u0151helyis\u00e9get alak\u00edtottak ki.<\/p>\n","protected":false},"author":101132,"featured_media":78245,"comment_status":"closed","ping_status":"closed","sticky":false,"template":"","format":"standard","meta":{"_acf_changed":false,"footnotes":""},"categories":[3533,168],"tags":[4234,4140,3365,3444],"class_list":["post-78238","post","type-post","status-publish","format-standard","has-post-thumbnail","hentry","category-hallgatok-oktatas","category-kiemelt","tag-aktualitasok","tag-fejlesztes","tag-kancellar-hirei","tag-oktatas"],"acf":[],"_links":{"self":[{"href":"https:\/\/semmelweis.hu\/hirek\/wp-json\/wp\/v2\/posts\/78238","targetHints":{"allow":["GET"]}}],"collection":[{"href":"https:\/\/semmelweis.hu\/hirek\/wp-json\/wp\/v2\/posts"}],"about":[{"href":"https:\/\/semmelweis.hu\/hirek\/wp-json\/wp\/v2\/types\/post"}],"author":[{"embeddable":true,"href":"https:\/\/semmelweis.hu\/hirek\/wp-json\/wp\/v2\/users\/101132"}],"replies":[{"embeddable":true,"href":"https:\/\/semmelweis.hu\/hirek\/wp-json\/wp\/v2\/comments?post=78238"}],"version-history":[{"count":2,"href":"https:\/\/semmelweis.hu\/hirek\/wp-json\/wp\/v2\/posts\/78238\/revisions"}],"predecessor-version":[{"id":78273,"href":"https:\/\/semmelweis.hu\/hirek\/wp-json\/wp\/v2\/posts\/78238\/revisions\/78273"}],"wp:featuredmedia":[{"embeddable":true,"href":"https:\/\/semmelweis.hu\/hirek\/wp-json\/wp\/v2\/media\/78245"}],"wp:attachment":[{"href":"https:\/\/semmelweis.hu\/hirek\/wp-json\/wp\/v2\/media?parent=78238"}],"wp:term":[{"taxonomy":"category","embeddable":true,"href":"https:\/\/semmelweis.hu\/hirek\/wp-json\/wp\/v2\/categories?post=78238"},{"taxonomy":"post_tag","embeddable":true,"href":"https:\/\/semmelweis.hu\/hirek\/wp-json\/wp\/v2\/tags?post=78238"}],"curies":[{"name":"wp","href":"https:\/\/api.w.org\/{rel}","templated":true}]}}