{"id":77857,"date":"2018-09-26T15:23:35","date_gmt":"2018-09-26T13:23:35","guid":{"rendered":"http:\/\/semmelweis.hu\/hirek\/?p=77857"},"modified":"2018-09-26T15:41:19","modified_gmt":"2018-09-26T13:41:19","slug":"the-rangsor-a-semmelweis-egyetem-szerepel-az-elen-a-magyar-egyetemek-kozul","status":"publish","type":"post","link":"https:\/\/semmelweis.hu\/hirek\/2018\/09\/26\/the-rangsor-a-semmelweis-egyetem-szerepel-az-elen-a-magyar-egyetemek-kozul\/","title":{"rendered":"THE rangsor: a Semmelweis Egyetem szerepel az \u00e9len a magyar egyetemek k\u00f6z\u00fcl"},"content":{"rendered":"<p class=\"lead\">H\u00e9t magyar egyetem ker\u00fclt fel a londoni sz\u00e9khely\u0171 Times Higher Education (THE) most publik\u00e1lt vil\u00e1grangsor\u00e1ba, k\u00f6zt\u00fck a legjobban a Semmelweis Egyetem teljes\u00edtett.<\/p>\n<p>A Semmelweis Egyetem 401-500. helyen v\u00e9gzett a <a href=\"https:\/\/www.timeshighereducation.com\/\" target=\"_blank\" rel=\"noopener\">THE rangsorban<\/a>, ezzel meg\u0151rizte kor\u00e1bbi hely\u00e9t, b\u00e1r a r\u00e9szeredm\u00e9nyekben jav\u00edtani tudott. A list\u00e1n t\u00f6bb mint 1250 egyetem szerepel, a beker\u00fclt h\u00e9t magyar fels\u0151oktat\u00e1si int\u00e9zm\u00e9ny k\u00f6z\u00fcl a Semmelweis Egyetemet sorolt\u00e1k a legjobb helyre.<\/p>\n<p>A vil\u00e1grangsor k\u00e9sz\u00edt\u0151i \u00f6t ter\u00fclet mutat\u00f3i alapj\u00e1n m\u00e9rik az int\u00e9zm\u00e9nyeket, ezek az oktat\u00e1si k\u00f6rnyezet, kutat\u00e1s, id\u00e9zetts\u00e9g, ipari bev\u00e9telek \u00e9s nemzetk\u00f6zi orient\u00e1ci\u00f3. A Semmelweis Egyetem legjobban ez ut\u00f3bbiban szerepelt, ami a k\u00fclf\u00f6ldi hallgat\u00f3k \u00e9s oktat\u00f3k ar\u00e1ny\u00e1nak \u00e9s a nemzetk\u00f6zi egy\u00fcttm\u0171k\u00f6d\u00e9sben sz\u00fcletett publik\u00e1ci\u00f3knak k\u00f6sz\u00f6nhet\u0151, de a t\u00f6bbi mutat\u00f3 ter\u00fclet\u00e9n is siker\u00fclt jav\u00edtania eredm\u00e9nyein az int\u00e9zm\u00e9nynek az el\u0151z\u0151 \u00e9vhez k\u00e9pest.<\/p>\n<p>A hazai fels\u0151oktat\u00e1si int\u00e9zm\u00e9nyek k\u00f6z\u00fcl a 601-800. helyen v\u00e9gzett az E\u00f6tv\u00f6s Lor\u00e1nd Tudom\u00e1nyegyetem, a P\u00e9csi Tudom\u00e1nyegyetem \u00e9s a Szegedi Tudom\u00e1nyegyetem. A 801-1000. k\u00f6z\u00f6tti helyre sorolt\u00e1k a Budapesti M\u0171szaki \u00e9s Gazdas\u00e1gtudom\u00e1nyi Egyetemet \u00e9s a Debreceni Egyetemet, m\u00edg a Budapesti Corvinus Egyetem az 1001+ kateg\u00f3ri\u00e1ba ker\u00fclt.<\/p>\n<p>A vil\u00e1granglista els\u0151 h\u00e1rom helyezettje az Oxfordi Egyetem, a Cambridge-i Egyetem \u00e9s a Stanford.\u00a0<\/p>\n<p>Keresztes Eszter, Dobozi P\u00e1lma<br \/>\nFot\u00f3: Kov\u00e1cs Attila, Semmelweis Egyetem<\/p>\n","protected":false},"excerpt":{"rendered":"<p>Az egyetem a 401-500. helyen v\u00e9gzett a most k\u00f6zz\u00e9tett friss vil\u00e1grangsorban.  <\/p>\n","protected":false},"author":13,"featured_media":77860,"comment_status":"closed","ping_status":"closed","sticky":false,"template":"","format":"standard","meta":{"_acf_changed":false,"footnotes":""},"categories":[3533,168],"tags":[1000],"class_list":["post-77857","post","type-post","status-publish","format-standard","has-post-thumbnail","hentry","category-hallgatok-oktatas","category-kiemelt","tag-rangsor"],"acf":[],"_links":{"self":[{"href":"https:\/\/semmelweis.hu\/hirek\/wp-json\/wp\/v2\/posts\/77857","targetHints":{"allow":["GET"]}}],"collection":[{"href":"https:\/\/semmelweis.hu\/hirek\/wp-json\/wp\/v2\/posts"}],"about":[{"href":"https:\/\/semmelweis.hu\/hirek\/wp-json\/wp\/v2\/types\/post"}],"author":[{"embeddable":true,"href":"https:\/\/semmelweis.hu\/hirek\/wp-json\/wp\/v2\/users\/13"}],"replies":[{"embeddable":true,"href":"https:\/\/semmelweis.hu\/hirek\/wp-json\/wp\/v2\/comments?post=77857"}],"version-history":[{"count":5,"href":"https:\/\/semmelweis.hu\/hirek\/wp-json\/wp\/v2\/posts\/77857\/revisions"}],"predecessor-version":[{"id":77865,"href":"https:\/\/semmelweis.hu\/hirek\/wp-json\/wp\/v2\/posts\/77857\/revisions\/77865"}],"wp:featuredmedia":[{"embeddable":true,"href":"https:\/\/semmelweis.hu\/hirek\/wp-json\/wp\/v2\/media\/77860"}],"wp:attachment":[{"href":"https:\/\/semmelweis.hu\/hirek\/wp-json\/wp\/v2\/media?parent=77857"}],"wp:term":[{"taxonomy":"category","embeddable":true,"href":"https:\/\/semmelweis.hu\/hirek\/wp-json\/wp\/v2\/categories?post=77857"},{"taxonomy":"post_tag","embeddable":true,"href":"https:\/\/semmelweis.hu\/hirek\/wp-json\/wp\/v2\/tags?post=77857"}],"curies":[{"name":"wp","href":"https:\/\/api.w.org\/{rel}","templated":true}]}}