{"id":77721,"date":"2018-09-21T09:48:53","date_gmt":"2018-09-21T07:48:53","guid":{"rendered":"http:\/\/semmelweis.hu\/hirek\/?p=77721"},"modified":"2018-09-21T09:51:56","modified_gmt":"2018-09-21T07:51:56","slug":"dr-ferdinandy-peter-a-szellemi-tulajdon-vedelmen-keresztul-a-hazai-gazdasagot-kell-erositeni","status":"publish","type":"post","link":"https:\/\/semmelweis.hu\/hirek\/2018\/09\/21\/dr-ferdinandy-peter-a-szellemi-tulajdon-vedelmen-keresztul-a-hazai-gazdasagot-kell-erositeni\/","title":{"rendered":"Dr. Ferdinandy P\u00e9ter: A szellemi tulajdon v\u00e9delm\u00e9n kereszt\u00fcl a hazai gazdas\u00e1got kell er\u0151s\u00edteni"},"content":{"rendered":"<p class=\"lead\">Az innov\u00e1ci\u00f3s szeml\u00e9let, a v\u00e1llalkoz\u00f3i kedv er\u0151s\u00edt\u00e9se, a kutat\u00f3i \u00e9s oktat\u00f3i ut\u00e1np\u00f3tl\u00e1s-nevel\u00e9s biztos\u00edt\u00e1sa, valamint a t\u00e1mogat\u00f3 \u00e9s motiv\u00e1l\u00f3 szellemi tulajdon menedzsment is szerepel a j\u00falius 1-j\u00e9n kinevezett tudom\u00e1nyos rektorhelyettes, dr. Ferdinandy P\u00e9ter c\u00e9lkit\u0171z\u00e9sei k\u00f6z\u00f6tt. A Farmakol\u00f3giai \u00e9s Farmakoter\u00e1pi\u00e1s Int\u00e9zet igazgat\u00f3ja \u00fagy v\u00e9li, fontos, hogy az egyetemen \u00e9s az egyetemmel szoros kapcsolatban l\u00e9v\u0151 v\u00e1llalkoz\u00e1sokn\u00e1l olyan v\u00e9dett szellemi tulajdon j\u00f6jj\u00f6n l\u00e9tre, aminek megfelel\u0151 hasznos\u00edt\u00e1s\u00e1val \u00e9s els\u0151sorban hazai v\u00e1llalkoz\u00e1sokban val\u00f3 tov\u00e1bbfejleszt\u00e9s\u00e9vel n\u00f6velj\u00fck az egyetem ipari bev\u00e9teleit, valamint a hazai gazdas\u00e1g teljes\u00edtm\u00e9ny\u00e9t.<\/p>\n<p>Szerencs\u00e9s helyzetben vagyok, mert el\u0151d\u00f6m, dr. Bagdy Gy\u00f6rgy sz\u00e1mos ter\u00fcleten kiv\u00e1l\u00f3an m\u0171k\u00f6d\u0151 projekteket k\u00e9sz\u00edtett el\u0151 \u00e9s m\u0171k\u00f6dtetett, melyeket z\u00f6kken\u0151mentesen folytatunk. Folyamatosan egyeztett\u00fcnk az \u00e1tad\u00e1s-\u00e1tv\u00e9tel sor\u00e1n, \u00edgy az \u00e1tmenet rem\u00e9lhet\u0151leg az egyetem kutat\u00f3i sz\u00e1m\u00e1ra \u00e9szrev\u00e9tlen maradt \u2013 hangs\u00falyozta dr. Ferdinandy P\u00e9ter, aki szerint a pozit\u00edv \u00e9s motiv\u00e1l\u00f3 attit\u0171d kulcsfontoss\u00e1g\u00fa munk\u00e1ja sor\u00e1n.<\/p>\n<p><a href=\"https:\/\/semmelweis.hu\/hirek\/files\/2018\/09\/RS82600_IMG_4251-scr.jpg\"><img loading=\"lazy\" decoding=\"async\" class=\"alignleft  wp-image-77727\" src=\"https:\/\/semmelweis.hu\/hirek\/files\/2018\/09\/RS82600_IMG_4251-scr-275x400.jpg\" alt=\"\" width=\"284\" height=\"413\" srcset=\"https:\/\/semmelweis.hu\/hirek\/files\/2018\/09\/RS82600_IMG_4251-scr-275x400.jpg 275w, https:\/\/semmelweis.hu\/hirek\/files\/2018\/09\/RS82600_IMG_4251-scr-206x300.jpg 206w, https:\/\/semmelweis.hu\/hirek\/files\/2018\/09\/RS82600_IMG_4251-scr.jpg 516w\" sizes=\"auto, (max-width: 284px) 100vw, 284px\" \/><\/a>A rektorhelyettesek feladata hozz\u00e1j\u00e1rulni a rektori program siker\u00e9hez. A tudom\u00e1nyos rektorhelyettes hat\u00e1sk\u00f6r\u00e9be a tudom\u00e1ny \u00e9s az innov\u00e1ci\u00f3 tartozik, amely ter\u00fcletek fejleszt\u00e9s\u00e9nek eredm\u00e9nyei jelent\u0151s szerepet j\u00e1tszanak abban, hogy az egyetem beker\u00fclj\u00f6n a vil\u00e1g legjobb 100 fels\u0151oktat\u00e1si int\u00e9zm\u00e9nye k\u00f6z\u00e9. Ez ambici\u00f3zus c\u00e9lkit\u0171z\u00e9s, de a rektorhelyettes v\u00e9lem\u00e9nye szerint egy \u00e9vtizeden bel\u00fcl el\u00e9rhet\u0151. Ennek \u00e9rdek\u00e9ben felt\u00e9tlen sz\u00fcks\u00e9ges az egy\u00fcttm\u0171k\u00f6d\u00e9s a klinik\u00e1k, elm\u00e9leti int\u00e9zetek, illetve az \u00fan. spin-off v\u00e1llalkoz\u00e1sok k\u00f6z\u00f6tt k\u00f6z\u00f6s, flexibilis kutat\u00f3csoportokban \u2013 ismertette a tudom\u00e1nyos rektorhelyettes. A merev, int\u00e9zetekhez k\u00f6t\u00f6tt kutat\u00f3csoport-rendszert is c\u00e9lszer\u0171 fellaz\u00edtani, \u00e9s ink\u00e1bb int\u00e9zetek \u00e9s karok k\u00f6z\u00f6tti kutat\u00f3i h\u00e1l\u00f3zatok kialak\u00edt\u00e1s\u00e1val lehet fokozni a kutat\u00e1si teljes\u00edtm\u00e9nyt. \u00cdgy nagyobb es\u00e9llyel lehet mind hazai, mind eur\u00f3pai uni\u00f3s p\u00e1ly\u00e1zatokon indulni, hasonl\u00f3an a 2016-ban kezd\u0151d\u00f6tt, sikeres NVKP-p\u00e1ly\u00e1zatokhoz \u2013 tette hozz\u00e1.<\/p>\n<p>Jelenleg szint\u00e9n kev\u00e9ss\u00e9 kihaszn\u00e1lt kutat\u00e1sfejleszt\u00e9si potenci\u00e1lk\u00e9nt eml\u00edtette a klinikai kutat\u00e1sok ter\u00fclet\u00e9t. A klinik\u00e1k hat\u00e1rozottabb bevon\u00e1sa sz\u00fcks\u00e9ges a kutat\u00e1sba, ezzel n\u00f6velhet\u0151 a transzl\u00e1ci\u00f3s kutat\u00e1si projektek sz\u00e1ma.<\/p>\n<p>Az innov\u00e1ci\u00f3s szeml\u00e9let elterjeszt\u00e9s\u00e9vel n\u00f6velhet\u0151 az egyetemhez k\u00f6t\u0151d\u0151 innovat\u00edv v\u00e1llalkoz\u00e1sok (\u00fan. spin-off c\u00e9gek) sz\u00e1ma, melyek tov\u00e1bbi kutat\u00e1sfejleszt\u00e9si potenci\u00e1lt hordoznak. Az egyetemekhez k\u00f6t\u0151d\u0151 spin-off c\u00e9gek sz\u00e1m\u00e1t tekintve eg\u00e9sz Eur\u00f3pa le van maradva az Egyes\u00fclt \u00c1llamokhoz vagy \u00e9pp \u00c1zsi\u00e1hoz k\u00e9pest, a volt szocialista orsz\u00e1gokban pedig a kutat\u00e1sban a v\u00e1llalkoz\u00f3i gondolkod\u00e1sm\u00f3d szinte alig ismert \u2013 mutatott r\u00e1. Ha siker\u00fcl el\u00e9rni, hogy a Semmelweis Egyetem vonz\u00e1sk\u00f6rzet\u00e9be t\u00f6bb tucat vagy ak\u00e1r sz\u00e1zas nagys\u00e1grend\u0171 megl\u00e9v\u0151 \u00e9s \u00fajonnan alap\u00edtott v\u00e1llalkoz\u00e1s ker\u00fclj\u00f6n, azzal nemcsak a kutat\u00e1si potenci\u00e1lt lehet \u201efelp\u00f6rgetni\u201d, de olyan technol\u00f3gi\u00e1khoz juthatnak hozz\u00e1 az egyetemi kutat\u00f3k k\u00f6zvetve vagy k\u00f6zvetlen\u00fcl, amihez puszt\u00e1n az alapkutat\u00e1sok er\u0151s\u00edt\u00e9s\u00e9vel nem lehetne \u2013 v\u00e9lte.<\/p>\n<p class=\"keretes\" style=\"text-align: justify;\"><strong>N\u00e9vjegy:<\/strong> <br \/>\nDr. Ferdinandy P\u00e9ter Budapesten sz\u00fcletett 1966-ban. Orvosi diplom\u00e1j\u00e1t (Summa cum laude) 1991-ben vette k\u00e9zhez a Szent-Gy\u00f6rgy Albert Orvostudom\u00e1nyi Egyetemen, Szegeden. 2001-ben habilit\u00e1lt, 2004-t\u0151l az MTA doktora. <br \/>\n2004-ben min\u0151s\u00e9gmenedzsment, illetve gazdas\u00e1g \u00e9s p\u00e9nz\u00fcgy szakir\u00e1ny\u00fa MBA oklevelet szerzett. 2011 \u00f3ta a Semmelweis Egyetem Farmakol\u00f3giai \u00e9s Farmakoter\u00e1pi\u00e1s Int\u00e9zet igazgat\u00f3ja.<\/p>\n<p>Dr. Ferdinandy P\u00e9ter \u00f6szt\u00f6n\u00f6zni szeretn\u00e9 a kutat\u00f3kat, hogy saj\u00e1t v\u00e1llalkoz\u00e1sokat alap\u00edtsanak egyetemi k\u00f6t\u0151d\u00e9ssel, amihez \u00e1tl\u00e1that\u00f3 \u00e9s er\u0151sen motiv\u00e1l\u00f3 szellemi menedzsment l\u00e9trehoz\u00e1s\u00e1t tervezi. Ennek alapjak\u00e9nt hamarosan meg\u00fajul az egyetemi szellemi tulajdon kezel\u00e9si szab\u00e1lyzat. Mint elmondta, a gy\u00f3gyszer- \u00e9s orvostechnikai eszk\u00f6z\u00f6k fejleszt\u00e9s\u00e9be \u00fagy lehet befektet\u0151ket bevonni, ha az egyetemen vagy annak k\u00f6zrem\u0171k\u00f6d\u00e9s\u00e9vel l\u00e9trej\u00f6tt szabadalmak sz\u00e1m\u00e1t drasztikusan siker\u00fcl n\u00f6velni. Egy szabadalom bizonyos pontig val\u00f3 elvitel\u00e9nek a k\u00f6lts\u00e9ge nagyj\u00e1b\u00f3l megegyezik egy Open Access publik\u00e1ci\u00f3 kiad\u00e1saival \u2013 mutatott r\u00e1. Saj\u00e1t szakter\u00fclet\u00e9b\u0151l kiindulva p\u00e9ldak\u00e9nt elmondta, a gy\u00f3gyszeripar szellemi tulajdon\u00e1nak \u00e9letciklusa \u00e9vtizedekben m\u00e9rhet\u0151, ez\u00e9rt egyetemi vezet\u0151k\u00f6n \u00e1t\u00edvel\u0151 szellemi tulajdon menedzsmentet \u00e9s innov\u00e1ci\u00f3s strat\u00e9gi\u00e1t kell teremteni.<\/p>\n<p>A tudom\u00e1nyos rektorhelyettes besz\u00e1molt arr\u00f3l is, hogy publik\u00e1ci\u00f3s strat\u00e9gi\u00e1t fognak aj\u00e1nlani a kutat\u00f3knak k\u00fcl\u00f6nb\u00f6z\u0151 szakter\u00fcleteken, amiben nagy szerepet sz\u00e1n a K\u00f6zponti K\u00f6nyvt\u00e1rnak. Emellett k\u00fcl\u00f6nb\u00f6z\u0151 publik\u00e1ci\u00f3s t\u00e1mogat\u00e1sokat \u00e9s egy\u00e9b seg\u00edts\u00e9get, p\u00e9ld\u00e1ul nyelvi lektort is szeretn\u00e9nek biztos\u00edtani a kutat\u00f3k sz\u00e1m\u00e1ra, valamint tervezik a ny\u00edlt hozz\u00e1f\u00e9r\u00e9s\u0171 (Open Access) foly\u00f3iratok b\u0151v\u00edt\u00e9s\u00e9t is.<\/p>\n<p>Szint\u00e9n a f\u0151bb feladatok k\u00f6z\u00f6tt eml\u00edtette a \u201ecore facilty\u201d rendszer kialak\u00edt\u00e1s\u00e1t, el\u0151sz\u00f6r virtu\u00e1lis form\u00e1ban. Mint mondta, a Nagyv\u00e1rad t\u00e9ri Elm\u00e9leti T\u00f6mbben m\u00e1r l\u00e9trehoztak egy honlapot \u00e9vekkel ezel\u0151tt, ahol el\u00e9rhet\u0151ek a rendelkez\u00e9sre \u00e1ll\u00f3 m\u0171szerek, a kapcsol\u00f3d\u00f3 kontaktszem\u00e9lyek, els\u0151 l\u00e9p\u00e9sben ezt a fel\u00fcletet szeretn\u00e9k kiterjeszteni.<\/p>\n<p><a href=\"https:\/\/semmelweis.hu\/hirek\/files\/2018\/09\/RS82609_IMG_4201-scr.jpg\"><img loading=\"lazy\" decoding=\"async\" class=\"aligncenter size-full wp-image-77728\" src=\"https:\/\/semmelweis.hu\/hirek\/files\/2018\/09\/RS82609_IMG_4201-scr.jpg\" alt=\"\" width=\"950\" height=\"625\" srcset=\"https:\/\/semmelweis.hu\/hirek\/files\/2018\/09\/RS82609_IMG_4201-scr.jpg 950w, https:\/\/semmelweis.hu\/hirek\/files\/2018\/09\/RS82609_IMG_4201-scr-300x197.jpg 300w, https:\/\/semmelweis.hu\/hirek\/files\/2018\/09\/RS82609_IMG_4201-scr-768x505.jpg 768w, https:\/\/semmelweis.hu\/hirek\/files\/2018\/09\/RS82609_IMG_4201-scr-600x395.jpg 600w, https:\/\/semmelweis.hu\/hirek\/files\/2018\/09\/RS82609_IMG_4201-scr-753x495.jpg 753w, https:\/\/semmelweis.hu\/hirek\/files\/2018\/09\/RS82609_IMG_4201-scr-203x135.jpg 203w\" sizes=\"auto, (max-width: 950px) 100vw, 950px\" \/><\/a>A tudom\u00e1nyos rektorhelyettes szerint az ut\u00e1np\u00f3tl\u00e1s-nevel\u00e9s kulcsfontoss\u00e1g\u00fa: az oktat\u00f3i ut\u00e1np\u00f3tl\u00e1s csak a tudom\u00e1nyos ut\u00e1np\u00f3tl\u00e1ssal egy\u00fctt val\u00f3s\u00edthat\u00f3 meg, hiszen egy egyetemen az oktat\u00e1s \u00e9s kutat\u00e1s alapvet\u0151 elv\u00e1r\u00e1s. Az ut\u00e1np\u00f3tl\u00e1s-nevel\u00e9s a tudom\u00e1nyos di\u00e1kk\u00f6ri munk\u00e1val \u00e9s a demonstr\u00e1tori rendszerrel kezd\u0151dik, akkor kell a hallgat\u00f3kat \u00fagy motiv\u00e1lni, hogy azt \u00e9rezz\u00e9k, az egyetem\u00fcnkh\u00f6z tartoznak. Erre \u00e9p\u00fclhet a posztgradu\u00e1lis \u00e9s PhD-k\u00e9pz\u00e9s, amely tov\u00e1bbfejleszt\u00e9s\u00e9re tervezz\u00fck p\u00e9ld\u00e1ul az alumni adatb\u00e1zis b\u0151v\u00edt\u00e9s\u00e9n alapul\u00f3 kapcsolattart\u00e1s er\u0151s\u00edt\u00e9s\u00e9t a volt hazai \u00e9s nemzetk\u00f6zi hallgat\u00f3inkkal, mint els\u0151dleges c\u00e9lcsoporttal a posztgradu\u00e1lis k\u00e9pz\u00e9seink sz\u00e1m\u00e1ra. A c\u00e9lok k\u00f6z\u00f6tt szerepel m\u00e9g a doktori iskol\u00e1k er\u0151sebb nemzetk\u00f6zies\u00edt\u00e9se \u2013 sorolta dr. Ferdinandy P\u00e9ter. A k\u00fclf\u00f6ldi hallgat\u00f3k sz\u00e9lesebb k\u00f6r\u0171 megsz\u00f3l\u00edt\u00e1s\u00e1val nemcsak n\u00e9pszer\u0171s\u00edteni lehet az egyetemet, de a tudom\u00e1nyos teljes\u00edtm\u00e9ny nemzetk\u00f6zi kapcsolatrendszere is er\u0151s\u00edthet\u0151. Mindehhez elengedhetetlen az egyetem\u00fcnk nemzetk\u00f6zi marketing aktivit\u00e1s\u00e1nak er\u0151teljes n\u00f6vel\u00e9se \u2013 tette hozz\u00e1.<\/p>\n<p>Tov\u00e1bbi c\u00e9lk\u00e9nt eml\u00edtette a p\u00e1ly\u00e1zati adminisztr\u00e1ci\u00f3 megk\u00f6nny\u00edt\u00e9s\u00e9t \u00e9s a befolyt forr\u00e1sok hat\u00e9konyabb felhaszn\u00e1l\u00e1s\u00e1t. \u00dagy v\u00e9lte, fontos, hogy a kutat\u00f3k azt \u00e9rezz\u00e9k, az adminisztr\u00e1ci\u00f3s h\u00e1tt\u00e9r seg\u00edti, nem pedig g\u00e1tolja munk\u00e1jukat. Az innov\u00e1ci\u00f3 el\u0151seg\u00edt\u00e9s\u00e9hez \u00faj oktat\u00e1si program ind\u00edt\u00e1s\u00e1t is tervezz\u00fck \u2013 sz\u00e1molt be a rektorhelyettes. Az eg\u00e9szs\u00e9gipari innov\u00e1ci\u00f3s kurzuson szeretn\u00e9nk megtan\u00edtani m\u00e1r az als\u00f3bb \u00e9ves gradu\u00e1lis hallgat\u00f3nak, hogyan lehet a tudom\u00e1nyos eredm\u00e9nyeket a gazdas\u00e1gban is megjelen\u00edteni, \u00e9s ez \u00e1ltal munkahelyeket teremteni. Az alapkutat\u00e1s term\u00e9szetesen n\u00e9lk\u00fcl\u00f6zhetetlen, hiszen ez az innov\u00e1ci\u00f3 alapja, de az alapkutat\u00e1si forr\u00e1sokat oly m\u00f3don c\u00e9lszer\u0171 felhaszn\u00e1lni, hogy a kutat\u00e1s eredm\u00e9nyek\u00e9nt v\u00e9dett szellemi tulajdon j\u00f6hessen l\u00e9tre, ami lehet\u0151leg hazai k\u00e9zben l\u00e9v\u0151 v\u00e1llalkoz\u00e1sok seg\u00edts\u00e9g\u00e9vel a nemzetk\u00f6zi piacon hasznosul.<\/p>\n<p>Dr. Ferdinandy P\u00e9ter az iszk\u00e9mi\u00e1s sz\u00edvbetegs\u00e9g kialakul\u00e1s\u00e1nak mechanizmus\u00e1val \u00e9s kardioprotekt\u00edv ter\u00e1pi\u00e1k fejleszt\u00e9s\u00e9vel foglalkozik, \u00f6n\u00e1ll\u00f3 kutat\u00f3csoportot \u00e9s innovat\u00edv hasznos\u00edt\u00f3 v\u00e1llalkoz\u00e1st vezet, t\u00f6bb egym\u00e1st\u00f3l f\u00fcggetlen tudom\u00e1nyos projektben is r\u00e9szt vesz. A 2017-ben Huzella Tivadar-d\u00edjjal kit\u00fcntetett egyetemi tan\u00e1r az adott tudom\u00e1nyter\u00fcletre legnagyobb hat\u00e1st gyakorolt publik\u00e1ci\u00f3kat alapul vev\u0151 \u00fan. \u201ehighly cited\u201d list\u00e1ra 2014-ben \u00e9s 2017-ben is felker\u00fclt. Kutat\u00e1si ter\u00fclet\u00e9n els\u0151k k\u00f6z\u00f6tt alkalmazta az \u00fan. omikai technol\u00f3gi\u00e1kat, melyek haszn\u00e1lat\u00e1val elfogulatlanul lehet \u00faj molekul\u00e1ris c\u00e9lpontokat azonos\u00edtani a gy\u00f3gyszerfejleszt\u00e9shez.<\/p>\n<p>Keresztes Eszter<br \/>\nFot\u00f3: Kov\u00e1cs Attila, Semmelweis Egyetem<\/p>\n","protected":false},"excerpt":{"rendered":"<p>Az innov\u00e1ci\u00f3s szeml\u00e9let elterjeszt\u00e9s\u00e9vel n\u00f6velhet\u0151 az egyetemhez k\u00f6t\u0151d\u0151 innovat\u00edv v\u00e1llalkoz\u00e1sok sz\u00e1ma.<\/p>\n","protected":false},"author":101132,"featured_media":77728,"comment_status":"closed","ping_status":"closed","sticky":false,"template":"","format":"standard","meta":{"_acf_changed":false,"footnotes":""},"categories":[157,168],"tags":[3996],"class_list":["post-77721","post","type-post","status-publish","format-standard","has-post-thumbnail","hentry","category-semmelweis-vilag","category-kiemelt","tag-interju"],"acf":[],"_links":{"self":[{"href":"https:\/\/semmelweis.hu\/hirek\/wp-json\/wp\/v2\/posts\/77721","targetHints":{"allow":["GET"]}}],"collection":[{"href":"https:\/\/semmelweis.hu\/hirek\/wp-json\/wp\/v2\/posts"}],"about":[{"href":"https:\/\/semmelweis.hu\/hirek\/wp-json\/wp\/v2\/types\/post"}],"author":[{"embeddable":true,"href":"https:\/\/semmelweis.hu\/hirek\/wp-json\/wp\/v2\/users\/101132"}],"replies":[{"embeddable":true,"href":"https:\/\/semmelweis.hu\/hirek\/wp-json\/wp\/v2\/comments?post=77721"}],"version-history":[{"count":9,"href":"https:\/\/semmelweis.hu\/hirek\/wp-json\/wp\/v2\/posts\/77721\/revisions"}],"predecessor-version":[{"id":77741,"href":"https:\/\/semmelweis.hu\/hirek\/wp-json\/wp\/v2\/posts\/77721\/revisions\/77741"}],"wp:featuredmedia":[{"embeddable":true,"href":"https:\/\/semmelweis.hu\/hirek\/wp-json\/wp\/v2\/media\/77728"}],"wp:attachment":[{"href":"https:\/\/semmelweis.hu\/hirek\/wp-json\/wp\/v2\/media?parent=77721"}],"wp:term":[{"taxonomy":"category","embeddable":true,"href":"https:\/\/semmelweis.hu\/hirek\/wp-json\/wp\/v2\/categories?post=77721"},{"taxonomy":"post_tag","embeddable":true,"href":"https:\/\/semmelweis.hu\/hirek\/wp-json\/wp\/v2\/tags?post=77721"}],"curies":[{"name":"wp","href":"https:\/\/api.w.org\/{rel}","templated":true}]}}