{"id":77558,"date":"2018-09-14T15:00:24","date_gmt":"2018-09-14T13:00:24","guid":{"rendered":"http:\/\/semmelweis.hu\/hirek\/?p=77558"},"modified":"2019-02-19T09:16:17","modified_gmt":"2019-02-19T08:16:17","slug":"dr-banhidy-ferenc-megtisztelo-egy-ilyen-csapattal-dolgozni","status":"publish","type":"post","link":"https:\/\/semmelweis.hu\/hirek\/2018\/09\/14\/dr-banhidy-ferenc-megtisztelo-egy-ilyen-csapattal-dolgozni\/","title":{"rendered":"Dr. B\u00e1nhidy Ferenc: Megtisztel\u0151 egy ilyen csapattal dolgozni"},"content":{"rendered":"<p class=\"lead\"><strong>Semmelweis Ign\u00e1cot sehol nem kell bemutatni, az pedig, hogy a nev\u00e9t visel\u0151 egyetem is ugyanolyan h\u00edress\u00e9 v\u00e1ljon, mint a n\u00e9vad\u00f3, hatalmas eredm\u00e9ny lenne a munkat\u00e1rsak \u00e9s az orsz\u00e1g sz\u00e1m\u00e1ra is. Ez\u00e9rt \u00e9rdemes dolgozni \u2013 fogalmazott dr. B\u00e1nhidy Ferenc \u00e1ltal\u00e1nos rektorhelyettes. Mint hangs\u00falyozta, sz\u00edv\u00fcgy\u00e9nek tartja a dr. Merkely B\u00e9la rektor \u00e1ltal megfogalmazott c\u00e9lt, hogy az egyetem a legjobb sz\u00e1z k\u00f6z\u00e9 ker\u00fclj\u00f6n a fels\u0151oktat\u00e1si rangsorokban, emellett kiemelte a programb\u00f3l a betegell\u00e1t\u00e1s sz\u00ednvonal\u00e1nak tov\u00e1bbi emel\u00e9s\u00e9t. <\/strong><\/p>\n<p><a href=\"https:\/\/semmelweis.hu\/hirek\/files\/2018\/09\/RS83307_IMG_6438-scr.jpg\"><img loading=\"lazy\" decoding=\"async\" class=\"wp-image-77559 alignright\" src=\"https:\/\/semmelweis.hu\/hirek\/files\/2018\/09\/RS83307_IMG_6438-scr-300x200.jpg\" alt=\"\" width=\"473\" height=\"315\" srcset=\"https:\/\/semmelweis.hu\/hirek\/files\/2018\/09\/RS83307_IMG_6438-scr-300x200.jpg 300w, https:\/\/semmelweis.hu\/hirek\/files\/2018\/09\/RS83307_IMG_6438-scr-768x512.jpg 768w, https:\/\/semmelweis.hu\/hirek\/files\/2018\/09\/RS83307_IMG_6438-scr-600x400.jpg 600w, https:\/\/semmelweis.hu\/hirek\/files\/2018\/09\/RS83307_IMG_6438-scr-753x502.jpg 753w, https:\/\/semmelweis.hu\/hirek\/files\/2018\/09\/RS83307_IMG_6438-scr-203x135.jpg 203w, https:\/\/semmelweis.hu\/hirek\/files\/2018\/09\/RS83307_IMG_6438-scr.jpg 950w\" sizes=\"auto, (max-width: 473px) 100vw, 473px\" \/><\/a>Dr. B\u00e1nhidy Ferenc az el\u0151z\u0151 rektori ciklusban, 2015 \u00e9s 2018 k\u00f6z\u00f6tt is \u00e1ltal\u00e1nos rektorhelyettesk\u00e9nt tev\u00e9kenykedett, \u00edgy egy\u00fctt dolgozott dr. Merkely B\u00e9la akkori klinikai rektorhelyettessel, jelenlegi rektorral. Mint kiemelte, nagy megtiszteltet\u00e9s sz\u00e1m\u00e1ra, hogy \u2013 ismerve kor\u00e1bbi munk\u00e1j\u00e1t \u2013 az \u00faj rektor is bizalmat szavazott sz\u00e1m\u00e1ra ebben a poz\u00edci\u00f3ban. B\u00e1r a poszt ugyanaz, m\u00e9gis a helyzet m\u00e1s, hiszen egyr\u00e9szt a rektor szem\u00e9lye nagyban befoly\u00e1solja az elv\u00e1r\u00e1sokat \u00e9s a feladatokat, m\u00e1sr\u00e9szt a rektorhelyettesek sz\u00e1ma is \u00f6t f\u0151re b\u0151v\u00fclt, \u00edgy tov\u00e1bb er\u0151s\u00f6d\u00f6tt a csapat. Ami nem v\u00e1ltozott, hogy az \u00faj rektor is csapatban gondolkodik, \u00e9s \u2013 mint dr. B\u00e1nhidy Ferenc hangs\u00falyozta \u2013 a csapattagok er\u0151s\u00edtik egym\u00e1st, ki-ki beleteszi a munk\u00e1ba a saj\u00e1t gondolatait, de egy ir\u00e1nyba h\u00faznak a \u201ecsapatkapit\u00e1ny\u201d ir\u00e1ny\u00edt\u00e1sa mellett, v\u00edzi\u00f3j\u00e1t k\u00f6vetve. A rektorhelyettes szerint egy ekkora int\u00e9zm\u00e9ny eset\u00e9ben, mint az egyetem, k\u00fcl\u00f6n\u00f6sen fontos, hogy a fels\u0151vezet\u0151k \u00f6sszetartsanak, hiszen a gondolatb\u00f3l \u00edgy sz\u00fclethet k\u00e9zzelfoghat\u00f3 eredm\u00e9ny. Dr. Merkely B\u00e9la rektori p\u00e1ly\u00e1zat\u00e1ban megfogalmazta az ir\u00e1nyt, \u00e9s azt, hogy milyen c\u00e9lokat kell el\u00e9rni a k\u00f6vetkez\u0151 \u00f6t \u00e9vben. Teh\u00e1t az alapk\u00f6vek megvannak, \u00e9s ezeket a c\u00e9lokat kell \u00f6t\u00fcnknek el\u00e9rni a rektor ir\u00e1ny\u00edt\u00e1s\u00e1val &#8211; fogalmazott.<\/p>\n<p>A programmal kapcsolatban kit\u00e9rt r\u00e1: neki is sz\u00edv\u00fcgye, hogy a Semmelweis Egyetem nemzetk\u00f6zi szinten bejusson a sz\u00e1z legjobb fels\u0151oktat\u00e1si int\u00e9zm\u00e9ny k\u00f6z\u00e9. A m\u00e1sik ter\u00fclet, ami rendk\u00edv\u00fcl fontos sz\u00e1m\u00e1ra a k\u00f6vetkez\u0151 id\u0151szak c\u00e9ljai k\u00f6z\u00fcl, az a betegell\u00e1t\u00e1s sz\u00ednvonal\u00e1nak tov\u00e1bbi n\u00f6vel\u00e9se. Klinikusk\u00e9nt \u0151 is napi szinten l\u00e1tja a ter\u00fclet m\u0171k\u00f6d\u00e9s\u00e9t, az esetleges buktat\u00f3kat, \u00e9s annak jelent\u0151s\u00e9g\u00e9t, hogy a szakmai sz\u00ednvonallal harmoniz\u00e1ljon a gazdas\u00e1gi h\u00e1tt\u00e9r is. Mint a rektorhelyettes r\u00e1mutatott, a programb\u00f3l \u00e1ltala kiemelt k\u00e9t feladat term\u00e9szetesen \u00f6sszef\u00fcgg, hiszen gy\u00f3gy\u00edt\u00e1s n\u00e9lk\u00fcl nincs oktat\u00e1s \u00e9s kutat\u00e1s sem: ahol j\u00f3l tudunk gy\u00f3gy\u00edtani, ott tudunk csak kimagasl\u00f3 oktat\u00e1si tev\u00e9kenys\u00e9get v\u00e9gezni \u00e9s magas szint\u0171 tudom\u00e1nyt m\u0171velni \u2013 mutatott r\u00e1. Ut\u00f3bbi eset\u00e9ben ez k\u00fcl\u00f6n\u00f6sen igaz akkor, ha a rektori programban is meghat\u00e1rozott m\u00f3don az alapkutat\u00e1st min\u00e9l ink\u00e1bb \u00f6sszek\u00f6tj\u00fck a beteg\u00e1gy melletti munk\u00e1val, ami \u00f6sszhangban \u00e1ll a nemzetk\u00f6zi trendekkel is. Mint megjegyezte, \u0151 is r\u00e9szt vett abban a k\u00f6z\u00f6s gondolkod\u00e1sban, melynek eredm\u00e9nyek\u00e9nt megsz\u00fcletett a rektori program, mellyel teljes m\u00e9rt\u00e9kben tud azonosulni.<\/p>\n<p><a href=\"https:\/\/semmelweis.hu\/hirek\/files\/2018\/09\/RS83303_IMG_6452-scr.jpg\"><img loading=\"lazy\" decoding=\"async\" class=\"alignleft  wp-image-77560\" src=\"https:\/\/semmelweis.hu\/hirek\/files\/2018\/09\/RS83303_IMG_6452-scr-200x300.jpg\" alt=\"\" width=\"311\" height=\"467\" srcset=\"https:\/\/semmelweis.hu\/hirek\/files\/2018\/09\/RS83303_IMG_6452-scr-200x300.jpg 200w, https:\/\/semmelweis.hu\/hirek\/files\/2018\/09\/RS83303_IMG_6452-scr-267x400.jpg 267w, https:\/\/semmelweis.hu\/hirek\/files\/2018\/09\/RS83303_IMG_6452-scr.jpg 500w\" sizes=\"auto, (max-width: 311px) 100vw, 311px\" \/><\/a>Dr. B\u00e1nhidy Ferenc \u00fagy fogalmazott, a rektor egy olyan p\u00e1ly\u00e1ra k\u00edv\u00e1nja \u00e1ll\u00edtani az egyetemet \u00e9s az eg\u00e9sz int\u00e9zm\u00e9nyrendszert, ami egy sokkal gyorsabb halad\u00e1st ig\u00e9nyel. Mint megjegyezte, a habitusbeli hasonl\u00f3s\u00e1gok miatt nagyon k\u00f6zel \u00e1ll hozz\u00e1 ez a szeml\u00e9let, hiszen ami\u00f3ta r\u00e9sze a fels\u0151vezet\u00e9snek, az a t\u00f6rekv\u00e9s hajtja, hogy gyorsabban \u00e9s tettre k\u00e9szen m\u0171k\u00f6dj\u00f6n az egyetem. Ugyanakkor biztos, hogy m\u00e1sok lesznek a priorit\u00e1sok a k\u00f6vetkez\u0151 \u00f6t \u00e9vben, ami v\u00e1rhat\u00f3an m\u00e9g t\u00f6bb munk\u00e1t ig\u00e9nyel az \u00e1ltal\u00e1nos rektorhelyettest\u0151l is \u2013 v\u00e9lekedett, hozz\u00e1t\u00e9ve, hogy a rektor a megb\u00edz\u00e1s \u00e1tad\u00e1sakor is egy\u00e9rtelm\u0171v\u00e9 tette, hogy kih\u00edv\u00e1sokban gazdag id\u0151szak k\u00f6vetkezik. Az \u0151 feladata lesz a rektor hosszabb t\u00e1voll\u00e9te eset\u00e9n az \u00e1ltal\u00e1nos helyettes\u00edt\u00e9s a napi rutinban. A k\u00fcl\u00f6nb\u00f6z\u0151 reprezentat\u00edv feladatok eset\u00e9ben szint\u00e9n \u0151 k\u00e9pviselheti bizonyos esetekben a rektort, emellett pedig a munkamegoszt\u00e1s sor\u00e1n b\u00e1rmilyen t\u00e9m\u00e1ban kaphat feladatot egy-egy projekt v\u00e9gigvitel\u00e9ben.\u00a0<\/p>\n<p>Dr. B\u00e1nhidy Ferenc az orvosi diploma megszerz\u00e9se \u00f3ta a II. Sz. Sz\u00fcl\u00e9szeti \u00e9s N\u0151gy\u00f3gy\u00e1szati Klinik\u00e1n dolgozik, melynek 2013 \u00f3ta igazgat\u00f3helyettese. Betegell\u00e1t\u00f3 munk\u00e1j\u00e1t a rektorhelyettesi poszt mellett is folytatta, fontosnak tartja ugyanakkor, hogy minden\u00fctt a maximumot ny\u00fajtsa, \u00e9s egyik tev\u00e9kenys\u00e9g se menjen a m\u00e1sik rov\u00e1s\u00e1ra. A n\u00f6vekv\u0151 energi\u00e1t ig\u00e9nyl\u0151 rektorhelyettesi feladatokb\u00f3l nem lehet elvenni, a betegell\u00e1t\u00e1s ter\u00e9n azonban d\u00f6nthet arr\u00f3l, hogy mennyi beteget v\u00e1llal \u2013 mutatott r\u00e1.<\/p>\n<p>\u00dagy l\u00e1tja, hatalmas eredm\u00e9ny \u00e9s \u00f3ri\u00e1si b\u00fcszkes\u00e9g lenne a munkat\u00e1rsak \u00e9s az eg\u00e9sz orsz\u00e1g sz\u00e1m\u00e1ra is, ha az egyetem ugyanolyan h\u00edress\u00e9 tudna v\u00e1lni, mint n\u00e9vad\u00f3ja, Semmelweis Ign\u00e1c, \u00e9s bejutna a vil\u00e1g sz\u00e1z legjobb fels\u0151oktat\u00e1si int\u00e9zm\u00e9nye k\u00f6z\u00e9. \u201eEz egy olyan c\u00e9l, ami\u00e9rt \u00e9rdemes dolgozni, \u00e9s maxim\u00e1lis els\u0151bbs\u00e9get \u00e9lvez sz\u00e1momra jelenleg\u201d \u2013 mondta. \u00a0<\/p>\n<p>Dobozi P\u00e1lma<br \/>\nFot\u00f3: Kov\u00e1cs Attila, Semmelweis Egyetem<\/p>\n","protected":false},"excerpt":{"rendered":"<p>Megtiszteltet\u00e9s sz\u00e1m\u00e1ra, hogy az \u00faj rektor is bizalmat szavazott neki \u00e1ltal\u00e1nos rektorhelyettesk\u00e9nt. <\/p>\n","protected":false},"author":13,"featured_media":77559,"comment_status":"closed","ping_status":"closed","sticky":false,"template":"","format":"standard","meta":{"_acf_changed":false,"footnotes":""},"categories":[157,168],"tags":[3996],"class_list":["post-77558","post","type-post","status-publish","format-standard","has-post-thumbnail","hentry","category-semmelweis-vilag","category-kiemelt","tag-interju"],"acf":[],"_links":{"self":[{"href":"https:\/\/semmelweis.hu\/hirek\/wp-json\/wp\/v2\/posts\/77558","targetHints":{"allow":["GET"]}}],"collection":[{"href":"https:\/\/semmelweis.hu\/hirek\/wp-json\/wp\/v2\/posts"}],"about":[{"href":"https:\/\/semmelweis.hu\/hirek\/wp-json\/wp\/v2\/types\/post"}],"author":[{"embeddable":true,"href":"https:\/\/semmelweis.hu\/hirek\/wp-json\/wp\/v2\/users\/13"}],"replies":[{"embeddable":true,"href":"https:\/\/semmelweis.hu\/hirek\/wp-json\/wp\/v2\/comments?post=77558"}],"version-history":[{"count":6,"href":"https:\/\/semmelweis.hu\/hirek\/wp-json\/wp\/v2\/posts\/77558\/revisions"}],"predecessor-version":[{"id":82047,"href":"https:\/\/semmelweis.hu\/hirek\/wp-json\/wp\/v2\/posts\/77558\/revisions\/82047"}],"wp:featuredmedia":[{"embeddable":true,"href":"https:\/\/semmelweis.hu\/hirek\/wp-json\/wp\/v2\/media\/77559"}],"wp:attachment":[{"href":"https:\/\/semmelweis.hu\/hirek\/wp-json\/wp\/v2\/media?parent=77558"}],"wp:term":[{"taxonomy":"category","embeddable":true,"href":"https:\/\/semmelweis.hu\/hirek\/wp-json\/wp\/v2\/categories?post=77558"},{"taxonomy":"post_tag","embeddable":true,"href":"https:\/\/semmelweis.hu\/hirek\/wp-json\/wp\/v2\/tags?post=77558"}],"curies":[{"name":"wp","href":"https:\/\/api.w.org\/{rel}","templated":true}]}}