{"id":76737,"date":"2018-07-26T14:45:49","date_gmt":"2018-07-26T12:45:49","guid":{"rendered":"http:\/\/semmelweis.hu\/hirek\/?p=76737"},"modified":"2018-07-26T14:45:49","modified_gmt":"2018-07-26T12:45:49","slug":"atmenetileg-a-kozponti-betegellato-epuletbe-kerult-a-ii-sz-gyermekgyogyaszati-klinika-fekvobeteg-ellatasa","status":"publish","type":"post","link":"https:\/\/semmelweis.hu\/hirek\/2018\/07\/26\/atmenetileg-a-kozponti-betegellato-epuletbe-kerult-a-ii-sz-gyermekgyogyaszati-klinika-fekvobeteg-ellatasa\/","title":{"rendered":"\u00c1tmenetileg a K\u00f6zponti Betegell\u00e1t\u00f3 \u00c9p\u00fcletbe ker\u00fclt a II. Sz. Gyermekgy\u00f3gy\u00e1szati Klinika fekv\u0151beteg-ell\u00e1t\u00e1sa"},"content":{"rendered":"<p class=\"lead\">Fel\u00faj\u00edt\u00e1si munk\u00e1latok miatt \u00e1tmenetileg a K\u00f6zponti Betegell\u00e1t\u00f3 \u00c9p\u00fcletben m\u0171k\u00f6dik a II. Sz. Gyermekgy\u00f3gy\u00e1szati Klinika fekv\u0151beteg-ell\u00e1t\u00e1sa. Az ambul\u00e1ns rendel\u00e9sek nagyr\u00e9szt tov\u00e1bbra is a T\u0171zolt\u00f3 utc\u00e1ban zajlanak, egyes szakrendel\u00e9sek azonban szint\u00e9n \u00e1tker\u00fcltek a K\u00fcls\u0151 Klinikai T\u00f6mbbe.<\/p>\n<p>Dr. Szab\u00f3 Andr\u00e1s, a II. Sz. Gyermekgy\u00f3gy\u00e1szati Klinika igazgat\u00f3j\u00e1nak t\u00e1j\u00e9koztat\u00e1sa szerint (amely a <a href=\"http:\/\/tuzoltoklinika.semmelweis.hu\/\" target=\"_blank\" rel=\"noopener\">klinika honlapj\u00e1n<\/a> is el\u00e9rhet\u0151), a hemato-onkol\u00f3gia, immunol\u00f3gia, endokrinol\u00f3gia \u00e9s seb\u00e9szet szakrendel\u00e9sek j\u00falius 20-t\u00f3l v\u00e1rhat\u00f3an decemberig a Semmelweis Egyetem K\u00fcls\u0151 Klinikai T\u00f6mb K\u00f6zponti (Kor\u00e1nyi) Betegell\u00e1t\u00f3 \u00c9p\u00fclet\u00e9ben (\u00dcll\u0151i \u00fat 78\/B) zajlanak. A t\u00f6bbi ambul\u00e1ns rendel\u00e9s tov\u00e1bbra is a T\u0171zolt\u00f3 utcai \u00e9p\u00fcletben \u00e9rhet\u0151 el. A fel\u00faj\u00edt\u00e1si munk\u00e1k idej\u00e9n \u2013 a tervek szerint kar\u00e1csonyig \u2013 a klinika fekv\u0151betegeit a K\u00f6zponti Betegell\u00e1t\u00f3 \u00c9p\u00fcletben l\u00e1tj\u00e1k el.<\/p>\n<p>A munk\u00e1latok sor\u00e1n a klinika alagsor\u00e1ban \u00e9s a hematol\u00f3giai oszt\u00e1lyon v\u00e9geznek fel\u00faj\u00edt\u00e1st. A rendel\u00e9sek idej\u00e9r\u0151l \u00e9s hely\u00e9r\u0151l b\u0151vebb t\u00e1j\u00e9koztat\u00e1s <a href=\"http:\/\/tuzoltoklinika.semmelweis.hu\/wp-content\/uploads\/tajekoztato-a-koltozesrol\/k%C3%B6lt%C3%B6z%C3%A9s.pdf\" target=\"_blank\" rel=\"noopener\">ide kattintva<\/a> olvashat\u00f3.<\/p>\n<p>Keresztes Eszter<br \/>\nFot\u00f3 (illusztr\u00e1ci\u00f3): Kov\u00e1cs Attila &#8211; Semmelweis Egyetem<\/p>\n","protected":false},"excerpt":{"rendered":"<p>A munk\u00e1latok sor\u00e1n a klinika alagsor\u00e1ban \u00e9s a hematol\u00f3giai oszt\u00e1lyon v\u00e9geznek fel\u00faj\u00edt\u00e1st.<\/p>\n","protected":false},"author":101132,"featured_media":76738,"comment_status":"closed","ping_status":"closed","sticky":false,"template":"","format":"standard","meta":{"_acf_changed":false,"footnotes":""},"categories":[154],"tags":[],"class_list":["post-76737","post","type-post","status-publish","format-standard","has-post-thumbnail","hentry","category-egeszseg"],"acf":[],"_links":{"self":[{"href":"https:\/\/semmelweis.hu\/hirek\/wp-json\/wp\/v2\/posts\/76737","targetHints":{"allow":["GET"]}}],"collection":[{"href":"https:\/\/semmelweis.hu\/hirek\/wp-json\/wp\/v2\/posts"}],"about":[{"href":"https:\/\/semmelweis.hu\/hirek\/wp-json\/wp\/v2\/types\/post"}],"author":[{"embeddable":true,"href":"https:\/\/semmelweis.hu\/hirek\/wp-json\/wp\/v2\/users\/101132"}],"replies":[{"embeddable":true,"href":"https:\/\/semmelweis.hu\/hirek\/wp-json\/wp\/v2\/comments?post=76737"}],"version-history":[{"count":1,"href":"https:\/\/semmelweis.hu\/hirek\/wp-json\/wp\/v2\/posts\/76737\/revisions"}],"predecessor-version":[{"id":76739,"href":"https:\/\/semmelweis.hu\/hirek\/wp-json\/wp\/v2\/posts\/76737\/revisions\/76739"}],"wp:featuredmedia":[{"embeddable":true,"href":"https:\/\/semmelweis.hu\/hirek\/wp-json\/wp\/v2\/media\/76738"}],"wp:attachment":[{"href":"https:\/\/semmelweis.hu\/hirek\/wp-json\/wp\/v2\/media?parent=76737"}],"wp:term":[{"taxonomy":"category","embeddable":true,"href":"https:\/\/semmelweis.hu\/hirek\/wp-json\/wp\/v2\/categories?post=76737"},{"taxonomy":"post_tag","embeddable":true,"href":"https:\/\/semmelweis.hu\/hirek\/wp-json\/wp\/v2\/tags?post=76737"}],"curies":[{"name":"wp","href":"https:\/\/api.w.org\/{rel}","templated":true}]}}