{"id":75134,"date":"2018-06-20T11:00:57","date_gmt":"2018-06-20T09:00:57","guid":{"rendered":"http:\/\/semmelweis.hu\/hirek\/?p=75134"},"modified":"2018-06-20T11:58:13","modified_gmt":"2018-06-20T09:58:13","slug":"nyilt-hozzaferesu-tudomany-a-juniusi-kutatoi-szalon-fokuszaban","status":"publish","type":"post","link":"https:\/\/semmelweis.hu\/hirek\/2018\/06\/20\/nyilt-hozzaferesu-tudomany-a-juniusi-kutatoi-szalon-fokuszaban\/","title":{"rendered":"Ny\u00edlt hozz\u00e1f\u00e9r\u00e9s\u0171 tudom\u00e1ny a j\u00faniusi Kutat\u00f3i Szalon f\u00f3kusz\u00e1ban"},"content":{"rendered":"<p>A j\u00faniusi Kutat\u00f3i Szalonban az Open Access \u2013 a ny\u00edlt hozz\u00e1f\u00e9r\u00e9s\u0171 tudom\u00e1ny k\u00fcl\u00f6nb\u00f6z\u0151 aspektusait j\u00e1rt\u00e1k k\u00f6rbe. Az esem\u00e9nyen dr. Bagdy Gy\u00f6rgy tudom\u00e1nyos rektorhelyettes k\u00f6sz\u00f6nt\u00f6tte a megjelenteket, \u00e9s elmondta, hogy a hazai kutat\u00f3kat is egyre ink\u00e1bb foglalkoztatja a ny\u00edlt hozz\u00e1f\u00e9r\u00e9s k\u00e9rd\u00e9se. A rendezv\u00e9ny h\u00e1zigazd\u00e1ja dr. Makara B. G\u00e1bor, az MTA K\u00eds\u00e9rleti Orvostudom\u00e1nyi Kutat\u00f3int\u00e9zet professor emeritusa ismertette az el\u0151ad\u00f3k \u00e9letp\u00e1ly\u00e1j\u00e1nak f\u0151bb \u00e1llom\u00e1sait, kiemelve, hogy \u0151k a t\u00e9mak\u00f6r legkiv\u00e1l\u00f3bb hazai k\u00e9pvisel\u0151i.<\/p>\n<p><a href=\"https:\/\/semmelweis.hu\/hirek\/files\/2018\/06\/RS80253_IMG_7018-scr.jpg\"><img loading=\"lazy\" decoding=\"async\" class=\"size-medium wp-image-75140 alignright\" src=\"https:\/\/semmelweis.hu\/hirek\/files\/2018\/06\/RS80253_IMG_7018-scr-300x200.jpg\" alt=\"\" width=\"300\" height=\"200\" srcset=\"https:\/\/semmelweis.hu\/hirek\/files\/2018\/06\/RS80253_IMG_7018-scr-300x200.jpg 300w, https:\/\/semmelweis.hu\/hirek\/files\/2018\/06\/RS80253_IMG_7018-scr-768x512.jpg 768w, https:\/\/semmelweis.hu\/hirek\/files\/2018\/06\/RS80253_IMG_7018-scr-600x400.jpg 600w, https:\/\/semmelweis.hu\/hirek\/files\/2018\/06\/RS80253_IMG_7018-scr-753x502.jpg 753w, https:\/\/semmelweis.hu\/hirek\/files\/2018\/06\/RS80253_IMG_7018-scr-203x135.jpg 203w, https:\/\/semmelweis.hu\/hirek\/files\/2018\/06\/RS80253_IMG_7018-scr.jpg 950w\" sizes=\"auto, (max-width: 300px) 100vw, 300px\" \/><\/a>Dr. Makara B. G\u00e1bor r\u00e1mutatott, az Eur\u00f3pai Bizotts\u00e1g adta ki az els\u0151 ir\u00e1nymutat\u00e1st a ny\u00edlt hozz\u00e1f\u00e9r\u00e9s\u0171 tudom\u00e1nyra \u00e9s adatokra vonatkoz\u00f3an 2012-ben, az\u00f3ta Eur\u00f3pa sz\u00e1mos orsz\u00e1g\u00e1ban sz\u00fcletett t\u00f6rv\u00e9nyi szab\u00e1lyoz\u00e1s a ny\u00edlt hozz\u00e1f\u00e9r\u00e9s\u0171 k\u00f6zl\u00e9sekre. Sz\u00f3lt r\u00f3la, hogy nemr\u00e9g fogadt\u00e1k el Kaliforni\u00e1ban is az Open Access szab\u00e1lyoz\u00e1st, mely szerint k\u00f6telez\u0151 lesz a megjelen\u00e9st\u0151l sz\u00e1m\u00edtott egy \u00e9ven bel\u00fcl minden k\u00f6zforr\u00e1sb\u00f3l finansz\u00edrozott tudom\u00e1nyos k\u00f6zlem\u00e9nyt ny\u00edlt hozz\u00e1f\u00e9r\u00e9s\u0171v\u00e9 tenni.<\/p>\n<p><a href=\"https:\/\/semmelweis.hu\/hirek\/files\/2018\/06\/RS80246_IMG_7044-scr.jpg\"><img loading=\"lazy\" decoding=\"async\" class=\"alignleft size-medium wp-image-75136\" src=\"https:\/\/semmelweis.hu\/hirek\/files\/2018\/06\/RS80246_IMG_7044-scr-300x200.jpg\" alt=\"\" width=\"300\" height=\"200\" srcset=\"https:\/\/semmelweis.hu\/hirek\/files\/2018\/06\/RS80246_IMG_7044-scr-300x200.jpg 300w, https:\/\/semmelweis.hu\/hirek\/files\/2018\/06\/RS80246_IMG_7044-scr-768x512.jpg 768w, https:\/\/semmelweis.hu\/hirek\/files\/2018\/06\/RS80246_IMG_7044-scr-600x400.jpg 600w, https:\/\/semmelweis.hu\/hirek\/files\/2018\/06\/RS80246_IMG_7044-scr-753x502.jpg 753w, https:\/\/semmelweis.hu\/hirek\/files\/2018\/06\/RS80246_IMG_7044-scr-203x135.jpg 203w, https:\/\/semmelweis.hu\/hirek\/files\/2018\/06\/RS80246_IMG_7044-scr.jpg 950w\" sizes=\"auto, (max-width: 300px) 100vw, 300px\" \/><\/a>Holl Andr\u00e1s csillag\u00e1sz, informatikus, k\u00f6nyvt\u00e1ros, az MTA K\u00f6nyvt\u00e1r \u00e9s Inform\u00e1ci\u00f3s K\u00f6zpont informatikai f\u0151igazgat\u00f3-helyettese \u201eT\u00e1gra z\u00e1rt publik\u00e1ci\u00f3k\u201d c\u00edm\u0171 el\u0151ad\u00e1s\u00e1ban arra kereste a v\u00e1laszt, hogy a tudom\u00e1nyos szakirodalom val\u00f3ban hozz\u00e1f\u00e9rhet\u0151-e mindenki sz\u00e1m\u00e1ra. Kiemelte, az MTA finansz\u00edroz\u00e1s\u00e1val sz\u00fcletett, 2014\u201315-ben megjelent publik\u00e1ci\u00f3k k\u00f6zel 60 sz\u00e1zal\u00e9ka Open Access hozz\u00e1f\u00e9r\u00e9s\u0171 volt. Sz\u00f3lt a k\u00fcl\u00f6nb\u00f6z\u0151 \u201ekal\u00f3z\u201d oldalakr\u00f3l is, amelyek a technikai lehet\u0151s\u00e9geket kihaszn\u00e1lva tesznek el\u00e9rhet\u0151v\u00e9 bizonyos tartalmakat. A digitaliz\u00e1ci\u00f3 el\u0151tt a k\u00f6nyvnyomtat\u00e1s volt a leghat\u00e9konyabb m\u00f3d az ismeretek terjeszt\u00e9s\u00e9re, \u00e1m a mai nemzed\u00e9k sz\u00e1m\u00e1ra az inform\u00e1ci\u00f3k megoszt\u00e1sa term\u00e9szetess\u00e9 v\u00e1lt, az internet elterjed\u00e9s\u00e9vel az inform\u00e1ci\u00f3k\u00f6zl\u00e9s k\u00f6lts\u00e9ge szinte null\u00e1ra cs\u00f6kkent \u2013 mutatott r\u00e1. Hangs\u00falyozta: az Open Access r\u00e9szben gener\u00e1ci\u00f3s k\u00e9rd\u00e9s, ami a kutat\u00f3kat is megosztja. Kit\u00e9rt r\u00e1, min\u00e9l k\u00f6nnyebben hozz\u00e1f\u00e9rhet\u0151 egy cikk, ann\u00e1l t\u00f6bben olvass\u00e1k, az id\u00e9zetts\u00e9ge is nagyobb lesz, ez\u00e1ltal a tudom\u00e1nyos karrier is biztosabban tud el\u0151re haladni. El\u0151ad\u00e1s\u00e1ban \u00fan. cikkaj\u00e1nl\u00f3 szoftverekr\u0151l is besz\u00e9lt; a tudom\u00e1nyos innov\u00e1ci\u00f3 \u00e9rdek\u00e9ben fontos, hogy a k\u00fcl\u00f6nb\u00f6z\u0151 szoftverek szabadon el\u00e9rhess\u00e9k a teljes orvosi\/tudom\u00e1nyos szakirodalmat, ugyanis a j\u00f6v\u0151ben egyre nagyobb sz\u00fcks\u00e9g\u00fcnk lesz ezekre a g\u00e9pi \u00e1gensekre \u2013 h\u00edvta fel a figyelmet. Sz\u00f3lt m\u00e9g a min\u0151s\u00e9gbiztos\u00edt\u00e1si szempontokr\u00f3l is, illetve a tudom\u00e1nyos kutat\u00e1s egyik v\u00e1ls\u00e1gak\u00e9nt eml\u00edtette, hogy a kutat\u00e1sok sok esetben reproduk\u00e1lhatatlanok.<\/p>\n<p><a href=\"https:\/\/semmelweis.hu\/hirek\/files\/2018\/06\/RS80241_IMG_7077-scr.jpg\"><img loading=\"lazy\" decoding=\"async\" class=\"size-medium wp-image-75135 alignright\" src=\"https:\/\/semmelweis.hu\/hirek\/files\/2018\/06\/RS80241_IMG_7077-scr-300x200.jpg\" alt=\"\" width=\"300\" height=\"200\" srcset=\"https:\/\/semmelweis.hu\/hirek\/files\/2018\/06\/RS80241_IMG_7077-scr-300x200.jpg 300w, https:\/\/semmelweis.hu\/hirek\/files\/2018\/06\/RS80241_IMG_7077-scr-768x512.jpg 768w, https:\/\/semmelweis.hu\/hirek\/files\/2018\/06\/RS80241_IMG_7077-scr-600x400.jpg 600w, https:\/\/semmelweis.hu\/hirek\/files\/2018\/06\/RS80241_IMG_7077-scr-753x502.jpg 753w, https:\/\/semmelweis.hu\/hirek\/files\/2018\/06\/RS80241_IMG_7077-scr-203x135.jpg 203w, https:\/\/semmelweis.hu\/hirek\/files\/2018\/06\/RS80241_IMG_7077-scr.jpg 950w\" sizes=\"auto, (max-width: 300px) 100vw, 300px\" \/><\/a>Kar\u00e1csony Gy\u00f6ngyi, a Debreceni Egyetem Egyetemi \u00e9s Nemzeti K\u00f6nyvt\u00e1r\u00e1nak f\u0151igazgat\u00f3ja \u201eForradalom vagy h\u00e9tk\u00f6znapok? Gondolatok a ny\u00edlt hozz\u00e1f\u00e9r\u00e9s\u0171 tudom\u00e1nyr\u00f3l\u201d c\u00edm\u0171 el\u0151ad\u00e1s\u00e1ban kifejtette, m\u00e1r nem csak az \u00fan. \u201ekem\u00e9ny tudom\u00e1nyok\u201d, hanem a hum\u00e1n \u00e9s a t\u00e1rsadalomtudom\u00e1nyok is \u00e9rintettek a k\u00e9rd\u00e9sben. Egy rendszerszint\u0171 v\u00e1ltoz\u00e1sr\u00f3l besz\u00e9l\u00fcnk a kutat\u00e1sm\u00f3dszertanban \u00e9s a tudom\u00e1nyszervez\u00e9sben \u2013 hangs\u00falyozta. El\u0151ad\u00e1s\u00e1ban k\u00e9t orvos-biol\u00f3giai foly\u00f3iratban (Genome Biology, PLOS Biology) megjelent cikkb\u0151l id\u00e9zett, melyek szerint \u00e9pp paradigmav\u00e1lt\u00e1s zajlik, ami hat\u00e1s\u00e1ra \u00e1talakult a tudom\u00e1nyos kommunik\u00e1ci\u00f3 \u00e9s a kutat\u00e1s folyamata is. A kutat\u00e1s \u00e9rt\u00e9kel\u00e9s\u00e9nek a tudom\u00e1nyos m\u0171 tartalm\u00e1ra kell koncentr\u00e1lnia \u00e9s nem felt\u00e9tlen a befogad\u00f3 foly\u00f3irat min\u0151s\u00e9g\u00e9re, a m\u00f3dszertannak pedig \u00e1tl\u00e1that\u00f3nak kell lennie \u2013 ismertette.<\/p>\n<p>A nyitott egyetem v\u00edzi\u00f3j\u00e1r\u00f3l sz\u00f3lva kiemelte, a reproduk\u00e1lhat\u00f3s\u00e1g \u00e9s az \u00e1tl\u00e1that\u00f3s\u00e1g az egyetem megb\u00edzhat\u00f3s\u00e1g\u00e1t \u00e9s h\u00edrnev\u00e9t er\u0151s\u00edti. Besz\u00e9lt azokr\u00f3l a szoftverekr\u0151l is, amiket a kutat\u00f3knak naponta haszn\u00e1lniuk kell, \u00e1m az ezekhez sz\u00fcks\u00e9ges k\u00e9pz\u00e9s sokszor hi\u00e1nyzik. Az id\u00e9zett cikk szerint a kutat\u00f3k r\u00e9sz\u00e9r\u0151l egyre nagyobb tudatoss\u00e1gr\u00f3l besz\u00e9lhet\u00fcnk, mind a szerz\u0151i jogok, a licenszek, mind pedig az adathaszn\u00e1lattal kapcsolatban. A f\u0151igazgat\u00f3 sz\u00f3lt r\u00f3la, hogy a jelenlegi kutat\u00e1si infrastrukt\u00fara meger\u0151s\u00edt\u00e9se \u00e9s \u00f6sszekapcsol\u00e1sa r\u00e9v\u00e9n tervben van egy \u00faj eur\u00f3pai ny\u00edlt tudom\u00e1nyos adatfelh\u0151 l\u00e9trehoz\u00e1sa, ahol a tudom\u00e1ny \u00e9s technol\u00f3gia ter\u00fclet\u00e9n dolgoz\u00f3 szakemberek t\u00e1rolhatj\u00e1k, oszthatj\u00e1k meg vagy haszn\u00e1lhatj\u00e1k fel \u00fajra az inform\u00e1ci\u00f3kat.<\/p>\n\r\n        [slb_exclude]\r\n        <div class=\"row galeria-wrapper mx-0 h-auto\">\r\n            <div class=\"col-9 pl-0 pr-2\">\r\n            <span class=\"gallery-item frame\">\r\n\t\t\t\t<div class=\"galeria-left-img\"><a href=\"https:\/\/semmelweis.hu\/hirek\/files\/2018\/06\/RS80255_IMG_7014-scr.jpg\"><img src=https:\/\/semmelweis.hu\/hirek\/files\/2018\/06\/RS80255_IMG_7014-scr.jpg  \r\n                            alt=\"\" \r\n                            class=\"attachment-sote-gallery-big size-sote-gallery-big\" \r\n                            srcset=\"https:\/\/semmelweis.hu\/hirek\/files\/2018\/06\/RS80255_IMG_7014-scr-300x200.jpg 300w, https:\/\/semmelweis.hu\/hirek\/files\/2018\/06\/RS80255_IMG_7014-scr-768x512.jpg 768w, https:\/\/semmelweis.hu\/hirek\/files\/2018\/06\/RS80255_IMG_7014-scr-600x400.jpg 600w, https:\/\/semmelweis.hu\/hirek\/files\/2018\/06\/RS80255_IMG_7014-scr-753x502.jpg 753w, https:\/\/semmelweis.hu\/hirek\/files\/2018\/06\/RS80255_IMG_7014-scr-203x135.jpg 203w, https:\/\/semmelweis.hu\/hirek\/files\/2018\/06\/RS80255_IMG_7014-scr.jpg 950w\" ><\/a><\/div>\r\n            <\/span>\r\n\r\n            <\/div>\r\n\r\n\t\t\t<div class=\"col-3 pl-0 pr-0\">\r\n\t\t\t\t<div class=\"galeria-right-img d-flex justify-content-between flex-column h-100 w-100 px-0 mx-0 \">\r\n                <div class=\"galeria-box\">\r\n\t\t\t\t\t<h3 class=\"galeria-title\">Gal\u00e9ria<\/h3>\r\n\t\t\t\t\t<div class=\"galeria-subtitle\">\r\n\r\n\t\t\t\t\t\t<div class=\"galeria-page-counter\"><span>3<\/span>k\u00e9p<\/div>\r\n                    <\/div> <\/div>\r\n                    <span class=\"gallery-item frame d-none d-md-flex\">\r\n\t\t\t\t\t<div class=\"galeria-small-img mt-0\"><a href=\"https:\/\/semmelweis.hu\/hirek\/files\/2018\/06\/RS80249_IMG_7034-scr.jpg\"><img src=https:\/\/semmelweis.hu\/hirek\/files\/2018\/06\/RS80249_IMG_7034-scr.jpg \r\n                                alt=\"\"  \r\n                                class=\"attachment-sote-gallery-small size-sote-gallery-small\" \r\n                                srcset=\"https:\/\/semmelweis.hu\/hirek\/files\/2018\/06\/RS80249_IMG_7034-scr-300x200.jpg 300w, https:\/\/semmelweis.hu\/hirek\/files\/2018\/06\/RS80249_IMG_7034-scr-768x512.jpg 768w, https:\/\/semmelweis.hu\/hirek\/files\/2018\/06\/RS80249_IMG_7034-scr-600x400.jpg 600w, https:\/\/semmelweis.hu\/hirek\/files\/2018\/06\/RS80249_IMG_7034-scr-753x502.jpg 753w, https:\/\/semmelweis.hu\/hirek\/files\/2018\/06\/RS80249_IMG_7034-scr-203x135.jpg 203w, https:\/\/semmelweis.hu\/hirek\/files\/2018\/06\/RS80249_IMG_7034-scr.jpg 950w\" ><\/a><\/div>\r\n                    <\/span>\r\n                    <span class=\"gallery-item frame d-none d-md-flex\">\r\n\t\t\t\t\t<div class=\"galeria-small-img mt-0\"><a href=\"https:\/\/semmelweis.hu\/hirek\/files\/2018\/06\/RS80247_IMG_7036-scr.jpg\"><img src=https:\/\/semmelweis.hu\/hirek\/files\/2018\/06\/RS80247_IMG_7036-scr.jpg \r\n                                alt=\"\" \r\n                                class=\"attachment-sote-gallery-small size-sote-gallery-small\" \r\n                                srcset=\"https:\/\/semmelweis.hu\/hirek\/files\/2018\/06\/RS80247_IMG_7036-scr-300x200.jpg 300w, https:\/\/semmelweis.hu\/hirek\/files\/2018\/06\/RS80247_IMG_7036-scr-768x512.jpg 768w, https:\/\/semmelweis.hu\/hirek\/files\/2018\/06\/RS80247_IMG_7036-scr-600x400.jpg 600w, https:\/\/semmelweis.hu\/hirek\/files\/2018\/06\/RS80247_IMG_7036-scr-753x502.jpg 753w, https:\/\/semmelweis.hu\/hirek\/files\/2018\/06\/RS80247_IMG_7036-scr-203x135.jpg 203w, https:\/\/semmelweis.hu\/hirek\/files\/2018\/06\/RS80247_IMG_7036-scr.jpg 950w\" ><\/a><\/div>\r\n                    <\/span>\r\n\r\n                <\/div>\r\n\r\n            <\/div>\r\n\r\n            \r\n            <\/div>\r\n\r\n            [\/slb_exclude]\r\n\t\n<p>A Kutat\u00f3i Szalon felk\u00e9rt hozz\u00e1sz\u00f3l\u00f3jak\u00e9nt dr. N\u00e9meth Gy\u00f6rgy, a Richter Gedeon Nyrt. orvostudom\u00e1nyi igazgat\u00f3ja besz\u00e9lt a t\u00f6bbi k\u00f6z\u00f6tt a gy\u00f3gyszerbiztons\u00e1gr\u00f3l, aminek jelent\u0151s\u00e9ge az elm\u00falt id\u0151szakban exponenci\u00e1lisan n\u00f6vekedett. Mint elmondta: ezek nemcsak az adott gy\u00f3gyszer hat\u00e9konys\u00e1g\u00e1t n\u00e9zik, hanem \u00e9vente mintegy sz\u00e1zezer mell\u00e9khat\u00e1st is feldolgoznak.<\/p>\n<p>Kiss-B\u00f3di Bernadett<br \/>\nFot\u00f3: Kov\u00e1cs Attila- Semmelweis Egyetem\u00a0<\/p>\n","protected":false},"excerpt":{"rendered":"<p>Az esem\u00e9nyen Dr. Bagdy Gy\u00f6rgy tudom\u00e1nyos rektorhelyettes k\u00f6sz\u00f6nt\u00f6tte a megjelenteket, \u00e9s elmondta, hogy a hazai kutat\u00f3kat is egyre ink\u00e1bb foglalkoztatja a ny\u00edlt hozz\u00e1f\u00e9r\u00e9s k\u00e9rd\u00e9se.<\/p>\n","protected":false},"author":101282,"featured_media":75139,"comment_status":"closed","ping_status":"closed","sticky":false,"template":"","format":"standard","meta":{"_acf_changed":false,"footnotes":""},"categories":[161],"tags":[1688],"class_list":["post-75134","post","type-post","status-publish","format-standard","has-post-thumbnail","hentry","category-tudomany","tag-kutatoi-szalon"],"acf":[],"_links":{"self":[{"href":"https:\/\/semmelweis.hu\/hirek\/wp-json\/wp\/v2\/posts\/75134","targetHints":{"allow":["GET"]}}],"collection":[{"href":"https:\/\/semmelweis.hu\/hirek\/wp-json\/wp\/v2\/posts"}],"about":[{"href":"https:\/\/semmelweis.hu\/hirek\/wp-json\/wp\/v2\/types\/post"}],"author":[{"embeddable":true,"href":"https:\/\/semmelweis.hu\/hirek\/wp-json\/wp\/v2\/users\/101282"}],"replies":[{"embeddable":true,"href":"https:\/\/semmelweis.hu\/hirek\/wp-json\/wp\/v2\/comments?post=75134"}],"version-history":[{"count":2,"href":"https:\/\/semmelweis.hu\/hirek\/wp-json\/wp\/v2\/posts\/75134\/revisions"}],"predecessor-version":[{"id":75145,"href":"https:\/\/semmelweis.hu\/hirek\/wp-json\/wp\/v2\/posts\/75134\/revisions\/75145"}],"wp:featuredmedia":[{"embeddable":true,"href":"https:\/\/semmelweis.hu\/hirek\/wp-json\/wp\/v2\/media\/75139"}],"wp:attachment":[{"href":"https:\/\/semmelweis.hu\/hirek\/wp-json\/wp\/v2\/media?parent=75134"}],"wp:term":[{"taxonomy":"category","embeddable":true,"href":"https:\/\/semmelweis.hu\/hirek\/wp-json\/wp\/v2\/categories?post=75134"},{"taxonomy":"post_tag","embeddable":true,"href":"https:\/\/semmelweis.hu\/hirek\/wp-json\/wp\/v2\/tags?post=75134"}],"curies":[{"name":"wp","href":"https:\/\/api.w.org\/{rel}","templated":true}]}}