{"id":74873,"date":"2018-06-07T14:03:34","date_gmt":"2018-06-07T12:03:34","guid":{"rendered":"http:\/\/semmelweis.hu\/hirek\/?p=74873"},"modified":"2018-06-19T12:48:34","modified_gmt":"2018-06-19T10:48:34","slug":"elhunyt-dr-nagy-gabor","status":"publish","type":"post","link":"https:\/\/semmelweis.hu\/hirek\/2018\/06\/07\/elhunyt-dr-nagy-gabor\/","title":{"rendered":"Elhunyt dr. Nagy G\u00e1bor"},"content":{"rendered":"<p>2018. j\u00fanius 6-\u00e1n hossz\u00fa \u00e9s t\u00fcrelemmel viselt betegs\u00e9g\u00e9t k\u00f6vet\u0151en elhunyt dr. Nagy G\u00e1bor egyetemi tan\u00e1r, a Fog\u00e1szati \u00e9s Sz\u00e1jseb\u00e9szeti Oktat\u00f3 Int\u00e9zet Or\u00e1lis Diagnosztika Oszt\u00e1ly\u00e1nak oszt\u00e1lyvezet\u0151 f\u0151orvosa.<\/p>\n<p><a href=\"https:\/\/semmelweis.hu\/hirek\/events\/3330\/dr-nagy-gabor-bucsuztatasa\/\" target=\"_blank\" rel=\"noopener\">B\u00facs\u00faztat\u00e1sa 2018. j\u00falius 6-\u00e1n 14 \u00f3rakor<\/a> a Szent Gell\u00e9rt Pl\u00e9b\u00e1niatemplom urnatemet\u0151j\u00e9ben lesz.<\/p>\n<p>\n<a href=\"https:\/\/semmelweis.hu\/hirek\/files\/2018\/06\/34646768_1945460345465805_3062815335682932736_n.jpg\"><img loading=\"lazy\" decoding=\"async\" class=\" wp-image-74875 alignleft\" src=\"https:\/\/semmelweis.hu\/hirek\/files\/2018\/06\/34646768_1945460345465805_3062815335682932736_n-206x300.jpg\" alt=\"\" width=\"262\" height=\"382\" srcset=\"https:\/\/semmelweis.hu\/hirek\/files\/2018\/06\/34646768_1945460345465805_3062815335682932736_n-206x300.jpg 206w, https:\/\/semmelweis.hu\/hirek\/files\/2018\/06\/34646768_1945460345465805_3062815335682932736_n-275x400.jpg 275w, https:\/\/semmelweis.hu\/hirek\/files\/2018\/06\/34646768_1945460345465805_3062815335682932736_n.jpg 280w\" sizes=\"auto, (max-width: 262px) 100vw, 262px\" \/><\/a>Dr. Nagy G\u00e1bor 1957. m\u00e1rcius 16-\u00e1n sz\u00fcletett Debrecenben. Egyetemi tanulm\u00e1nyait a Debreceni Orvostudom\u00e1nyi Egyetem \u00c1ltal\u00e1nos Orvostudom\u00e1nyi Kar\u00e1n v\u00e9gezte 1975-81 k\u00f6z\u00f6tt. M\u00e1r harmad\u00e9ves kor\u00e1t\u00f3l r\u00e9szt vett a DOTE Biok\u00e9miai Int\u00e9zet Di\u00e1kk\u00f6r\u00e9nek munk\u00e1j\u00e1ban, bekapcsol\u00f3dva a kutat\u00e1sba \u00e9s demonstr\u00e1tork\u00e9nt az oktat\u00e1sba is. Kutat\u00f3 munk\u00e1j\u00e1nak kezdet\u00e9t \u00f6t\u00f6d\u00e9vesk\u00e9nt d\u00edjnyertes TDK-p\u00e1lyamunka jelezte. Az \u00e1ltal\u00e1nos orvosi diploma megszerz\u00e9s\u00e9t k\u00f6vet\u0151en a DOTE Stomatol\u00f3giai Klinik\u00e1j\u00e1n nyert alkalmaz\u00e1st. Itt tev\u00e9kenykedett, el\u0151sz\u00f6r mint klinikai orvos, a sz\u00e1jseb\u00e9szeti oszt\u00e1lyon, majd 1985-ben Fog- \u00e9s Sz\u00e1jbetegs\u00e9gek t\u00e1rgyb\u00f3l szerzett szakvizsga ut\u00e1n a klinika Parodontol\u00f3giai \u00e9s Sz\u00e1jbeteg Oszt\u00e1ly\u00e1n dolgozott mint egyetemi tan\u00e1rseg\u00e9d. Tov\u00e1bbi klinikai tev\u00e9kenys\u00e9g\u00e9t is ezen a szakter\u00fcleten fejtette ki, 1990-1996 k\u00f6z\u00f6tt egyetemi adjunktusk\u00e9nt, majd 1996-2000 k\u00f6z\u00f6tt mint egyetemi docens. 1996-t\u00f3l a DOTE Stomatol\u00f3giai Klinik\u00e1j\u00e1nak Parodontol\u00f3giai Tansz\u00e9k\u00e9n tansz\u00e9kvezet\u0151-helyettes lett. Ez id\u0151szak alatt tudom\u00e1nyos tev\u00e9kenys\u00e9ge f\u0151leg a ny\u00e1lmirigybetegs\u00e9gek (hyposalivatio), illetve a polisziszt\u00e9m\u00e1s autoimmun k\u00f3rk\u00e9pek stomatol\u00f3giai vonatkoz\u00e1sai fel\u00e9 ir\u00e1nyult. E t\u00e9m\u00e1val kapcsolatban k\u00e9t magyar szabadalma ker\u00fclt bejegyz\u00e9sre. Tudom\u00e1nyos munk\u00e1ja szorosan \u00f6sszef\u00fcgg\u00f6tt az autoimmun k\u00f3rk\u00e9pekben szenved\u0151 betegek gondoz\u00e1s\u00e1val, melyet a DOTE-n m\u0171k\u00f6d\u0151, \u00e1ltala megszervezett munkacsoport tagjak\u00e9nt, t\u00f6bb szakter\u00fclet k\u00e9pvisel\u0151j\u00e9vel szorosan egy\u00fcttm\u0171k\u00f6dve v\u00e9gzett. 1995-ben szerezte meg az orvostudom\u00e1ny kandid\u00e1tusa tudom\u00e1nyos fokozatot.<\/p>\n<p>1998-t\u00f3l felk\u00e9r\u00e9st \u00e9s kinevez\u00e9st kapott a Semmelweis Egyetem Fogorvostudom\u00e1nyi Kar\u00e1n mint az Or\u00e1lis Diagnosztika t\u00e1rgy el\u0151ad\u00f3ja. Ezzel p\u00e1rhuzamosan v\u00e9gezte oktat\u00f3i munk\u00e1j\u00e1t a DOTE docensek\u00e9nt, mely t\u00f6bb t\u00e1rgy keret\u00e9ben (Parodontol\u00f3gia, Or\u00e1lis Medicina, Prevent\u00edv Fog\u00e1szat, Stomatol\u00f3gia) gyakorlati \u00e9s elm\u00e9leti k\u00e9pz\u00e9sre terjedt ki. 1999-ben akkredit\u00e1lt\u00e1k a Debreceni Egyetem Fogorvostudom\u00e1nyi Kutat\u00e1sok c\u00edm\u0171 doktori programj\u00e1ban, mint t\u00e9mavezet\u0151t, ezzel is el\u0151seg\u00edtve a debreceni Fogorvostudom\u00e1nyi Kar l\u00e9trehoz\u00e1s\u00e1t. 2001-ben r\u00e1\u00e9p\u00edtett szakvizsg\u00e1t szerzett az \u00fajonnan bevezetett Parodontol\u00f3gia t\u00e1rgyb\u00f3l. 2000 december\u00e9t\u0151l a Semmelweis Egyetem Or\u00e1lbiol\u00f3gia Tansz\u00e9k\u00e9re nyert kinevez\u00e9st mint egyetemi docens. 2002-ben habilit\u00e1lt, 2005-ben egyetemi tan\u00e1rr\u00e1 nevezt\u00e9k ki. 2007-t\u0151l 2013-ig a Semmelweis Egyetem Or\u00e1lis Diagnosztikai Tansz\u00e9k\u00e9nek vezet\u0151je volt. 2013-t\u00f3l a Fog\u00e1szati \u00e9s Sz\u00e1jseb\u00e9szeti Oktat\u00f3 Int\u00e9zet Or\u00e1lis Diagnosztikai Oszt\u00e1ly\u00e1t vezette.<\/p>\n<p>Oktat\u00f3i tev\u00e9kenys\u00e9ge sor\u00e1n sz\u00e1mos diplomamunka \u00e9s szakdolgozat megjelen\u00e9s\u00e9t ir\u00e1ny\u00edtotta, t\u00f6bb PhD-\u00e9rtekez\u00e9s elk\u00e9sz\u00edt\u00e9s\u00e9ben \u00e9s b\u00edr\u00e1lat\u00e1ban vett r\u00e9szt. Tev\u00e9kenys\u00e9g\u00e9t 1998-ban a DOTE-n az \u00c9v Oktat\u00f3ja kit\u00fcntet\u00e9ssel ismert\u00e9k el. 1997-t\u0151l az orsz\u00e1gos szakk\u00e9pes\u00edt\u0151 bizotts\u00e1g, majd 2000-t\u0151l 2008-ig a Fog- \u00e9s sz\u00e1jbetegs\u00e9gek Szakmai Koll\u00e9gium\u00e1nak tagja volt. Munk\u00e1ss\u00e1g\u00e1t 2000-ben megjelent monogr\u00e1fi\u00e1ja (Ny\u00e1lmirigy betegs\u00e9gek) foglalta \u00f6ssze, majd a Fogorvosi ismeretek &#8211; Tesztk\u00e9rd\u00e9s gy\u0171jtem\u00e9nyek \u00e9s magyar\u00e1zatok c\u00edm\u0171 k\u00f6nyvben, valamint az Or\u00e1lis mikrobiol\u00f3gia, immunit\u00e1stan, diagnosztika \u00e9s infekci\u00f3kontroll c\u00edm\u0171 k\u00f6nyvben is t\u00f6bb fejezete jelent meg. T\u00e1rsszerkeszt\u00e9s\u00e9ben 2005-ben megjelent a Magyarorsz\u00e1gon \u00fatt\u00f6r\u0151 Or\u00e1lis Diagnosztika tank\u00f6nyv, valamint a Gerosztomat\u00f3l\u00f3gia szakk\u00f6nyv.<\/p>\n<p>Nagy professzor a magyar fog\u00e1szat jelent\u0151s szem\u00e9lyis\u00e9ge volt. Mind kutat\u00f3, mind gy\u00f3gy\u00edt\u00f3-megel\u0151z\u0151, mind oktat\u00f3 munk\u00e1ja jelent\u0151sen hozz\u00e1j\u00e1rult a Fog\u00e1szati \u00e9s Sz\u00e1jseb\u00e9szeti Oktat\u00f3 Int\u00e9zet tev\u00e9kenys\u00e9g\u00e9nek magasabb szintre emel\u00e9s\u00e9hez \u00e9s az eg\u00e9sz Fogorvostudom\u00e1nyi Kar elismerts\u00e9g\u00e9nek n\u00f6vel\u00e9s\u00e9hez hazai \u00e9s nemzetk\u00f6zi szinten egyar\u00e1nt. Sz\u00e1m\u00edthattunk r\u00e1 tudom\u00e1nyos k\u00e9rd\u00e9sekben csak\u00fagy, mint emberi probl\u00e9m\u00e1k megold\u00e1s\u00e1ban. Gy\u00e1szoljuk koll\u00e9g\u00e1i, bar\u00e1tai, munkat\u00e1rsai \u00e9s betegei. Egy\u00fctt \u00e9rz\u00fcnk szeret\u0151 csal\u00e1dj\u00e1val.<\/p>\n<p>Dr. Kivovics P\u00e9ter<\/p>\n","protected":false},"excerpt":{"rendered":"<p>2018. j\u00fanius 6-\u00e1n elhunyt Dr. Nagy G\u00e1bor, a Fog\u00e1szati \u00e9s Sz\u00e1jseb\u00e9szeti Oktat\u00f3 Int\u00e9zet Or\u00e1lis Diagnosztika Oszt\u00e1ly\u00e1nak oszt\u00e1lyvezet\u0151 f\u0151orvosa.<\/p>\n","protected":false},"author":101132,"featured_media":9733,"comment_status":"closed","ping_status":"closed","sticky":false,"template":"","format":"standard","meta":{"_acf_changed":false,"footnotes":""},"categories":[157],"tags":[4108],"class_list":["post-74873","post","type-post","status-publish","format-standard","has-post-thumbnail","hentry","category-semmelweis-vilag","tag-gyaszhir"],"acf":[],"_links":{"self":[{"href":"https:\/\/semmelweis.hu\/hirek\/wp-json\/wp\/v2\/posts\/74873","targetHints":{"allow":["GET"]}}],"collection":[{"href":"https:\/\/semmelweis.hu\/hirek\/wp-json\/wp\/v2\/posts"}],"about":[{"href":"https:\/\/semmelweis.hu\/hirek\/wp-json\/wp\/v2\/types\/post"}],"author":[{"embeddable":true,"href":"https:\/\/semmelweis.hu\/hirek\/wp-json\/wp\/v2\/users\/101132"}],"replies":[{"embeddable":true,"href":"https:\/\/semmelweis.hu\/hirek\/wp-json\/wp\/v2\/comments?post=74873"}],"version-history":[{"count":6,"href":"https:\/\/semmelweis.hu\/hirek\/wp-json\/wp\/v2\/posts\/74873\/revisions"}],"predecessor-version":[{"id":75113,"href":"https:\/\/semmelweis.hu\/hirek\/wp-json\/wp\/v2\/posts\/74873\/revisions\/75113"}],"wp:featuredmedia":[{"embeddable":true,"href":"https:\/\/semmelweis.hu\/hirek\/wp-json\/wp\/v2\/media\/9733"}],"wp:attachment":[{"href":"https:\/\/semmelweis.hu\/hirek\/wp-json\/wp\/v2\/media?parent=74873"}],"wp:term":[{"taxonomy":"category","embeddable":true,"href":"https:\/\/semmelweis.hu\/hirek\/wp-json\/wp\/v2\/categories?post=74873"},{"taxonomy":"post_tag","embeddable":true,"href":"https:\/\/semmelweis.hu\/hirek\/wp-json\/wp\/v2\/tags?post=74873"}],"curies":[{"name":"wp","href":"https:\/\/api.w.org\/{rel}","templated":true}]}}