{"id":74198,"date":"2018-05-17T18:11:16","date_gmt":"2018-05-17T16:11:16","guid":{"rendered":"http:\/\/semmelweis.hu\/hirek\/?p=74198"},"modified":"2020-09-29T10:33:09","modified_gmt":"2020-09-29T08:33:09","slug":"uj-kulsot-kapott-a-semmelweis-egyetem-honlapja","status":"publish","type":"post","link":"https:\/\/semmelweis.hu\/hirek\/2018\/05\/17\/uj-kulsot-kapott-a-semmelweis-egyetem-honlapja\/","title":{"rendered":"\u00daj k\u00fcls\u0151t kapott a Semmelweis Egyetem honlapja"},"content":{"rendered":"<p>\u00daj, modern \u00e9s letisztult k\u00fcls\u0151t kapott a Semmelweis Egyetem honlapja, a <a href=\"https:\/\/semmelweis.hu\/\" target=\"_blank\" rel=\"noopener noreferrer\">semmelweis.hu<\/a>, ahol tov\u00e1bbra is az eddig megszokott tartalmak \u00e9rhet\u0151ek el mind az egyetem polg\u00e1rai, mind a k\u00fcls\u0151s l\u00e1togat\u00f3k sz\u00e1m\u00e1ra. A meg\u00fajult megjelen\u00e9s igazodik a jelenkori webes elv\u00e1r\u00e1sokhoz \u00e9s amellett, hogy minden eszk\u00f6zr\u0151l azonos felhaszn\u00e1l\u00f3i \u00e9lm\u00e9nyt k\u00e9pes ny\u00fajtani, k\u00fclsej\u00e9ben is egy modern egyetem k\u00e9p\u00e9t t\u00fckr\u00f6zi.<\/p>\n<p>Az \u00faj arculatot az egyetem fels\u0151 vezet\u00e9s\u00e9nek j\u00f3v\u00e1hagy\u00e1s\u00e1val a Kommunik\u00e1ci\u00f3s \u00e9s Rendezv\u00e9nyszervez\u00e9si Igazgat\u00f3s\u00e1g 2017-ben terveztette meg, aminek id\u0151szer\u0171s\u00e9g\u00e9t az is mutatja, hogy legut\u00f3bb 2011-ben friss\u00fclt a honlap k\u00fclleme. A webgrafikus partner \u00e1ltal k\u00e9sz\u00edtett terveket az Informatikai Igazgat\u00f3s\u00e1g \u00fcltette \u00e1t a megl\u00e9v\u0151 technikai rendszerre, \u00edgy ebben a h\u00f3napban els\u0151 l\u00e9p\u00e9sk\u00e9nt h\u00e1rom egyetemi fel\u00fclet \u00fajult meg: az egyetem k\u00f6zponti honlapja, az <a href=\"https:\/\/semmelweis.hu\/hirek\/\" target=\"_blank\" rel=\"noopener noreferrer\">Semmelweis H\u00edrek<\/a> port\u00e1l \u00e9s az Intranet honlapot kiv\u00e1lt\u00f3 \u00faj, <a href=\"https:\/\/semmelweis.hu\/munkatarsaknak\/\" target=\"_blank\" rel=\"noopener noreferrer\">Munkat\u00e1rsaknak<\/a> elnevez\u00e9s\u0171 weboldal.<\/p>\n<p><a href=\"https:\/\/semmelweis.hu\/hirek\/files\/2018\/05\/munkatarsaknak-menu.png\"><img loading=\"lazy\" decoding=\"async\" class=\"aligncenter wp-image-74207 size-full\" src=\"https:\/\/semmelweis.hu\/hirek\/files\/2018\/05\/munkatarsaknak-menu.png\" alt=\"\" width=\"1115\" height=\"566\" srcset=\"https:\/\/semmelweis.hu\/hirek\/files\/2018\/05\/munkatarsaknak-menu.png 1115w, https:\/\/semmelweis.hu\/hirek\/files\/2018\/05\/munkatarsaknak-menu-300x152.png 300w, https:\/\/semmelweis.hu\/hirek\/files\/2018\/05\/munkatarsaknak-menu-768x390.png 768w, https:\/\/semmelweis.hu\/hirek\/files\/2018\/05\/munkatarsaknak-menu-600x305.png 600w, https:\/\/semmelweis.hu\/hirek\/files\/2018\/05\/munkatarsaknak-menu-580x294.png 580w\" sizes=\"auto, (max-width: 1115px) 100vw, 1115px\" \/><\/a><\/p>\n<p>A Munkat\u00e1rsaknak fel\u00fclet folyamatos szakmai egyeztet\u00e9s nyom\u00e1n j\u00f6tt l\u00e9tre, a kor\u00e1bban \u201eIntranet\u201d n\u00e9vre hallgat\u00f3 honlapot \u00e9s m\u00e1s, a munkav\u00e1llal\u00f3k sz\u00e1m\u00e1ra fontos tartalmakat egyes\u00edti mag\u00e1ban. Funkci\u00f3ja az egyetemen bel\u00fcli kommunik\u00e1ci\u00f3 hat\u00e9konys\u00e1g\u00e1nak t\u00e1mogat\u00e1sa.<\/p>\n<p><img loading=\"lazy\" decoding=\"async\" class=\"wp-image-74199  alignright\" src=\"https:\/\/semmelweis.hu\/hirek\/files\/2018\/05\/ujhonlap1-484x400.jpg\" alt=\"\" width=\"450\" height=\"372\" srcset=\"https:\/\/semmelweis.hu\/hirek\/files\/2018\/05\/ujhonlap1-484x400.jpg 484w, https:\/\/semmelweis.hu\/hirek\/files\/2018\/05\/ujhonlap1-300x248.jpg 300w, https:\/\/semmelweis.hu\/hirek\/files\/2018\/05\/ujhonlap1-768x634.jpg 768w, https:\/\/semmelweis.hu\/hirek\/files\/2018\/05\/ujhonlap1-363x300.jpg 363w, https:\/\/semmelweis.hu\/hirek\/files\/2018\/05\/ujhonlap1-600x495.jpg 600w, https:\/\/semmelweis.hu\/hirek\/files\/2018\/05\/ujhonlap1.jpg 866w\" sizes=\"auto, (max-width: 450px) 100vw, 450px\" \/><\/p>\n<p>A csak bels\u0151 h\u00e1l\u00f3zatr\u00f3l el\u00e9rhet\u0151 oldalon egy helyen \u00f6sszegy\u0171jtve lehet megtal\u00e1lni az egyes igazgat\u00e1si ter\u00fcletekr\u0151l \u00e9rkez\u0151, a mindennapi adminisztrat\u00edv feladatok ell\u00e1t\u00e1s\u00e1hoz sz\u00fcks\u00e9ges inform\u00e1ci\u00f3kat, amelyeket az adott egys\u00e9gek (igazgat\u00f3s\u00e1gok \u00e9s f\u0151igazgat\u00f3s\u00e1gok) a saj\u00e1t honlapjukon tesznek k\u00f6zz\u00e9, \u00e9s rendszeresen friss\u00edtenek. A Munkat\u00e1rsaknak fel\u00fcleten a legfontosabb t\u00e9mak\u00f6r\u00f6nk\u00e9nt csoportos\u00edtott men\u00fcpontokban el\u00e9rhet\u0151 tartalmak mellett \u00fagynevezett gyorslinkek vezetnek el a t\u00f6bbi k\u00f6z\u00f6tt az egyetemi szab\u00e1lyzatokhoz, gazdas\u00e1gi \u00e9s jogi t\u00e1j\u00e9koztat\u00f3khoz.<\/p>\n<p>A fejleszt\u00e9s k\u00f6vetkez\u0151 l\u00e9p\u00e9sek\u00e9nt az angol nyelv\u0171 k\u00f6zponti honlap, majd a karok weboldalai kapj\u00e1k meg az \u00faj arculatot, v\u00e9g\u00fcl pedig folyamatosan \u00fctemezve minden, az egyetem k\u00f6zponti honlaprendszer\u00e9be tartoz\u00f3 weboldal elnyeri az \u00faj megjelen\u00e9st. Az \u00e1talakul\u00e1s nem jelent technikai v\u00e1ltoz\u00e1st, a honlapok ugyanabban a rendszerben m\u0171k\u00f6dnek majd a tov\u00e1bbiakban is, illetve az eddig haszn\u00e1lt webc\u00edmeken lesznek el\u00e9rhet\u0151ek.<\/p>\n<p>Az esetlegesen \u00e9szlelt hib\u00e1kkal kapcsolatos visszajelz\u00e9seket, illetve egy\u00e9b \u00e9szrev\u00e9teleket a <a href=\"mailto:honlap@semmelweis-univ.hu?body=K%C3%A9rem%20ennek%20a%20sornak%20a%20hely%C3%A9re%20%C3%ADrja%20%C3%BCzenet%C3%A9t%0D%0A-------------%0D%0AA%20Semmelweis%20H%C3%ADrek%20oldalr%C3%B3l%20k%C3%BCldve%0D%0A\">honlap@semmelweis-univ.hu<\/a> e-mail c\u00edmre v\u00e1rjuk.<\/p>\n","protected":false},"excerpt":{"rendered":"<p>Az \u00faj megjelen\u00e9s igazodik a jelenkori webes elv\u00e1r\u00e1sokhoz, \u00e9s minden eszk\u00f6zr\u0151l azonos felhaszn\u00e1l\u00f3i \u00e9lm\u00e9nyt ny\u00fajt.<\/p>\n","protected":false},"author":101132,"featured_media":74210,"comment_status":"closed","ping_status":"closed","sticky":false,"template":"","format":"standard","meta":{"_acf_changed":false,"footnotes":""},"categories":[157,168],"tags":[4234,3365],"class_list":["post-74198","post","type-post","status-publish","format-standard","has-post-thumbnail","hentry","category-semmelweis-vilag","category-kiemelt","tag-aktualitasok","tag-kancellar-hirei"],"acf":[],"_links":{"self":[{"href":"https:\/\/semmelweis.hu\/hirek\/wp-json\/wp\/v2\/posts\/74198","targetHints":{"allow":["GET"]}}],"collection":[{"href":"https:\/\/semmelweis.hu\/hirek\/wp-json\/wp\/v2\/posts"}],"about":[{"href":"https:\/\/semmelweis.hu\/hirek\/wp-json\/wp\/v2\/types\/post"}],"author":[{"embeddable":true,"href":"https:\/\/semmelweis.hu\/hirek\/wp-json\/wp\/v2\/users\/101132"}],"replies":[{"embeddable":true,"href":"https:\/\/semmelweis.hu\/hirek\/wp-json\/wp\/v2\/comments?post=74198"}],"version-history":[{"count":10,"href":"https:\/\/semmelweis.hu\/hirek\/wp-json\/wp\/v2\/posts\/74198\/revisions"}],"predecessor-version":[{"id":99164,"href":"https:\/\/semmelweis.hu\/hirek\/wp-json\/wp\/v2\/posts\/74198\/revisions\/99164"}],"wp:featuredmedia":[{"embeddable":true,"href":"https:\/\/semmelweis.hu\/hirek\/wp-json\/wp\/v2\/media\/74210"}],"wp:attachment":[{"href":"https:\/\/semmelweis.hu\/hirek\/wp-json\/wp\/v2\/media?parent=74198"}],"wp:term":[{"taxonomy":"category","embeddable":true,"href":"https:\/\/semmelweis.hu\/hirek\/wp-json\/wp\/v2\/categories?post=74198"},{"taxonomy":"post_tag","embeddable":true,"href":"https:\/\/semmelweis.hu\/hirek\/wp-json\/wp\/v2\/tags?post=74198"}],"curies":[{"name":"wp","href":"https:\/\/api.w.org\/{rel}","templated":true}]}}