{"id":73807,"date":"2018-05-09T11:00:13","date_gmt":"2018-05-09T09:00:13","guid":{"rendered":"http:\/\/semmelweis.hu\/hirek\/?p=73807"},"modified":"2018-05-14T09:32:42","modified_gmt":"2018-05-14T07:32:42","slug":"budapesten-is-bemutatjak-a-semmelweis-ignac-eleterol-szolo-operat","status":"publish","type":"post","link":"https:\/\/semmelweis.hu\/hirek\/2018\/05\/09\/budapesten-is-bemutatjak-a-semmelweis-ignac-eleterol-szolo-operat\/","title":{"rendered":"Budapesten is bemutatj\u00e1k a Semmelweis Ign\u00e1c \u00e9let\u00e9r\u0151l sz\u00f3l\u00f3 oper\u00e1t"},"content":{"rendered":"<p>A j\u00faniusi, miskolci premier ut\u00e1n szeptember v\u00e9g\u00e9n a F\u0151v\u00e1rosi Operettsz\u00ednh\u00e1z is bemutatja a Semmelweis c\u00edm\u0171 oper\u00e1t a Rakt\u00e1rsz\u00ednh\u00e1zban \u2013 jelentette be L\u0151rinczy Gy\u00f6rgy f\u0151igazgat\u00f3 az int\u00e9zm\u00e9ny 2018\/2019-es \u00e9vad\u00e1r\u00f3l sz\u00f3l\u00f3 sajt\u00f3t\u00e1j\u00e9koztat\u00f3n.<\/p>\n<p>Raymond J. Lustig \u00e9s Matthew Doherty Semmelweis Ign\u00e1c \u00e9let\u00e9t bemutat\u00f3 darabj\u00e1r\u00f3l Boross Martin rendez\u0151 elmondta, az oratorikus m\u0171 a f\u0151szerepl\u0151 \u00f6nmag\u00e1val \u00e9s a vil\u00e1ggal hadakoz\u00f3 lelk\u00e9be kalauzolja majd a n\u00e9z\u0151ket a val\u00f3s\u00e1g, a r\u00e9m\u00e1lmok, a fikci\u00f3k mezsgy\u00e9j\u00e9n.<\/p>\n<p>Az el\u0151ad\u00e1s magyarorsz\u00e1gi bemutat\u00f3ja a miskolci Bart\u00f3k Plusz Operafesztiv\u00e1lon lesz j\u00faniusban, a fesztiv\u00e1l \u00e9s a Budapesti Operettsz\u00ednh\u00e1z k\u00f6z\u00f6s produkci\u00f3j\u00e1ban; a f\u0151v\u00e1rosi k\u00f6z\u00f6ns\u00e9g pedig szeptember 28-\u00e1n l\u00e1thatja el\u0151sz\u00f6r a darabot a Nagymez\u0151 utcai te\u00e1trum st\u00fadi\u00f3sz\u00ednh\u00e1z\u00e1ban.<\/p>\n<p>Kele T\u00edmea<br \/>\n forr\u00e1s: MTI<br \/>\n Fot\u00f3: Budapesti Operettsz\u00ednh\u00e1z<\/p>\n","protected":false},"excerpt":{"rendered":"<p>A j\u00faniusi, miskolci premier ut\u00e1n szeptember v\u00e9g\u00e9n a F\u0151v\u00e1rosi Operettsz\u00ednh\u00e1z is bemutatja a Semmelweis c\u00edm\u0171 oper\u00e1t a Rakt\u00e1rsz\u00ednh\u00e1zban \u2013 jelentette be L\u0151rinczy Gy\u00f6rgy f\u0151igazgat\u00f3 az int\u00e9zm\u00e9ny 2018\/2019-es \u00e9vad\u00e1r\u00f3l sz\u00f3l\u00f3 sajt\u00f3t\u00e1j\u00e9koztat\u00f3n. Raymond J. Lustig \u00e9s Matthew Doherty Semmelweis Ign\u00e1c \u00e9let\u00e9t bemutat\u00f3 darabj\u00e1r\u00f3l Boross Martin rendez\u0151 elmondta, az oratorikus m\u0171 a f\u0151szerepl\u0151 \u00f6nmag\u00e1val \u00e9s a vil\u00e1ggal hadakoz\u00f3 &hellip;<\/p>\n","protected":false},"author":101026,"featured_media":73881,"comment_status":"closed","ping_status":"closed","sticky":false,"template":"","format":"standard","meta":{"_acf_changed":false,"footnotes":""},"categories":[157,168],"tags":[4120,3599],"class_list":["post-73807","post","type-post","status-publish","format-standard","has-post-thumbnail","hentry","category-semmelweis-vilag","category-kiemelt","tag-semmelweis-200","tag-semmelweis-emlekev"],"acf":[],"_links":{"self":[{"href":"https:\/\/semmelweis.hu\/hirek\/wp-json\/wp\/v2\/posts\/73807","targetHints":{"allow":["GET"]}}],"collection":[{"href":"https:\/\/semmelweis.hu\/hirek\/wp-json\/wp\/v2\/posts"}],"about":[{"href":"https:\/\/semmelweis.hu\/hirek\/wp-json\/wp\/v2\/types\/post"}],"author":[{"embeddable":true,"href":"https:\/\/semmelweis.hu\/hirek\/wp-json\/wp\/v2\/users\/101026"}],"replies":[{"embeddable":true,"href":"https:\/\/semmelweis.hu\/hirek\/wp-json\/wp\/v2\/comments?post=73807"}],"version-history":[{"count":6,"href":"https:\/\/semmelweis.hu\/hirek\/wp-json\/wp\/v2\/posts\/73807\/revisions"}],"predecessor-version":[{"id":73882,"href":"https:\/\/semmelweis.hu\/hirek\/wp-json\/wp\/v2\/posts\/73807\/revisions\/73882"}],"wp:featuredmedia":[{"embeddable":true,"href":"https:\/\/semmelweis.hu\/hirek\/wp-json\/wp\/v2\/media\/73881"}],"wp:attachment":[{"href":"https:\/\/semmelweis.hu\/hirek\/wp-json\/wp\/v2\/media?parent=73807"}],"wp:term":[{"taxonomy":"category","embeddable":true,"href":"https:\/\/semmelweis.hu\/hirek\/wp-json\/wp\/v2\/categories?post=73807"},{"taxonomy":"post_tag","embeddable":true,"href":"https:\/\/semmelweis.hu\/hirek\/wp-json\/wp\/v2\/tags?post=73807"}],"curies":[{"name":"wp","href":"https:\/\/api.w.org\/{rel}","templated":true}]}}