{"id":72553,"date":"2018-03-27T09:19:51","date_gmt":"2018-03-27T07:19:51","guid":{"rendered":"http:\/\/semmelweis.hu\/hirek\/?p=72553"},"modified":"2018-03-27T09:19:51","modified_gmt":"2018-03-27T07:19:51","slug":"nemzetkozi-orvosbiologiai-diakkonferenciat-rendeztek-a-koranyi-frigyes-szakkollegium-tarsszervezesevel","status":"publish","type":"post","link":"https:\/\/semmelweis.hu\/hirek\/2018\/03\/27\/nemzetkozi-orvosbiologiai-diakkonferenciat-rendeztek-a-koranyi-frigyes-szakkollegium-tarsszervezesevel\/","title":{"rendered":"Nemzetk\u00f6zi orvosbiol\u00f3giai di\u00e1kkonferenci\u00e1t rendeztek a Kor\u00e1nyi Frigyes Szakkoll\u00e9gium t\u00e1rsszervez\u00e9s\u00e9vel"},"content":{"rendered":"<p>T\u00f6bb mint 60 tudom\u00e1nyos munk\u00e1t mutattak be angol nyelven hat orsz\u00e1g (Csehorsz\u00e1g, Horv\u00e1torsz\u00e1g, Magyarorsz\u00e1g, Rom\u00e1nia, Szlov\u00e1kia, Ukrajna) orvostan-, gy\u00f3gyszer\u00e9sz- \u00e9s biol\u00f3gushallgat\u00f3i 2018. m\u00e1rcius 9-\u00e9n a <a href=\"https:\/\/www.cedars-sinai.edu\/Research\/Research-Administration\/Recoop\/Conferences-and-Meetings.aspx\" target=\"_blank\" rel=\"noopener\">RECOOP \u2013 Frigyes Kor\u00e1nyi Science Forumon<\/a>. A Kor\u00e1nyi Frigyes Szakkoll\u00e9gium t\u00e1rsszervez\u00e9s\u00e9vel id\u00e9n el\u0151sz\u00f6r megrendezett di\u00e1kkonferenci\u00e1nak a budapesti Danubius Hotel Gell\u00e9rt adott otthont. Az egynapos rendezv\u00e9ny c\u00e9lja volt, hogy platformot biztos\u00edtson m\u00e1s nemzetek munkacsoportjainak \u00e9s kutat\u00e1si ter\u00fcleteinek megismer\u00e9se, a hallgat\u00f3i kutat\u00f3munka \u00e9rt\u00e9keinek bemutat\u00e1s\u00e1ra \u00e9s \u00faj szakmai kapcsolatok kialak\u00edt\u00e1s\u00e1ra.<\/p>\n<p><a href=\"https:\/\/semmelweis.hu\/hirek\/files\/2018\/03\/recoop2.jpg\"><img loading=\"lazy\" decoding=\"async\" class=\"alignright size-medium wp-image-72555\" src=\"https:\/\/semmelweis.hu\/hirek\/files\/2018\/03\/recoop2-300x199.jpg\" alt=\"\" width=\"300\" height=\"199\" srcset=\"https:\/\/semmelweis.hu\/hirek\/files\/2018\/03\/recoop2-300x199.jpg 300w, https:\/\/semmelweis.hu\/hirek\/files\/2018\/03\/recoop2-768x509.jpg 768w, https:\/\/semmelweis.hu\/hirek\/files\/2018\/03\/recoop2-600x400.jpg 600w, https:\/\/semmelweis.hu\/hirek\/files\/2018\/03\/recoop2-453x300.jpg 453w, https:\/\/semmelweis.hu\/hirek\/files\/2018\/03\/recoop2.jpg 1386w\" sizes=\"auto, (max-width: 300px) 100vw, 300px\" \/><\/a>A Science Forumot a Kor\u00e1nyi Frigyes Szakkoll\u00e9gium r\u00e9sz\u00e9r\u0151l szervez\u0151 Egyed B\u00e1lint elmondta, hogy az \u00f6tlet \u00e9s a megval\u00f3s\u00edt\u00e1s egy n\u00e9h\u00e1ny \u00e9vvel ezel\u0151tt k\u00f6ttetett partneri viszony eredm\u00e9nye, amely a Szakkoll\u00e9gium \u00e9s az Egyes\u00fclet a Region\u00e1lis Egy\u00fcttm\u0171k\u00f6d\u00e9s\u00e9rt az Eg\u00e9szs\u00e9g\u00fcgy, Tudom\u00e1ny \u00e9s Technol\u00f3gia Ter\u00fclet\u00e9n (Association for Regional Cooperation in the Fields of Health, Science and Technology \u2013 <a href=\"https:\/\/www.cedars-sinai.edu\/Research\/Research-Administration\/Recoop\/\" target=\"_blank\" rel=\"noopener\">RECOOP HST Association<\/a>) elnevez\u00e9s\u0171 tudom\u00e1nyos t\u00e1rsas\u00e1g k\u00f6z\u00f6tt j\u00f6tt l\u00e9tre. A tudom\u00e1nyos munk\u00e1kat elb\u00edr\u00e1l\u00f3 bizotts\u00e1gi tagok a RECOOP HST Association tizen\u00f6t tagint\u00e9zm\u00e9ny\u00e9b\u0151l, \u00f6sszesen h\u00e9t orsz\u00e1gb\u00f3l \u00e9rkez\u0151 szaktekint\u00e9lyek voltak.<\/p>\n<p><a href=\"https:\/\/semmelweis.hu\/hirek\/files\/2018\/03\/recoop1.jpg\"><img loading=\"lazy\" decoding=\"async\" class=\"aligncenter size-large wp-image-72557\" src=\"https:\/\/semmelweis.hu\/hirek\/files\/2018\/03\/recoop1-592x400.jpg\" alt=\"\" width=\"592\" height=\"400\" srcset=\"https:\/\/semmelweis.hu\/hirek\/files\/2018\/03\/recoop1-592x400.jpg 592w, https:\/\/semmelweis.hu\/hirek\/files\/2018\/03\/recoop1-300x203.jpg 300w, https:\/\/semmelweis.hu\/hirek\/files\/2018\/03\/recoop1-768x519.jpg 768w, https:\/\/semmelweis.hu\/hirek\/files\/2018\/03\/recoop1-444x300.jpg 444w, https:\/\/semmelweis.hu\/hirek\/files\/2018\/03\/recoop1-600x406.jpg 600w, https:\/\/semmelweis.hu\/hirek\/files\/2018\/03\/recoop1.jpg 1386w\" sizes=\"auto, (max-width: 592px) 100vw, 592px\" \/><\/a>A hallgat\u00f3k kutat\u00f3munk\u00e1inak megismer\u00e9s\u00e9re hat el\u0151re meghirdetett plen\u00e1ris szekci\u00f3ban (Cardiovascular Diseases, Drug Development and Effects, Neurodegenerative Diseases, Translational Medical Research, Clinical Research, Medical Imaging) tartott \u00f6tperces \u00f6sszefoglal\u00f3 el\u0151ad\u00e1sok \u00e9s az azt k\u00f6vet\u0151, poszterek el\u0151tt folytatott szakmai megbesz\u00e9l\u00e9sek adtak lehet\u0151s\u00e9get. A legt\u00f6bb pontot el\u00e9r\u0151 \u00f6t hallgat\u00f3 megh\u00edv\u00e1st kapott a RECOOP HST Association \u00e9ves tudom\u00e1nyos kongresszus\u00e1ra (13th Bridges in Life Sciences Annual Conference, 2018. \u00e1prilis 12-15., Hotel International, Z\u00e1gr\u00e1b), ahol szint\u00e9n el\u0151adhatj\u00e1k tudom\u00e1nyos munk\u00e1jukat.<\/p>\n<p><a href=\"https:\/\/semmelweis.hu\/hirek\/files\/2018\/03\/recoop3-e1522134750231.jpg\"><img loading=\"lazy\" decoding=\"async\" class=\"alignleft size-medium wp-image-72556\" src=\"https:\/\/semmelweis.hu\/hirek\/files\/2018\/03\/recoop3-e1522134750231-199x300.jpg\" alt=\"\" width=\"199\" height=\"300\" srcset=\"https:\/\/semmelweis.hu\/hirek\/files\/2018\/03\/recoop3-e1522134750231-199x300.jpg 199w, https:\/\/semmelweis.hu\/hirek\/files\/2018\/03\/recoop3-e1522134750231-265x400.jpg 265w, https:\/\/semmelweis.hu\/hirek\/files\/2018\/03\/recoop3-e1522134750231-600x907.jpg 600w, https:\/\/semmelweis.hu\/hirek\/files\/2018\/03\/recoop3-e1522134750231.jpg 630w\" sizes=\"auto, (max-width: 199px) 100vw, 199px\" \/><\/a>A RECOOP HST Associationt vezet\u0151 dr. V\u00e1ri G. S\u00e1ndor z\u00e1r\u00f3besz\u00e9d\u00e9ben kiemelte, hogy az elhangzott el\u0151ad\u00e1sok sz\u00ednvonala \u00e9s a h\u00e1tter\u00fcket k\u00e9pez\u0151 kutat\u00f3munk\u00e1k nemzetk\u00f6zi m\u00e9rc\u00e9vel m\u00e9rve is n\u00edv\u00f3snak sz\u00e1m\u00edtanak. A RECOOP HST Association a Science Forumon megeml\u00e9kezett dr. Szab\u00f3 Zolt\u00e1n \u00e9s dr. Kulka Frigyes professzorr\u00f3l, hangs\u00falyozva, hogy a k\u00e9t kiv\u00e1l\u00f3 magyar seb\u00e9sz \u00e9s kutat\u00f3 tudom\u00e1nyos \u00e9s oktat\u00f3i munk\u00e1ja a mai napig p\u00e9ldamutat\u00f3. Dr. V\u00e1ri G. S\u00e1ndor kijelentette, hogy a Kor\u00e1nyi Frigyes Szakkoll\u00e9gium \u00e9s a RECOOP HST Association \u00e1ltal n\u00e9gy \u00e9vvel ezel\u0151tt ind\u00edtott angol nyelv\u0171 tudom\u00e1nyos di\u00e1kkonferencia \u2013 amely az eddigi \u00e9vekben t\u00f6bb \u00edzben is a Kor\u00e1nyi Frigyes Tudom\u00e1nyos F\u00f3rum r\u00e9sz\u00e9t k\u00e9pezte \u2013 nemzetk\u00f6zi szint\u0171 megrendez\u00e9se sikeres \u00e9s hasznos volt. Ez\u00e9rt a RECOOP HST Association a Science Forum megszervez\u00e9s\u00e9t folytatja, \u00e9s a Kor\u00e1nyi Frigyes Szakkoll\u00e9giummal 2019-ben is megrendezi.<\/p>\n<p>Az absztraktf\u00fczet a RECOOP HST Association weboldal\u00e1n az <a href=\"https:\/\/www.cedars-sinai.edu\/Research\/Research-Administration\/Recoop\/Documents\/Abstract-Book-RECOOP---Frigyes-Koranyi-Science-Forum-2018-Final-0312.pdf\" target=\"_blank\" rel=\"noopener\">al\u00e1bbi linkre<\/a> kattintva \u00e9rhet\u0151 el.<\/p>\n<p>Egyed B\u00e1lint<br \/>\n Fot\u00f3k: Kir\u00e1ly Anna<\/p>\n","protected":false},"excerpt":{"rendered":"<p>T\u00f6bb mint 60 tudom\u00e1nyos munk\u00e1t mutattak be angol nyelven hat orsz\u00e1g (Csehorsz\u00e1g, Horv\u00e1torsz\u00e1g, Magyarorsz\u00e1g, Rom\u00e1nia, Szlov\u00e1kia, Ukrajna) orvostan-, gy\u00f3gyszer\u00e9sz- \u00e9s biol\u00f3gushallgat\u00f3i 2018. m\u00e1rcius 9-\u00e9n a <a href=\"https:\/\/www.cedars-sinai.edu\/Research\/Research-Administration\/Recoop\/Conferences-and-Meetings.aspx\" target=\"_blank\" rel=\"noopener\">RECOOP \u2013 Frigyes Kor\u00e1nyi Science Forumon<\/a> . A Kor\u00e1nyi Frigyes Szakkoll\u00e9gium t\u00e1rsszervez\u00e9s\u00e9vel id\u00e9n el\u0151sz\u00f6r megrendezett di\u00e1kkonferenci\u00e1nak a budapesti Danubius Hotel Gell\u00e9rt adott otthont. Az egynapos rendezv\u00e9ny c\u00e9lja volt, hogy platformot biztos\u00edtson m\u00e1s nemzetek munkacsoportjainak \u00e9s kutat\u00e1si &hellip;<\/p>\n","protected":false},"author":101132,"featured_media":72557,"comment_status":"closed","ping_status":"closed","sticky":false,"template":"","format":"standard","meta":{"_acf_changed":false,"footnotes":""},"categories":[3533,168],"tags":[3445],"class_list":["post-72553","post","type-post","status-publish","format-standard","has-post-thumbnail","hentry","category-hallgatok-oktatas","category-kiemelt","tag-tehetseg"],"acf":[],"_links":{"self":[{"href":"https:\/\/semmelweis.hu\/hirek\/wp-json\/wp\/v2\/posts\/72553","targetHints":{"allow":["GET"]}}],"collection":[{"href":"https:\/\/semmelweis.hu\/hirek\/wp-json\/wp\/v2\/posts"}],"about":[{"href":"https:\/\/semmelweis.hu\/hirek\/wp-json\/wp\/v2\/types\/post"}],"author":[{"embeddable":true,"href":"https:\/\/semmelweis.hu\/hirek\/wp-json\/wp\/v2\/users\/101132"}],"replies":[{"embeddable":true,"href":"https:\/\/semmelweis.hu\/hirek\/wp-json\/wp\/v2\/comments?post=72553"}],"version-history":[{"count":2,"href":"https:\/\/semmelweis.hu\/hirek\/wp-json\/wp\/v2\/posts\/72553\/revisions"}],"predecessor-version":[{"id":72571,"href":"https:\/\/semmelweis.hu\/hirek\/wp-json\/wp\/v2\/posts\/72553\/revisions\/72571"}],"wp:featuredmedia":[{"embeddable":true,"href":"https:\/\/semmelweis.hu\/hirek\/wp-json\/wp\/v2\/media\/72557"}],"wp:attachment":[{"href":"https:\/\/semmelweis.hu\/hirek\/wp-json\/wp\/v2\/media?parent=72553"}],"wp:term":[{"taxonomy":"category","embeddable":true,"href":"https:\/\/semmelweis.hu\/hirek\/wp-json\/wp\/v2\/categories?post=72553"},{"taxonomy":"post_tag","embeddable":true,"href":"https:\/\/semmelweis.hu\/hirek\/wp-json\/wp\/v2\/tags?post=72553"}],"curies":[{"name":"wp","href":"https:\/\/api.w.org\/{rel}","templated":true}]}}