{"id":72439,"date":"2018-03-22T08:27:27","date_gmt":"2018-03-22T07:27:27","guid":{"rendered":"http:\/\/semmelweis.hu\/hirek\/?p=72439"},"modified":"2018-03-23T09:30:08","modified_gmt":"2018-03-23T08:30:08","slug":"az-europai-tudomanyos-es-muveszeti-akademia-tagjava-valasztottak-dr-rihmer-zoltant","status":"publish","type":"post","link":"https:\/\/semmelweis.hu\/hirek\/2018\/03\/22\/az-europai-tudomanyos-es-muveszeti-akademia-tagjava-valasztottak-dr-rihmer-zoltant\/","title":{"rendered":"Az Eur\u00f3pai Tudom\u00e1nyos \u00e9s M\u0171v\u00e9szeti Akad\u00e9mia tagj\u00e1v\u00e1 v\u00e1lasztott\u00e1k dr. Rihmer Zolt\u00e1nt"},"content":{"rendered":"<p>Az Eur\u00f3pai Tudom\u00e1nyos \u00e9s M\u0171v\u00e9szeti Akad\u00e9mia (<a href=\"http:\/\/www.euro-acad.eu\/\" target=\"_blank\" rel=\"noopener\">European Academy of Science and Arts<\/a>) rendes tagj\u00e1v\u00e1 v\u00e1lasztott\u00e1k dr. Rihmer Zolt\u00e1n Sz\u00e9chenyi-d\u00edjas pszichi\u00e1tert, a Pszichi\u00e1triai \u00e9s Pszichoter\u00e1pi\u00e1s Klinika c\u00edmzetes egyetemi tan\u00e1r\u00e1t. Dr. Rihmer Zolt\u00e1n klinikai \u00e9s tudom\u00e1nyos-kutat\u00e1si ter\u00fclete a ked\u00e9ly- \u00e9s szorong\u00e1sos betegs\u00e9gek genetikai-biol\u00f3giai, illetve klinikai-epidemiol\u00f3giai vonatkoz\u00e1sai, a hat\u00e9kony ter\u00e1pi\u00e1k kidolgoz\u00e1sa \u00e9s az \u00f6ngyilkoss\u00e1gi vesz\u00e9ly el\u0151rejelz\u00e9se. T\u00f6bb hazai \u00e9s nemzetk\u00f6zi tudom\u00e1nyos t\u00e1rsas\u00e1g tagja, illetve vezet\u0151s\u00e9gi tagja, sz\u00e1mos kit\u00fcntet\u00e9s, a t\u00f6bbi k\u00f6zt <a href=\"https:\/\/semmelweis.hu\/hirek\/2012\/04\/13\/negyven-ev-a-pszichiatriai-betegsegek-jobb-megismerese-erdekeben\/\" target=\"_blank\" rel=\"noopener\">Sz\u00e9chenyi-d\u00edj<\/a> birtokosa.<\/p>\n<p>Az Eur\u00f3pai Tudom\u00e1nyos \u00e9s M\u0171v\u00e9szeti Akad\u00e9mi\u00e1t 1990-ben alap\u00edtott\u00e1k Salzburgban, jelenleg t\u00f6bb mint 2000 tagja van, k\u00f6zt\u00fck t\u00f6bb Nobel-d\u00edjas tud\u00f3s. Az akad\u00e9mia tudom\u00e1ny\u00e1gak szerinti csoportb\u00f3l \u00e1ll, \u00edgy b\u00f6lcs\u00e9szettudom\u00e1ny, orvostudom\u00e1ny, m\u0171v\u00e9szettudom\u00e1ny, term\u00e9szettudom\u00e1ny, t\u00e1rsadalom-, jog- \u00e9s k\u00f6zgazdas\u00e1gtudom\u00e1ny, m\u0171szaki \u00e9s k\u00f6rnyezettudom\u00e1ny \u00e9s vil\u00e1gvall\u00e1sok ter\u00fclet\u00e9r\u0151l is vannak tagjai.<\/p>\n<p>Keresztes Eszter<br \/>\n Fot\u00f3: Kov\u00e1cs Attila \u2013 Semmelweis Egyetem<\/p>\n","protected":false},"excerpt":{"rendered":"<p>Az Eur\u00f3pai Tudom\u00e1nyos \u00e9s M\u0171v\u00e9szeti Akad\u00e9mia ( <a href=\"http:\/\/www.euro-acad.eu\/\" target=\"_blank\" rel=\"noopener\">European Academy of Science and Arts<\/a> ) rendes tagj\u00e1v\u00e1 v\u00e1lasztott\u00e1k dr. Rihmer Zolt\u00e1n Sz\u00e9chenyi-d\u00edjas pszichi\u00e1tert, a Pszichi\u00e1triai \u00e9s Pszichoter\u00e1pi\u00e1s Klinika c\u00edmzetes egyetemi tan\u00e1r\u00e1t. Dr. Rihmer Zolt\u00e1n klinikai \u00e9s tudom\u00e1nyos-kutat\u00e1si ter\u00fclete a ked\u00e9ly- \u00e9s szorong\u00e1sos betegs\u00e9gek genetikai-biol\u00f3giai, illetve klinikai-epidemiol\u00f3giai vonatkoz\u00e1sai, a hat\u00e9kony ter\u00e1pi\u00e1k kidolgoz\u00e1sa \u00e9s az \u00f6ngyilkoss\u00e1gi vesz\u00e9ly el\u0151rejelz\u00e9se. T\u00f6bb hazai \u00e9s nemzetk\u00f6zi tudom\u00e1nyos t\u00e1rsas\u00e1g &hellip;<\/p>\n","protected":false},"author":101132,"featured_media":72440,"comment_status":"closed","ping_status":"closed","sticky":false,"template":"","format":"standard","meta":{"_acf_changed":false,"footnotes":""},"categories":[161,168],"tags":[188],"class_list":["post-72439","post","type-post","status-publish","format-standard","has-post-thumbnail","hentry","category-tudomany","category-kiemelt","tag-tudomanyos-hirek-rendezvenyek"],"acf":[],"_links":{"self":[{"href":"https:\/\/semmelweis.hu\/hirek\/wp-json\/wp\/v2\/posts\/72439","targetHints":{"allow":["GET"]}}],"collection":[{"href":"https:\/\/semmelweis.hu\/hirek\/wp-json\/wp\/v2\/posts"}],"about":[{"href":"https:\/\/semmelweis.hu\/hirek\/wp-json\/wp\/v2\/types\/post"}],"author":[{"embeddable":true,"href":"https:\/\/semmelweis.hu\/hirek\/wp-json\/wp\/v2\/users\/101132"}],"replies":[{"embeddable":true,"href":"https:\/\/semmelweis.hu\/hirek\/wp-json\/wp\/v2\/comments?post=72439"}],"version-history":[{"count":3,"href":"https:\/\/semmelweis.hu\/hirek\/wp-json\/wp\/v2\/posts\/72439\/revisions"}],"predecessor-version":[{"id":72502,"href":"https:\/\/semmelweis.hu\/hirek\/wp-json\/wp\/v2\/posts\/72439\/revisions\/72502"}],"wp:featuredmedia":[{"embeddable":true,"href":"https:\/\/semmelweis.hu\/hirek\/wp-json\/wp\/v2\/media\/72440"}],"wp:attachment":[{"href":"https:\/\/semmelweis.hu\/hirek\/wp-json\/wp\/v2\/media?parent=72439"}],"wp:term":[{"taxonomy":"category","embeddable":true,"href":"https:\/\/semmelweis.hu\/hirek\/wp-json\/wp\/v2\/categories?post=72439"},{"taxonomy":"post_tag","embeddable":true,"href":"https:\/\/semmelweis.hu\/hirek\/wp-json\/wp\/v2\/tags?post=72439"}],"curies":[{"name":"wp","href":"https:\/\/api.w.org\/{rel}","templated":true}]}}