{"id":72408,"date":"2018-03-21T12:22:17","date_gmt":"2018-03-21T11:22:17","guid":{"rendered":"http:\/\/semmelweis.hu\/hirek\/?p=72408"},"modified":"2018-03-21T12:27:58","modified_gmt":"2018-03-21T11:27:58","slug":"szechenyi-dijat-kapott-dr-hunyady-laszlo-az-aok-dekanja","status":"publish","type":"post","link":"https:\/\/semmelweis.hu\/hirek\/2018\/03\/21\/szechenyi-dijat-kapott-dr-hunyady-laszlo-az-aok-dekanja\/","title":{"rendered":"Sz\u00e9chenyi-d\u00edjat kapott dr. Hunyady L\u00e1szl\u00f3, az \u00c1OK d\u00e9k\u00e1nja"},"content":{"rendered":"<p>A nemzeti \u00fcnnep alkalm\u00e1b\u00f3l Sz\u00e9chenyi-d\u00edjat vehetett \u00e1t dr. Hunyady L\u00e1szl\u00f3 egyetemi tan\u00e1r, az \u00c1ltal\u00e1nos Orvostudom\u00e1nyi Kar (\u00c1OK) d\u00e9k\u00e1nja, az \u00c9lettani Int\u00e9zet igazgat\u00f3ja, a Magyar Tudom\u00e1nyos Akad\u00e9mia (MTA) rendes tagja, \u00e9s az Academia Europaea tagja. Ahogy azt a honlapunknak adott interj\u00faban elmondta, a d\u00edj az\u00e9rt is jelent nagy b\u00fcszkes\u00e9get sz\u00e1m\u00e1ra, mert az MTA Orvosi Tudom\u00e1nyok Oszt\u00e1lya felterjeszt\u00e9s\u00e9re nyerte el.<\/p>\n<p><a href=\"https:\/\/semmelweis.hu\/hirek\/files\/2018\/03\/RS75196_IMG_9325-scr.jpg\"><img loading=\"lazy\" decoding=\"async\" class=\"size-medium wp-image-72411 alignleft\" src=\"https:\/\/semmelweis.hu\/hirek\/files\/2018\/03\/RS75196_IMG_9325-scr-200x300.jpg\" alt=\"\" width=\"200\" height=\"300\" srcset=\"https:\/\/semmelweis.hu\/hirek\/files\/2018\/03\/RS75196_IMG_9325-scr-200x300.jpg 200w, https:\/\/semmelweis.hu\/hirek\/files\/2018\/03\/RS75196_IMG_9325-scr-267x400.jpg 267w, https:\/\/semmelweis.hu\/hirek\/files\/2018\/03\/RS75196_IMG_9325-scr.jpg 500w\" sizes=\"auto, (max-width: 200px) 100vw, 200px\" \/><\/a>A Sz\u00e9chenyi-d\u00edj \u00fcnnep\u00e9lyes \u00e1tad\u00e1sa sor\u00e1n elhangzott indokl\u00e1s szerint \u201ea v\u00e9rnyom\u00e1s-szab\u00e1lyoz\u00e1sban k\u00f6zponti szerepet j\u00e1tsz\u00f3 angiotenzin receptor \u00e9s m\u00e1s G-feh\u00e9rj\u00e9hez kapcsolt receptorok m\u0171k\u00f6d\u00e9s\u00e9nek vizsg\u00e1lata ter\u00e9n folytatott kiemelked\u0151 k\u00eds\u00e9rleti endokrinol\u00f3giai \u00e9s receptor\u00e9lettani kutat\u00e1sai, valamint az \u00e1ltal\u00e1nos orvosk\u00e9pz\u00e9sben v\u00e9gzett magas szint\u0171 oktat\u00f3i \u00e9s vezet\u0151i tev\u00e9kenys\u00e9ge\u201d elismer\u00e9sek\u00e9nt \u00edt\u00e9lt\u00e9k oda sz\u00e1m\u00e1ra a Sz\u00e9chenyi-d\u00edjat. Dr. Hunyady L\u00e1szl\u00f3 tudom\u00e1nyos eredm\u00e9nyei k\u00f6z\u00fcl kiemelte, hogy 1995-ben a Howard Hughes Medical Institute t\u00e1mogat\u00e1s\u00e1val \u2013 k\u00e9t USA-beli, National Institutes of Health-ben elt\u00f6lt\u00f6tt t\u00f6bb\u00e9ves tanulm\u00e1ny\u00fat ut\u00e1n \u2013 t\u00e9rt haza \u00e9s alak\u00edtott \u00faj munkacsoportot az egyetemen. Ez egy olyan id\u0151szakban t\u00f6rt\u00e9nt, amikor sokan k\u00fclf\u00f6ldre mentek, ez\u00e9rt \u00fagy \u00e9rzem, siker\u00fclt olyan p\u00e9ld\u00e1t mutatnom, melyet az \u00c9lettani Int\u00e9zetben a k\u00f6vetkez\u0151 gener\u00e1ci\u00f3 t\u00f6bb tagja is k\u00f6vetett \u2013 mondta hozz\u00e1t\u00e9ve, hogy ma m\u00e1r hazai p\u00e1ly\u00e1zatok \u2013 p\u00e9ld\u00e1ul a Lend\u00fclet program \u2013 is rendelkez\u00e9sre \u00e1llnak, akkoriban azonban ritka volt egy ilyen lehet\u0151s\u00e9g. Jelent\u0151sebb tudom\u00e1nyos eredm\u00e9nyei k\u00f6zt eml\u00edtette annak kimutat\u00e1s\u00e1t, hogy a v\u00e9rnyom\u00e1s-szab\u00e1lyoz\u00e1sban kiemelt szerepet j\u00e1tsz\u00f3 angiotenzin II hat\u00e1sa sor\u00e1n a jel\u00e1tviteli folyamatok aktiv\u00e1l\u00f3d\u00e1sa \u00e9s a receptorok internaliz\u00e1ci\u00f3ja egym\u00e1st\u00f3l f\u00fcggetlen\u00fcl is l\u00e9trej\u00f6het. Ezek az eredm\u00e9nyek jelentett\u00e9k a kiindul\u00f3pontj\u00e1t annak a sikeres kollabor\u00e1ci\u00f3nak, melyet a k\u00e9s\u0151bb Nobel-d\u00edjat elnyert Robert J. Lefkowitz professzorral folytatott.<\/p>\n<p>Jelenlegi kutat\u00f3i munk\u00e1j\u00e1b\u00f3l kiemelte az \u00e9relmeszesed\u00e9s kutat\u00e1s\u00e1ra vonatkoz\u00f3, alapkutat\u00e1si t\u00e9m\u00e1b\u00f3l kiindul\u00f3, alkalmazott kutat\u00e1si projektet, amiben az \u00c9lettani Int\u00e9zet t\u00f6bb kutat\u00f3csoportja \u00e9s k\u00fcls\u0151s partnerek is r\u00e9sz vesznek, az els\u0151dleges c\u00e9l pedig ter\u00e1pi\u00e1s c\u00e9lpontok azonos\u00edt\u00e1sa e n\u00e9pbetegs\u00e9g kezel\u00e9s\u00e9re. Dr. Hunyady L\u00e1szl\u00f3 b\u00fcszke r\u00e1, hogy az \u00c9lettani Int\u00e9zet j\u00f3 hangulat\u00fa \u00e9s sikeres int\u00e9zet, ahol h\u00e1rom Sz\u00e9chenyi-d\u00edjas akad\u00e9mikus, a fiatalabbak k\u00f6zt pedig h\u00e1rom Lend\u00fclet p\u00e1ly\u00e1zatot elnyert oktat\u00f3 is dolgozik. Az int\u00e9zet jelenti azt az er\u0151forr\u00e1st, ami miatt a kari vezet\u0151i szerepre is v\u00e1llalkoztam \u2013 vallotta a d\u00e9k\u00e1n.<\/p>\n<p><a href=\"https:\/\/semmelweis.hu\/hirek\/files\/2018\/03\/RS75154_IMG_9480-scr.jpg\"><img loading=\"lazy\" decoding=\"async\" class=\"size-medium wp-image-72410 alignright\" src=\"https:\/\/semmelweis.hu\/hirek\/files\/2018\/03\/RS75154_IMG_9480-scr-197x300.jpg\" alt=\"\" width=\"197\" height=\"300\" srcset=\"https:\/\/semmelweis.hu\/hirek\/files\/2018\/03\/RS75154_IMG_9480-scr-197x300.jpg 197w, https:\/\/semmelweis.hu\/hirek\/files\/2018\/03\/RS75154_IMG_9480-scr-263x400.jpg 263w, https:\/\/semmelweis.hu\/hirek\/files\/2018\/03\/RS75154_IMG_9480-scr.jpg 493w\" sizes=\"auto, (max-width: 197px) 100vw, 197px\" \/><\/a>Az \u00c1OK vezet\u0151jek\u00e9nt az oktat\u00e1s sz\u00ednvonal\u00e1t igyekezett jav\u00edtani, a klinikai oktat\u00e1s ter\u00e9n sok v\u00e1ltoz\u00e1s t\u00f6rt\u00e9nt az elm\u00falt \u00e9vekben: skill laborok bevezet\u00e9se, az oktat\u00e1s v\u00e9lem\u00e9nyez\u00e9se m\u00f3dszertani gyakorlat\u00e1nak kidolgoz\u00e1sa, \u00faj tant\u00e1rgyak bevezet\u00e9se, k\u00fcls\u0151 oktat\u00f3helyek (gyakorl\u00f3 k\u00f3rh\u00e1zak) bevon\u00e1sa \u2013 sorolta. Mint elmondta, nagyon \u00f6r\u00fcl, hogy a Sz\u00e9chenyi-d\u00edjjal ezen tev\u00e9kenys\u00e9g\u00e9t is elismert\u00e9k. Hozz\u00e1tette, hogy a klinikai oktat\u00e1s fejleszt\u00e9s\u00e9nek szerinte alapfelt\u00e9tele a paraszolvencia kiv\u00e1lt\u00e1sa egy \u00e1tl\u00e1that\u00f3 t\u00f6bblet j\u00f6vedelemrendszer bevezet\u00e9s\u00e9vel, ami jelent\u0151sen n\u00f6veln\u00e9 az orvosok, a szakdolgoz\u00f3k \u00e9s a diagnosztik\u00e1ban r\u00e9szt vev\u0151k j\u00f6vedelm\u00e9t. Mint mondta, kudarck\u00e9nt \u00e9li meg, hogy \u00fagy l\u00e1tja egyel\u0151re nem siker\u00fclt ennek id\u0151szer\u0171s\u00e9g\u00e9r\u0151l \u00e9s fontoss\u00e1g\u00e1r\u00f3l meggy\u0151znie a hallgat\u00f3k \u00e9s a dolgoz\u00f3k \u00e9rdekk\u00e9pviseleteinek vezet\u0151it, pedig most forr\u00e1s is lenne r\u00e1.<\/p>\n<p>A j\u00f6v\u0151beli terveir\u0151l sz\u00f3lva elmondta, hogy szeretn\u00e9 megkezdeni az \u00c1OK-n kor\u00e1bban kidolgozott kari fejleszt\u00e9si tervben megfogalmazott projektek gyakorlati megval\u00f3s\u00edt\u00e1s\u00e1t. T\u00f6bb ter\u00fclet is ide tartozik, p\u00e9ld\u00e1ul az elektronikai eszk\u00f6z\u00f6k el\u0151t\u00e9rbe helyez\u00e9se az oktat\u00e1ban, az oktat\u00e1sm\u00f3dszertan fejleszt\u00e9se, illetve az egyetem rangsorokban elfoglalt hely\u00e9nek jav\u00edt\u00e1sa; a szakk\u00e9pz\u00e9st\u0151l a gradu\u00e1lis k\u00e9pz\u00e9sig szerepelnek teh\u00e1t fejlesztend\u0151 ter\u00fcletek a programban \u2013 foglalta \u00f6ssze hozz\u00e1t\u00e9ve, hogy a projektek kidolgoz\u00e1sban az \u00c1OK \u00e9s az egyetem m\u00e1s karainak oktat\u00f3i mellett a k\u00f6zponti appar\u00e1tus dolgoz\u00f3i \u00e9s egyetemen k\u00edv\u00fcli szakemberek is r\u00e9szt vettek.<\/p>\n<p>Dr. Hunyady L\u00e1szl\u00f3 az egyetem kutat\u00f3it bemutat\u00f3 vide\u00f3sorozatban p\u00e1ly\u00e1ja indul\u00e1s\u00e1r\u00f3l is besz\u00e9l, a filmet <a href=\"https:\/\/youtu.be\/5RLmLLGPUrI\" target=\"_blank\" rel=\"noopener\">ide kattintva<\/a> lehet megtekinteni. A Sz\u00e9chenyi-d\u00edj \u00e1tad\u00e1sa ut\u00e1n az MTI-nek adott interj\u00fa pedig <a href=\"https:\/\/www.hirado.hu\/belfold\/kozelet\/cikk\/2018\/03\/15\/hunyady-laszlo\/\" target=\"_blank\" rel=\"noopener\">itt<\/a> olvashat\u00f3.<\/p>\n<p>Keresztes Eszter<br \/>\n Fot\u00f3: Kov\u00e1cs Attila \u2013 Semmelweis Egyetem<\/p>\n","protected":false},"excerpt":{"rendered":"<p>A nemzeti \u00fcnnep alkalm\u00e1b\u00f3l Sz\u00e9chenyi-d\u00edjat vehetett \u00e1t dr. Hunyady L\u00e1szl\u00f3 egyetemi tan\u00e1r, az \u00c1ltal\u00e1nos Orvostudom\u00e1nyi Kar (\u00c1OK) d\u00e9k\u00e1nja, az \u00c9lettani Int\u00e9zet igazgat\u00f3ja, a Magyar Tudom\u00e1nyos Akad\u00e9mia (MTA) rendes tagja, \u00e9s az Academia Europaea tagja. Ahogy azt a honlapunknak adott interj\u00faban elmondta, a d\u00edj az\u00e9rt is jelent nagy b\u00fcszkes\u00e9get sz\u00e1m\u00e1ra, mert az MTA Orvosi Tudom\u00e1nyok Oszt\u00e1lya &hellip;<\/p>\n","protected":false},"author":101132,"featured_media":72414,"comment_status":"closed","ping_status":"closed","sticky":false,"template":"","format":"standard","meta":{"_acf_changed":false,"footnotes":""},"categories":[157,168],"tags":[4070,3996,158],"class_list":["post-72408","post","type-post","status-publish","format-standard","has-post-thumbnail","hentry","category-semmelweis-vilag","category-kiemelt","tag-allami-kituntetes","tag-interju","tag-dijak-kituntetesek"],"acf":[],"_links":{"self":[{"href":"https:\/\/semmelweis.hu\/hirek\/wp-json\/wp\/v2\/posts\/72408","targetHints":{"allow":["GET"]}}],"collection":[{"href":"https:\/\/semmelweis.hu\/hirek\/wp-json\/wp\/v2\/posts"}],"about":[{"href":"https:\/\/semmelweis.hu\/hirek\/wp-json\/wp\/v2\/types\/post"}],"author":[{"embeddable":true,"href":"https:\/\/semmelweis.hu\/hirek\/wp-json\/wp\/v2\/users\/101132"}],"replies":[{"embeddable":true,"href":"https:\/\/semmelweis.hu\/hirek\/wp-json\/wp\/v2\/comments?post=72408"}],"version-history":[{"count":3,"href":"https:\/\/semmelweis.hu\/hirek\/wp-json\/wp\/v2\/posts\/72408\/revisions"}],"predecessor-version":[{"id":87881,"href":"https:\/\/semmelweis.hu\/hirek\/wp-json\/wp\/v2\/posts\/72408\/revisions\/87881"}],"wp:featuredmedia":[{"embeddable":true,"href":"https:\/\/semmelweis.hu\/hirek\/wp-json\/wp\/v2\/media\/72414"}],"wp:attachment":[{"href":"https:\/\/semmelweis.hu\/hirek\/wp-json\/wp\/v2\/media?parent=72408"}],"wp:term":[{"taxonomy":"category","embeddable":true,"href":"https:\/\/semmelweis.hu\/hirek\/wp-json\/wp\/v2\/categories?post=72408"},{"taxonomy":"post_tag","embeddable":true,"href":"https:\/\/semmelweis.hu\/hirek\/wp-json\/wp\/v2\/tags?post=72408"}],"curies":[{"name":"wp","href":"https:\/\/api.w.org\/{rel}","templated":true}]}}