{"id":72028,"date":"2018-03-20T10:41:40","date_gmt":"2018-03-20T09:41:40","guid":{"rendered":"http:\/\/semmelweis.hu\/hirek\/?p=72028"},"modified":"2018-06-04T15:25:09","modified_gmt":"2018-06-04T13:25:09","slug":"csaknem-200-ezer-not-erint-az-endometriozis-idehaza","status":"publish","type":"post","link":"https:\/\/semmelweis.hu\/hirek\/2018\/03\/20\/csaknem-200-ezer-not-erint-az-endometriozis-idehaza\/","title":{"rendered":"Csaknem 200 ezer n\u0151t \u00e9rint az endometri\u00f3zis idehaza"},"content":{"rendered":"<p>Az endometri\u00f3zis 95 sz\u00e1zal\u00e9kban a fogamz\u00f3k\u00e9pes kor\u00fa n\u0151k betegs\u00e9ge, idehaza mintegy 200 ezer 15 \u00e9s 39 \u00e9v k\u00f6z\u00f6tti n\u0151t \u00e9rint \u2013 ismertette dr. Szab\u00f3 Istv\u00e1n. A Semmelweis Egyetem II. Sz. Sz\u00fcl\u00e9szeti \u00e9s N\u0151gy\u00f3gy\u00e1szati Klinik\u00e1j\u00e1nak egyetemi docense szerint minden m\u00e1sodik-harmadik medd\u0151 n\u0151t ezzel a j\u00f3indulat\u00fa elv\u00e1ltoz\u00e1ssal is kezelnek. Mint ismertette, klinikai szempontb\u00f3l a k\u00f3rk\u00e9p egyik legs\u00falyosabb form\u00e1ja az \u00fan. m\u00e9lyen infiltr\u00e1l\u00f3 endometri\u00f3zis, amely az esetek mintegy 20-25 sz\u00e1zal\u00e9k\u00e1t teszi ki.<\/p>\n<p><a href=\"https:\/\/semmelweis.hu\/hirek\/files\/2018\/03\/SzaboIstvan.jpg\"><img loading=\"lazy\" decoding=\"async\" class=\"alignright wp-image-72030 size-medium\" src=\"https:\/\/semmelweis.hu\/hirek\/files\/2018\/03\/SzaboIstvan-228x300.jpg\" alt=\"\" width=\"228\" height=\"300\" srcset=\"https:\/\/semmelweis.hu\/hirek\/files\/2018\/03\/SzaboIstvan-228x300.jpg 228w, https:\/\/semmelweis.hu\/hirek\/files\/2018\/03\/SzaboIstvan-305x400.jpg 305w, https:\/\/semmelweis.hu\/hirek\/files\/2018\/03\/SzaboIstvan.jpg 453w\" sizes=\"auto, (max-width: 228px) 100vw, 228px\" \/><\/a>Endrometri\u00f3zis sor\u00e1n, a norm\u00e1l esetben csak a m\u00e9hen bel\u00fcl elhelyezked\u0151 ny\u00e1lkah\u00e1rtya m\u00e1s helyen is megjelenik. El\u0151fordulhat a has\u00fcregben, hash\u00e1rty\u00e1n, a petef\u00e9szekben, a t\u00fcd\u0151ben vagy ak\u00e1r a b\u0151rben \u00e9s m\u00e1s szervekben is \u2013 mondta dr. Szab\u00f3 Istv\u00e1n. Az egyetemi docens hozz\u00e1tette, a k\u00f3ros elhelyezked\u00e9s\u0171 sz\u00f6vet jellemz\u0151en k\u00f6veti a norm\u00e1l ciklikus v\u00e1ltoz\u00e1sokat, melynek k\u00f6vetkezt\u00e9ben a menstru\u00e1ci\u00f3 alatt v\u00e9r gy\u00fclemlik fel ezeken a m\u00e9h\u00fcregen k\u00edv\u00fcli ter\u00fcleteken. Mindezek nyom\u00e1n, immunol\u00f3giai \u00e9s gyullad\u00e1sos reakci\u00f3k jelenhetnek meg, bels\u0151 sz\u00f6veti \u00f6sszen\u00f6v\u00e9sek alakulnak ki s\u00falyos panaszokat, er\u0151s f\u00e1jdalmakat okozva.<\/p>\n<p>Legjobban sz\u0171rhet\u0151 v\u00e1ltozata a petef\u00e9szek endometri\u00f3zis, azaz a csokol\u00e1d\u00e9ciszta, amelynek jellegzetes a tapint\u00e1sos lelete \u00e9s az ultrahang k\u00e9pe. Term\u00e9szetesen laparoszk\u00f3pi\u00e1val is igazolhat\u00f3 \u2013 mondta dr. Szab\u00f3 Istv\u00e1n hangs\u00falyozva, hogy sokkal nehezebb felismerni a hash\u00e1rtya endometri\u00f3zist, amely sem ultrahanggal, sem MR-rel nem mutathat\u00f3 ki, ugyanakkor er\u0151s hasi f\u00e1jdalommal j\u00e1r, \u00e9s k\u00fcl\u00f6nb\u00f6z\u0151 form\u00e1kban jelenhet meg (lila, barna vagy op\u00e1los felrak\u00f3d\u00e1s, heges torzul\u00e1s). El\u0151fordul, hogy piros l\u00e1ngnyelv-szer\u0171 vagy b\u00e1rsonyos foltk\u00e9nt jelenik meg. Az egyetemi docens hangs\u00falyozta ugyanakkor, hogy a panaszok legt\u00f6bbsz\u00f6r nincsenek ar\u00e1nyban az elv\u00e1ltoz\u00e1s s\u00falyoss\u00e1g\u00e1val.<\/p>\n<p><a href=\"https:\/\/semmelweis.hu\/hirek\/files\/2018\/03\/endometriozis.jpg\"><img loading=\"lazy\" decoding=\"async\" class=\"alignleft wp-image-72031 size-medium\" src=\"https:\/\/semmelweis.hu\/hirek\/files\/2018\/03\/endometriozis-300x200.jpg\" alt=\"\" width=\"300\" height=\"200\" srcset=\"https:\/\/semmelweis.hu\/hirek\/files\/2018\/03\/endometriozis-300x200.jpg 300w, https:\/\/semmelweis.hu\/hirek\/files\/2018\/03\/endometriozis-768x512.jpg 768w, https:\/\/semmelweis.hu\/hirek\/files\/2018\/03\/endometriozis-600x400.jpg 600w, https:\/\/semmelweis.hu\/hirek\/files\/2018\/03\/endometriozis-450x300.jpg 450w, https:\/\/semmelweis.hu\/hirek\/files\/2018\/03\/endometriozis.jpg 950w\" sizes=\"auto, (max-width: 300px) 100vw, 300px\" \/><\/a>A m\u00e9lyen infiltr\u00e1l\u00f3 endometri\u00f3zis a klinikailag legs\u00falyosabb v\u00e1ltozat: hasonl\u00f3an a rosszindulat\u00fa daganathoz, belen\u0151 a sz\u00f6vetekbe, \u00e9s kezel\u00e9s n\u00e9lk\u00fcl a betegs\u00e9g halad el\u0151re. Progressz\u00edv, kr\u00f3nikus, de j\u00f3indulat\u00fa elv\u00e1ltoz\u00e1sr\u00f3l van sz\u00f3 \u2013 ismertette dr. Szab\u00f3 Istv\u00e1n. Kit\u00e9rt arra is, hogy a k\u00f6t\u0151sz\u00f6vetes, sokszor porc kem\u00e9nys\u00e9g\u0171 barn\u00e1s, heges csom\u00f3k 5 mm-n\u00e9l m\u00e9lyebben hatolnak bele a sz\u00f6vetekbe, er\u0151s f\u00e1jdalmat okoznak, \u00e9s gyakran idegeket is \u00e9rintenek. El\u0151fordulhatnak a has\u00fcregben: a h\u00f3lyag fal\u00e1ban, a h\u00fcvely \u00e9s a b\u00e9l k\u00f6z\u00f6tti ter\u00fcleten. Ez ut\u00f3bbi a legt\u00edpusosabb, \u00e9s az itt elhelyezked\u0151 csom\u00f3, att\u00f3l f\u00fcgg\u0151en, hogy merre n\u0151 ink\u00e1bb, terjedhet a h\u00fcvely fal\u00e1ba, maradhat a k\u00e9t r\u00e9teg k\u00f6z\u00f6tt, \u00e9s \u00e1tterjedhet a b\u00e9l fal\u00e1ra, h\u00fagyvezet\u00e9kre is \u2013 emelte ki a specialista. Hangs\u00falyozta tov\u00e1bb\u00e1, hogy a sz\u00f6vettani meger\u0151s\u00edt\u00e9s a v\u00e9gs\u0151 biztos diagn\u00f3zis, aminek a minim\u00e1l invaz\u00edv m\u00f3dja a laparoszk\u00f3pos m\u0171t\u00e9t sor\u00e1n vett minta vizsg\u00e1lata. A csom\u00f3k teljes kiirt\u00e1s\u00e1val val\u00f3sul meg a m\u0171t\u00e9tes gy\u00f3gy\u00edt\u00e1s, ami lehet a h\u00f3lyagkimetsz\u00e9s, az \u00e9rintett b\u00e9lszakasz elt\u00e1vol\u00edt\u00e1sa, illetve a h\u00fagyvezet\u00e9k kimetsz\u00e9se, valamint ezut\u00e1n mindezek helyre\u00e1ll\u00edt\u00e1sa. A m\u0171t\u00e9t t\u00f6bb szakma egy\u00fcttm\u0171k\u00f6d\u00e9s\u00e9vel zajlik: urol\u00f3gus, seb\u00e9sz \u00e9s n\u0151gy\u00f3gy\u00e1sz vesz r\u00e9szt a gy\u00f3gy\u00edt\u00f3 csapatban.<\/p>\n<p>Idehaza kedvez\u0151nek mondhat\u00f3 a diagnosztikus k\u00e9sleked\u00e9s id\u0151tartama, kevesebb mint 4 \u00e9v telik el a t\u00fcnetek megjelen\u00e9se \u00e9s a k\u00f3rk\u00e9p felismer\u00e9se k\u00f6z\u00f6tt. M\u00e1s fejlett eur\u00f3pai orsz\u00e1gokban ez ak\u00e1r h\u00e9t \u00e9v is lehet, m\u00edg p\u00e9ld\u00e1ul Angli\u00e1ban \u00e9s az Egyes\u00fclt \u00c1llamokban 8-9 \u00e9v.<\/p>\n<p>Annak h\u00e1tter\u00e9ben, hogy az ut\u00f3bbi \u00e9vekben megszaporodott az endometri\u00f3zisos esetek sz\u00e1ma, t\u00e1rsadalmi ok is \u00e1llhat \u2013 mondta dr. Szab\u00f3 Istv\u00e1n, p\u00e9ldak\u00e9nt eml\u00edtve, hogy egyre k\u00e9s\u0151bb v\u00e1llalnak a n\u0151k gyermeket, pedig a terhess\u00e9g \u00e9s szoptat\u00e1s alatti \u00e9lettani v\u00e9rz\u00e9smentess\u00e9g bizonyos v\u00e9detts\u00e9get jelent. Emellett m\u00e1s \u00e9lettani ok is szerepel, hiszen pl. egyre fiatalabb korban kezdenek menstru\u00e1lni a l\u00e1nyok, ami ismert rizik\u00f3faktora a betegs\u00e9g kialakul\u00e1s\u00e1nak. Ezzel p\u00e1rhuzamosan term\u00e9szetesen a diagnosztika is fejl\u0151d\u00f6tt, \u00edgy egyre t\u00f6bb eset ismerhet\u0151 fel.<\/p>\n<p>Kele T\u00edmea<br \/>\n portr\u00e9 k\u00e9p forr\u00e1s: dr. Szab\u00f3 Istv\u00e1n<br \/>\n m\u0171t\u00e9t fot\u00f3: Kov\u00e1cs Attila &#8211; Semmelweis Egyetem<\/p>\n","protected":false},"excerpt":{"rendered":"<p>Az endometri\u00f3zis 95 sz\u00e1zal\u00e9kban a fogamz\u00f3k\u00e9pes kor\u00fa n\u0151k betegs\u00e9ge, idehaza mintegy 200 ezer 15 \u00e9s 39 \u00e9v k\u00f6z\u00f6tti n\u0151t \u00e9rint \u2013 ismertette dr. Szab\u00f3 Istv\u00e1n. A Semmelweis Egyetem II. Sz. Sz\u00fcl\u00e9szeti \u00e9s N\u0151gy\u00f3gy\u00e1szati Klinik\u00e1j\u00e1nak egyetemi docense szerint minden m\u00e1sodik-harmadik medd\u0151 n\u0151t ezzel a j\u00f3indulat\u00fa elv\u00e1ltoz\u00e1ssal is kezelnek. Mint ismertette, klinikai szempontb\u00f3l a k\u00f3rk\u00e9p egyik legs\u00falyosabb &hellip;<\/p>\n","protected":false},"author":101026,"featured_media":72327,"comment_status":"closed","ping_status":"closed","sticky":false,"template":"","format":"standard","meta":{"_acf_changed":false,"footnotes":""},"categories":[154,168],"tags":[156,4121],"class_list":["post-72028","post","type-post","status-publish","format-standard","has-post-thumbnail","hentry","category-egeszseg","category-kiemelt","tag-gyogyitas","tag-temaajanlo"],"acf":[],"_links":{"self":[{"href":"https:\/\/semmelweis.hu\/hirek\/wp-json\/wp\/v2\/posts\/72028","targetHints":{"allow":["GET"]}}],"collection":[{"href":"https:\/\/semmelweis.hu\/hirek\/wp-json\/wp\/v2\/posts"}],"about":[{"href":"https:\/\/semmelweis.hu\/hirek\/wp-json\/wp\/v2\/types\/post"}],"author":[{"embeddable":true,"href":"https:\/\/semmelweis.hu\/hirek\/wp-json\/wp\/v2\/users\/101026"}],"replies":[{"embeddable":true,"href":"https:\/\/semmelweis.hu\/hirek\/wp-json\/wp\/v2\/comments?post=72028"}],"version-history":[{"count":6,"href":"https:\/\/semmelweis.hu\/hirek\/wp-json\/wp\/v2\/posts\/72028\/revisions"}],"predecessor-version":[{"id":72378,"href":"https:\/\/semmelweis.hu\/hirek\/wp-json\/wp\/v2\/posts\/72028\/revisions\/72378"}],"wp:featuredmedia":[{"embeddable":true,"href":"https:\/\/semmelweis.hu\/hirek\/wp-json\/wp\/v2\/media\/72327"}],"wp:attachment":[{"href":"https:\/\/semmelweis.hu\/hirek\/wp-json\/wp\/v2\/media?parent=72028"}],"wp:term":[{"taxonomy":"category","embeddable":true,"href":"https:\/\/semmelweis.hu\/hirek\/wp-json\/wp\/v2\/categories?post=72028"},{"taxonomy":"post_tag","embeddable":true,"href":"https:\/\/semmelweis.hu\/hirek\/wp-json\/wp\/v2\/tags?post=72028"}],"curies":[{"name":"wp","href":"https:\/\/api.w.org\/{rel}","templated":true}]}}