{"id":71252,"date":"2018-02-14T14:42:08","date_gmt":"2018-02-14T13:42:08","guid":{"rendered":"http:\/\/semmelweis.hu\/hirek\/?p=71252"},"modified":"2024-02-02T13:03:55","modified_gmt":"2024-02-02T12:03:55","slug":"tudomanyos-diakkori-konferencia-az-egeszsegtudomanyi-karon","status":"publish","type":"post","link":"https:\/\/semmelweis.hu\/hirek\/2018\/02\/14\/tudomanyos-diakkori-konferencia-az-egeszsegtudomanyi-karon\/","title":{"rendered":"Tudom\u00e1nyos Di\u00e1kk\u00f6ri Konferencia az Eg\u00e9szs\u00e9gtudom\u00e1nyi Karon"},"content":{"rendered":"<p>Harminc el\u0151ad\u00f3t\u00f3l \u00f6sszesen huszonk\u00e9t el\u0151ad\u00e1s hangzott el az Eg\u00e9szs\u00e9gtudom\u00e1nyi Kar 40. Tudom\u00e1nyos Di\u00e1kk\u00f6ri Konferenci\u00e1j\u00e1n. A kar h\u00e9t tansz\u00e9k\u00e9r\u0151l \u00e9rkeztek el\u0151ad\u00e1sok, a legt\u00f6bben dietetikai, valamint fizioter\u00e1pi\u00e1val \u00f6sszef\u00fcgg\u0151 t\u00e9m\u00e1val k\u00e9sz\u00fcltek, de csal\u00e1dgondoz\u00e1si t\u00e9m\u00e1ban is t\u00f6bb hallgat\u00f3 v\u00e9gzett tudom\u00e1nyos kutat\u00f3munk\u00e1t.\u00a0<\/p>\n<p><a href=\"https:\/\/semmelweis.hu\/hirek\/files\/2018\/02\/RS73944_IMG_6090-scr.jpg\"><img loading=\"lazy\" decoding=\"async\" class=\"alignleft wp-image-71270 size-medium\" src=\"https:\/\/semmelweis.hu\/hirek\/files\/2018\/02\/RS73944_IMG_6090-scr-300x200.jpg\" alt=\"\" width=\"300\" height=\"200\" srcset=\"https:\/\/semmelweis.hu\/hirek\/files\/2018\/02\/RS73944_IMG_6090-scr-300x200.jpg 300w, https:\/\/semmelweis.hu\/hirek\/files\/2018\/02\/RS73944_IMG_6090-scr-768x512.jpg 768w, https:\/\/semmelweis.hu\/hirek\/files\/2018\/02\/RS73944_IMG_6090-scr-600x400.jpg 600w, https:\/\/semmelweis.hu\/hirek\/files\/2018\/02\/RS73944_IMG_6090-scr-450x300.jpg 450w, https:\/\/semmelweis.hu\/hirek\/files\/2018\/02\/RS73944_IMG_6090-scr.jpg 950w\" sizes=\"auto, (max-width: 300px) 100vw, 300px\" \/><\/a>A rendezv\u00e9nyt dr. D\u00f6rnyei Gabriella tudom\u00e1nyos d\u00e9k\u00e1nhelyettes, a b\u00edr\u00e1l\u00f3bizotts\u00e1g eln\u00f6ke nyitotta meg. Besz\u00e9d\u00e9ben tolm\u00e1csolta dr. Nagy Zolt\u00e1n Zsolt d\u00e9k\u00e1n \u00fcdv\u00f6zlet\u00e9t is, aki sok sikert k\u00edv\u00e1nt minden el\u0151ad\u00f3nak, \u00e9s k\u00f6sz\u00f6netet mondott a b\u00edr\u00e1l\u00f3bizotts\u00e1g tagjainak.<\/p>\n<p>Az ETK tudom\u00e1nyos konferenci\u00e1j\u00e1n \u00f6sszesen 23 el\u0151ad\u00e1ssal k\u00e9sz\u00fcltek a hallgat\u00f3k, de betegs\u00e9g miatt v\u00e9g\u00fcl csak 22 hangzott el. A Dietetikai \u00e9s T\u00e1pl\u00e1lkoz\u00e1studom\u00e1nyi Tansz\u00e9kr\u0151l \u00e9s a Fizioter\u00e1piai Tansz\u00e9kr\u0151l 6-6, a Csal\u00e1dgondoz\u00e1si M\u00f3dszertani Tansz\u00e9kr\u0151l 4, a T\u00e1rsadalomtudom\u00e1nyi Tansz\u00e9kr\u0151l valamint a Morfol\u00f3giai \u00e9s Fiziol\u00f3giai Tansz\u00e9kr\u0151l 3-3, m\u00edg az Eg\u00e9szs\u00e9gtudom\u00e1nyi Klinikai Tansz\u00e9kr\u0151l \u00e9s az Addiktol\u00f3giai tansz\u00e9kr\u0151l 1-1 tudom\u00e1nyos munka \u00e9rkezett.<\/p>\n<p>Az OTDK konferenci\u00e1ra a legt\u00f6bb pontot el\u00e9r\u0151 hat n\u00edv\u00f3d\u00edjas el\u0151ad\u00e1s juthat tov\u00e1bb \u2013 ismertette\u00a0Dr. D\u00f6rnyei Gabriella, hozz\u00e1t\u00e9ve, szakmai n\u00edv\u00f3d\u00edjakat \u00e9s sz\u00e1mos k\u00fcl\u00f6nd\u00edjat is kiosztanak.<\/p>\n<p>A konferenci\u00e1n sz\u00e1mos t\u00e9mak\u00f6rben hangzottak el el\u0151ad\u00e1sok, a <a href=\"https:\/\/semmelweis.hu\/hirek\/files\/2018\/03\/TDK-eredm\u00e9nyek-2018.pdf\">d\u00edjazottak list\u00e1ja\u00a0ide kattintva\u00a0<\/a>\u00e9rhet\u0151 el.<\/p>\n<p> Haszon Zs\u00f3fia<br \/>\n Fot\u00f3: Kov\u00e1cs Attila &#8211; Semmelweis Egyetem<\/p>\n\r\n        [slb_exclude]\r\n        <div class=\"row galeria-wrapper mx-0 h-auto\">\r\n            <div class=\"col-9 pl-0 pr-2\">\r\n            <span class=\"gallery-item frame\">\r\n\t\t\t\t<div class=\"galeria-left-img\"><a href=\"https:\/\/semmelweis.hu\/hirek\/files\/2018\/02\/RS73923_IMG_6146-scr.jpg\"><img src=https:\/\/semmelweis.hu\/hirek\/files\/2018\/02\/RS73923_IMG_6146-scr.jpg  \r\n                            alt=\"\" \r\n                            class=\"attachment-sote-gallery-big size-sote-gallery-big\" \r\n                            srcset=\"https:\/\/semmelweis.hu\/hirek\/files\/2018\/02\/RS73923_IMG_6146-scr-300x200.jpg 300w, https:\/\/semmelweis.hu\/hirek\/files\/2018\/02\/RS73923_IMG_6146-scr-768x512.jpg 768w, https:\/\/semmelweis.hu\/hirek\/files\/2018\/02\/RS73923_IMG_6146-scr-600x400.jpg 600w, https:\/\/semmelweis.hu\/hirek\/files\/2018\/02\/RS73923_IMG_6146-scr-450x300.jpg 450w, https:\/\/semmelweis.hu\/hirek\/files\/2018\/02\/RS73923_IMG_6146-scr.jpg 950w\" ><\/a><\/div>\r\n            <\/span>\r\n\r\n            <\/div>\r\n\r\n\t\t\t<div class=\"col-3 pl-0 pr-0\">\r\n\t\t\t\t<div class=\"galeria-right-img d-flex justify-content-between flex-column h-100 w-100 px-0 mx-0 \">\r\n                <div class=\"galeria-box\">\r\n\t\t\t\t\t<h3 class=\"galeria-title\">Gal\u00e9ria<\/h3>\r\n\t\t\t\t\t<div class=\"galeria-subtitle\">\r\n\r\n\t\t\t\t\t\t<div class=\"galeria-page-counter\"><span>10<\/span>k\u00e9p<\/div>\r\n                    <\/div> <\/div>\r\n                    <span class=\"gallery-item frame d-none d-md-flex\">\r\n\t\t\t\t\t<div class=\"galeria-small-img mt-0\"><a href=\"https:\/\/semmelweis.hu\/hirek\/files\/2018\/02\/RS73924_IMG_6145-scr.jpg\"><img src=https:\/\/semmelweis.hu\/hirek\/files\/2018\/02\/RS73924_IMG_6145-scr.jpg \r\n                                alt=\"\"  \r\n                                class=\"attachment-sote-gallery-small size-sote-gallery-small\" \r\n                                srcset=\"https:\/\/semmelweis.hu\/hirek\/files\/2018\/02\/RS73924_IMG_6145-scr-300x200.jpg 300w, https:\/\/semmelweis.hu\/hirek\/files\/2018\/02\/RS73924_IMG_6145-scr-768x512.jpg 768w, https:\/\/semmelweis.hu\/hirek\/files\/2018\/02\/RS73924_IMG_6145-scr-600x400.jpg 600w, https:\/\/semmelweis.hu\/hirek\/files\/2018\/02\/RS73924_IMG_6145-scr-450x300.jpg 450w, https:\/\/semmelweis.hu\/hirek\/files\/2018\/02\/RS73924_IMG_6145-scr.jpg 950w\" ><\/a><\/div>\r\n                    <\/span>\r\n                    <span class=\"gallery-item frame d-none d-md-flex\">\r\n\t\t\t\t\t<div class=\"galeria-small-img mt-0\"><a href=\"https:\/\/semmelweis.hu\/hirek\/files\/2018\/02\/RS73925_IMG_6142-scr-1.jpg\"><img src=https:\/\/semmelweis.hu\/hirek\/files\/2018\/02\/RS73925_IMG_6142-scr-1.jpg \r\n                                alt=\"\" \r\n                                class=\"attachment-sote-gallery-small size-sote-gallery-small\" \r\n                                srcset=\"https:\/\/semmelweis.hu\/hirek\/files\/2018\/02\/RS73925_IMG_6142-scr-1-300x200.jpg 300w, https:\/\/semmelweis.hu\/hirek\/files\/2018\/02\/RS73925_IMG_6142-scr-1-768x512.jpg 768w, https:\/\/semmelweis.hu\/hirek\/files\/2018\/02\/RS73925_IMG_6142-scr-1-600x400.jpg 600w, https:\/\/semmelweis.hu\/hirek\/files\/2018\/02\/RS73925_IMG_6142-scr-1-450x300.jpg 450w, https:\/\/semmelweis.hu\/hirek\/files\/2018\/02\/RS73925_IMG_6142-scr-1.jpg 950w\" ><\/a><\/div>\r\n                    <\/span>\r\n\r\n                <\/div>\r\n\r\n            <\/div>\r\n\r\n            <span class=\"gallery-item\"><div class=\"hidden\"><a href=\"https:\/\/semmelweis.hu\/hirek\/files\/2018\/02\/RS73928_IMG_6136-scr-m\u00e1solata.jpg\">\r\n        <img src=https:\/\/semmelweis.hu\/hirek\/files\/2018\/02\/RS73928_IMG_6136-scr-m\u00e1solata.jpg alt=\"\" class=\"attachment-sote-gallery-big size-sote-gallery-big\" srcset=\"https:\/\/semmelweis.hu\/hirek\/files\/2018\/02\/RS73928_IMG_6136-scr-m\u00e1solata-300x200.jpg 300w, https:\/\/semmelweis.hu\/hirek\/files\/2018\/02\/RS73928_IMG_6136-scr-m\u00e1solata-768x512.jpg 768w, https:\/\/semmelweis.hu\/hirek\/files\/2018\/02\/RS73928_IMG_6136-scr-m\u00e1solata-600x400.jpg 600w, https:\/\/semmelweis.hu\/hirek\/files\/2018\/02\/RS73928_IMG_6136-scr-m\u00e1solata-450x300.jpg 450w, https:\/\/semmelweis.hu\/hirek\/files\/2018\/02\/RS73928_IMG_6136-scr-m\u00e1solata.jpg 950w\" >\r\n        <\/a><\/div><\/span><span class=\"gallery-item\"><div class=\"hidden\"><a href=\"https:\/\/semmelweis.hu\/hirek\/files\/2018\/02\/RS73930_IMG_6126-scr-m\u00e1solata.jpg\">\r\n        <img src=https:\/\/semmelweis.hu\/hirek\/files\/2018\/02\/RS73930_IMG_6126-scr-m\u00e1solata.jpg alt=\"\" class=\"attachment-sote-gallery-big size-sote-gallery-big\" srcset=\"https:\/\/semmelweis.hu\/hirek\/files\/2018\/02\/RS73930_IMG_6126-scr-m\u00e1solata-300x200.jpg 300w, https:\/\/semmelweis.hu\/hirek\/files\/2018\/02\/RS73930_IMG_6126-scr-m\u00e1solata-768x512.jpg 768w, https:\/\/semmelweis.hu\/hirek\/files\/2018\/02\/RS73930_IMG_6126-scr-m\u00e1solata-600x400.jpg 600w, https:\/\/semmelweis.hu\/hirek\/files\/2018\/02\/RS73930_IMG_6126-scr-m\u00e1solata-450x300.jpg 450w, https:\/\/semmelweis.hu\/hirek\/files\/2018\/02\/RS73930_IMG_6126-scr-m\u00e1solata.jpg 950w\" >\r\n        <\/a><\/div><\/span><span class=\"gallery-item\"><div class=\"hidden\"><a href=\"https:\/\/semmelweis.hu\/hirek\/files\/2018\/02\/RS73932_IMG_6122-scr.jpg\">\r\n        <img src=https:\/\/semmelweis.hu\/hirek\/files\/2018\/02\/RS73932_IMG_6122-scr.jpg alt=\"\" class=\"attachment-sote-gallery-big size-sote-gallery-big\" srcset=\"https:\/\/semmelweis.hu\/hirek\/files\/2018\/02\/RS73932_IMG_6122-scr-300x200.jpg 300w, https:\/\/semmelweis.hu\/hirek\/files\/2018\/02\/RS73932_IMG_6122-scr-768x512.jpg 768w, https:\/\/semmelweis.hu\/hirek\/files\/2018\/02\/RS73932_IMG_6122-scr-600x400.jpg 600w, https:\/\/semmelweis.hu\/hirek\/files\/2018\/02\/RS73932_IMG_6122-scr-450x300.jpg 450w, https:\/\/semmelweis.hu\/hirek\/files\/2018\/02\/RS73932_IMG_6122-scr.jpg 950w\" >\r\n        <\/a><\/div><\/span><span class=\"gallery-item\"><div class=\"hidden\"><a href=\"https:\/\/semmelweis.hu\/hirek\/files\/2018\/02\/RS73935_IMG_6119-scr.jpg\">\r\n        <img src=https:\/\/semmelweis.hu\/hirek\/files\/2018\/02\/RS73935_IMG_6119-scr.jpg alt=\"\" class=\"attachment-sote-gallery-big size-sote-gallery-big\" srcset=\"https:\/\/semmelweis.hu\/hirek\/files\/2018\/02\/RS73935_IMG_6119-scr-300x200.jpg 300w, https:\/\/semmelweis.hu\/hirek\/files\/2018\/02\/RS73935_IMG_6119-scr-768x512.jpg 768w, https:\/\/semmelweis.hu\/hirek\/files\/2018\/02\/RS73935_IMG_6119-scr-600x400.jpg 600w, https:\/\/semmelweis.hu\/hirek\/files\/2018\/02\/RS73935_IMG_6119-scr-450x300.jpg 450w, https:\/\/semmelweis.hu\/hirek\/files\/2018\/02\/RS73935_IMG_6119-scr.jpg 950w\" >\r\n        <\/a><\/div><\/span><span class=\"gallery-item\"><div class=\"hidden\"><a href=\"https:\/\/semmelweis.hu\/hirek\/files\/2018\/02\/RS73936_IMG_6112-scr.jpg\">\r\n        <img src=https:\/\/semmelweis.hu\/hirek\/files\/2018\/02\/RS73936_IMG_6112-scr.jpg alt=\"\" class=\"attachment-sote-gallery-big size-sote-gallery-big\" srcset=\"https:\/\/semmelweis.hu\/hirek\/files\/2018\/02\/RS73936_IMG_6112-scr-300x200.jpg 300w, https:\/\/semmelweis.hu\/hirek\/files\/2018\/02\/RS73936_IMG_6112-scr-768x512.jpg 768w, https:\/\/semmelweis.hu\/hirek\/files\/2018\/02\/RS73936_IMG_6112-scr-600x400.jpg 600w, https:\/\/semmelweis.hu\/hirek\/files\/2018\/02\/RS73936_IMG_6112-scr-450x300.jpg 450w, https:\/\/semmelweis.hu\/hirek\/files\/2018\/02\/RS73936_IMG_6112-scr.jpg 950w\" >\r\n        <\/a><\/div><\/span><span class=\"gallery-item\"><div class=\"hidden\"><a href=\"https:\/\/semmelweis.hu\/hirek\/files\/2018\/02\/RS73938_IMG_6108-scr.jpg\">\r\n        <img src=https:\/\/semmelweis.hu\/hirek\/files\/2018\/02\/RS73938_IMG_6108-scr.jpg alt=\"\" class=\"attachment-sote-gallery-big size-sote-gallery-big\" srcset=\"https:\/\/semmelweis.hu\/hirek\/files\/2018\/02\/RS73938_IMG_6108-scr-300x200.jpg 300w, https:\/\/semmelweis.hu\/hirek\/files\/2018\/02\/RS73938_IMG_6108-scr-768x512.jpg 768w, https:\/\/semmelweis.hu\/hirek\/files\/2018\/02\/RS73938_IMG_6108-scr-600x400.jpg 600w, https:\/\/semmelweis.hu\/hirek\/files\/2018\/02\/RS73938_IMG_6108-scr-450x300.jpg 450w, https:\/\/semmelweis.hu\/hirek\/files\/2018\/02\/RS73938_IMG_6108-scr.jpg 950w\" >\r\n        <\/a><\/div><\/span><span class=\"gallery-item\"><div class=\"hidden\"><a href=\"https:\/\/semmelweis.hu\/hirek\/files\/2018\/02\/RS73925_IMG_6142-scr.jpg\">\r\n        <img src=https:\/\/semmelweis.hu\/hirek\/files\/2018\/02\/RS73925_IMG_6142-scr.jpg alt=\"\" class=\"attachment-sote-gallery-big size-sote-gallery-big\" srcset=\"https:\/\/semmelweis.hu\/hirek\/files\/2018\/02\/RS73925_IMG_6142-scr-300x200.jpg 300w, https:\/\/semmelweis.hu\/hirek\/files\/2018\/02\/RS73925_IMG_6142-scr-768x512.jpg 768w, https:\/\/semmelweis.hu\/hirek\/files\/2018\/02\/RS73925_IMG_6142-scr-600x400.jpg 600w, https:\/\/semmelweis.hu\/hirek\/files\/2018\/02\/RS73925_IMG_6142-scr-450x300.jpg 450w, https:\/\/semmelweis.hu\/hirek\/files\/2018\/02\/RS73925_IMG_6142-scr.jpg 950w\" >\r\n        <\/a><\/div><\/span>\r\n            <\/div>\r\n\r\n            [\/slb_exclude]\r\n\t\n","protected":false},"excerpt":{"rendered":"<p>Harminc el\u0151ad\u00f3t\u00f3l \u00f6sszesen huszonk\u00e9t el\u0151ad\u00e1s hangzott el az Eg\u00e9szs\u00e9gtudom\u00e1nyi Kar 40. Tudom\u00e1nyos Di\u00e1kk\u00f6ri Konferenci\u00e1j\u00e1n. A kar h\u00e9t tansz\u00e9k\u00e9r\u0151l \u00e9rkeztek el\u0151ad\u00e1sok, a legt\u00f6bben dietetikai, valamint fizioter\u00e1pi\u00e1val \u00f6sszef\u00fcgg\u0151 t\u00e9m\u00e1val k\u00e9sz\u00fcltek, de csal\u00e1dgondoz\u00e1si t\u00e9m\u00e1ban is t\u00f6bb hallgat\u00f3 v\u00e9gzett tudom\u00e1nyos kutat\u00f3munk\u00e1t.\u00a0 <a href=\"https:\/\/semmelweis.hu\/hirek\/files\/2018\/02\/RS73944_IMG_6090-scr.jpg\"><\/a> A rendezv\u00e9nyt dr. D\u00f6rnyei Gabriella tudom\u00e1nyos d\u00e9k\u00e1nhelyettes, a b\u00edr\u00e1l\u00f3bizotts\u00e1g eln\u00f6ke nyitotta meg. Besz\u00e9d\u00e9ben tolm\u00e1csolta dr. Nagy Zolt\u00e1n Zsolt &hellip;<\/p>\n","protected":false},"author":101405,"featured_media":71259,"comment_status":"closed","ping_status":"closed","sticky":false,"template":"","format":"standard","meta":{"_acf_changed":false,"footnotes":""},"categories":[3533,168],"tags":[3444,273,4104],"class_list":["post-71252","post","type-post","status-publish","format-standard","has-post-thumbnail","hentry","category-hallgatok-oktatas","category-kiemelt","tag-oktatas","tag-tdk","tag-tdk-sorozat"],"acf":[],"_links":{"self":[{"href":"https:\/\/semmelweis.hu\/hirek\/wp-json\/wp\/v2\/posts\/71252","targetHints":{"allow":["GET"]}}],"collection":[{"href":"https:\/\/semmelweis.hu\/hirek\/wp-json\/wp\/v2\/posts"}],"about":[{"href":"https:\/\/semmelweis.hu\/hirek\/wp-json\/wp\/v2\/types\/post"}],"author":[{"embeddable":true,"href":"https:\/\/semmelweis.hu\/hirek\/wp-json\/wp\/v2\/users\/101405"}],"replies":[{"embeddable":true,"href":"https:\/\/semmelweis.hu\/hirek\/wp-json\/wp\/v2\/comments?post=71252"}],"version-history":[{"count":10,"href":"https:\/\/semmelweis.hu\/hirek\/wp-json\/wp\/v2\/posts\/71252\/revisions"}],"predecessor-version":[{"id":136568,"href":"https:\/\/semmelweis.hu\/hirek\/wp-json\/wp\/v2\/posts\/71252\/revisions\/136568"}],"wp:featuredmedia":[{"embeddable":true,"href":"https:\/\/semmelweis.hu\/hirek\/wp-json\/wp\/v2\/media\/71259"}],"wp:attachment":[{"href":"https:\/\/semmelweis.hu\/hirek\/wp-json\/wp\/v2\/media?parent=71252"}],"wp:term":[{"taxonomy":"category","embeddable":true,"href":"https:\/\/semmelweis.hu\/hirek\/wp-json\/wp\/v2\/categories?post=71252"},{"taxonomy":"post_tag","embeddable":true,"href":"https:\/\/semmelweis.hu\/hirek\/wp-json\/wp\/v2\/tags?post=71252"}],"curies":[{"name":"wp","href":"https:\/\/api.w.org\/{rel}","templated":true}]}}