{"id":70345,"date":"2018-01-16T08:57:13","date_gmt":"2018-01-16T07:57:13","guid":{"rendered":"http:\/\/semmelweis.hu\/hirek\/?p=70345"},"modified":"2018-03-08T14:02:16","modified_gmt":"2018-03-08T13:02:16","slug":"egyre-tobben-erdeklodnek-a-foglalkozas-orvostan-irant-dr-cseh-karoly-a-nepegeszsegtani-intezet-lekoszono-igazgatoja","status":"publish","type":"post","link":"https:\/\/semmelweis.hu\/hirek\/2018\/01\/16\/egyre-tobben-erdeklodnek-a-foglalkozas-orvostan-irant-dr-cseh-karoly-a-nepegeszsegtani-intezet-lekoszono-igazgatoja\/","title":{"rendered":"Egyre t\u00f6bben \u00e9rdekl\u0151dnek a foglalkoz\u00e1s-orvostan ir\u00e1nt \u2013 dr. Cseh K\u00e1roly, a N\u00e9peg\u00e9szs\u00e9gtani Int\u00e9zet lek\u00f6sz\u00f6n\u0151 igazgat\u00f3ja"},"content":{"rendered":"<p>2012-t\u0151l 2017-ig vezette a N\u00e9peg\u00e9szs\u00e9gtani Int\u00e9zetet dr. Cseh K\u00e1roly egyetemi tan\u00e1r. Az int\u00e9zet 2012-ben kezdett el jelenlegi form\u00e1j\u00e1ban m\u0171k\u00f6dni, amikor a K\u00f6zeg\u00e9szs\u00e9gtani Int\u00e9zet a Munka- \u00e9s K\u00f6rnyezet-eg\u00e9szs\u00e9gtani Tansz\u00e9kkel egyes\u00fclt. Az igazgat\u00f3i posztr\u00f3l novemberben lek\u00f6sz\u00f6nt professzor a 2017-es Semmelweis Napon arany pecs\u00e9tgy\u0171r\u0171t vehetett \u00e1t munk\u00e1ss\u00e1ga elismer\u00e9sek\u00e9nt. Saj\u00e1t eredm\u00e9nyei k\u00f6z\u00fcl a n\u00e9peg\u00e9szs\u00e9g\u00fcgyi kutat\u00e1sokat, valamint a foglalkoz\u00e1s-orvostan gradu\u00e1lis tantervbe val\u00f3 be\u00e9p\u00edt\u00e9s\u00e9t emelte ki. J\u00f6v\u0151beli tervei k\u00f6z\u00f6tt a foglalkoz\u00e1s-orvostani szakorvosk\u00e9pz\u00e9sben \u00e9s a szakmai koll\u00e9giumban val\u00f3 tov\u00e1bbi r\u00e9szv\u00e9telt eml\u00edtette.<\/p>\n<p><a href=\"https:\/\/semmelweis.hu\/hirek\/files\/2018\/01\/RS28875_KA-20141209-IMG_0707-cseh-karoly-interju-scr.jpg\"><img loading=\"lazy\" decoding=\"async\" class=\"size-medium wp-image-70346 alignright\" src=\"https:\/\/semmelweis.hu\/hirek\/files\/2018\/01\/RS28875_KA-20141209-IMG_0707-cseh-karoly-interju-scr-200x300.jpg\" alt=\"\" width=\"200\" height=\"300\" srcset=\"https:\/\/semmelweis.hu\/hirek\/files\/2018\/01\/RS28875_KA-20141209-IMG_0707-cseh-karoly-interju-scr-200x300.jpg 200w, https:\/\/semmelweis.hu\/hirek\/files\/2018\/01\/RS28875_KA-20141209-IMG_0707-cseh-karoly-interju-scr-267x400.jpg 267w, https:\/\/semmelweis.hu\/hirek\/files\/2018\/01\/RS28875_KA-20141209-IMG_0707-cseh-karoly-interju-scr.jpg 500w\" sizes=\"auto, (max-width: 200px) 100vw, 200px\" \/><\/a>Dr. Cseh K\u00e1roly 1976-ban v\u00e9gzett a Semmelweis Egyetem (SE) \u00c1ltal\u00e1nos Orvostudom\u00e1nyi Kar\u00e1n, majd 1997-ig a SE III. Sz. Belgy\u00f3gy\u00e1szati Klinik\u00e1j\u00e1n dolgozott. 1997-2011 k\u00f6z\u00f6tt a F\u0151v\u00e1rosi K\u00e1rolyi S\u00e1ndor K\u00f3rh\u00e1z I. Beloszt\u00e1ly\u00e1nak oszt\u00e1lyvezet\u0151 f\u0151orvosa \u00e9s a Diabetol\u00f3giai Szakambulancia vezet\u0151je volt. 2007-2011 k\u00f6z\u00f6tt a SE Munka \u00e9s K\u00f6rnyezet- eg\u00e9szs\u00e9g\u00fcgyi Tansz\u00e9k vezet\u0151j\u00e9v\u00e9 \u00e9s egyetemi tan\u00e1rr\u00e1 nevezt\u00e9k ki. 2012-2017 k\u00f6z\u00f6tt t\u00f6lt\u00f6tte be a N\u00e9peg\u00e9szs\u00e9gtani Int\u00e9zet igazgat\u00f3i poz\u00edci\u00f3j\u00e1t. Mint felid\u00e9zte, a K\u00f6zeg\u00e9szs\u00e9gtani Int\u00e9zet \u00e9s a Munka- \u00e9s K\u00f6rnyezet-eg\u00e9szs\u00e9gtani Tansz\u00e9k \u00f6sszeolvad\u00e1skor az int\u00e9zet tradicion\u00e1lisan t\u00e1rsadalomorvostant, orvost\u00f6rt\u00e9nelmet, j\u00e1rv\u00e1nytant, epidemiol\u00f3gi\u00e1t oktatott, \u00e9s az \u00fan. prevenci\u00f3s diszcipl\u00edn\u00e1k (megel\u0151z\u0151 orvostan) k\u00f6r\u00e9be tartozott a foglalkoz\u00e1s-eg\u00e9szs\u00e9gtan is.<\/p>\n<p>Dr. Cseh K\u00e1roly az elm\u00falt \u00e9vekben bek\u00f6vetkezett v\u00e1ltoz\u00e1sok k\u00f6z\u00f6tt eml\u00edtette m\u00e9g, hogy a k\u00f6zeg\u00e9szs\u00e9gtan szakter\u00fclet m\u00f6g\u00f6tt kor\u00e1bban hatezer orvost mag\u00e1ban foglal\u00f3 h\u00e1l\u00f3zat \u00e1llt, ami a k\u00e9s\u0151bbiekben a fel\u00e9re cs\u00f6kkent. Az elm\u00falt \u00e9vtizedek sor\u00e1n a foglalkoz\u00e1s-eg\u00e9szs\u00e9g\u00fcgy ir\u00e1nti \u00e9rdekl\u0151d\u00e9s megn\u0151tt, jelenleg mintegy h\u00e1romezer foglalkoz\u00e1s-eg\u00e9szs\u00e9g\u00fcgyi szakorvos van az orsz\u00e1gban. Ma az int\u00e9zet szakorvosk\u00e9pz\u0151 tev\u00e9kenys\u00e9g\u00e9nek nagyobb r\u00e9sz\u00e9t a foglalkoz\u00e1s-orvosok oktat\u00e1sa teszi ki. A Semmelweis Egyetemen nagyj\u00e1b\u00f3l 40-50 f\u0151 tanul ezen a ter\u00fcleten \u00e9vente. A vizsg\u00e1ztat\u00e1s a t\u00f6bbi hazai orvosegyetemmel k\u00f6z\u00f6sen t\u00f6rt\u00e9nik, \u00edgy orsz\u00e1gos szinten \u00e9vente mintegy 80-an v\u00e9geznek, n\u00e9peg\u00e9szs\u00e9gtanb\u00f3l pedig \u00e1tlagosan 10 f\u0151.<\/p>\n<p><a href=\"https:\/\/semmelweis.hu\/hirek\/files\/2018\/01\/RS28871_KA-20141209-IMG_0741-cseh-karoly-interju-scr.jpg\"><img loading=\"lazy\" decoding=\"async\" class=\"alignleft size-medium wp-image-70347\" src=\"https:\/\/semmelweis.hu\/hirek\/files\/2018\/01\/RS28871_KA-20141209-IMG_0741-cseh-karoly-interju-scr-300x200.jpg\" alt=\"\" width=\"300\" height=\"200\" srcset=\"https:\/\/semmelweis.hu\/hirek\/files\/2018\/01\/RS28871_KA-20141209-IMG_0741-cseh-karoly-interju-scr-300x200.jpg 300w, https:\/\/semmelweis.hu\/hirek\/files\/2018\/01\/RS28871_KA-20141209-IMG_0741-cseh-karoly-interju-scr-768x512.jpg 768w, https:\/\/semmelweis.hu\/hirek\/files\/2018\/01\/RS28871_KA-20141209-IMG_0741-cseh-karoly-interju-scr-600x400.jpg 600w, https:\/\/semmelweis.hu\/hirek\/files\/2018\/01\/RS28871_KA-20141209-IMG_0741-cseh-karoly-interju-scr-450x300.jpg 450w, https:\/\/semmelweis.hu\/hirek\/files\/2018\/01\/RS28871_KA-20141209-IMG_0741-cseh-karoly-interju-scr.jpg 950w\" sizes=\"auto, (max-width: 300px) 100vw, 300px\" \/><\/a>Mint elmondta, olyan int\u00e9zetet vehetett \u00e1t el\u0151dj\u00e9t\u0151l, dr. Tompa Ann\u00e1t\u00f3l, ahol kor\u00e1bban sz\u00e1mos nagyh\u00edr\u0171 professzor dolgozott, k\u00f6zt\u00fck p\u00e9ld\u00e1ul Fodor J\u00f3zsef, az int\u00e9zet els\u0151 igazgat\u00f3ja, a k\u00f6zeg\u00e9szs\u00e9g\u00fcgy els\u0151 magyar szaktekint\u00e9lye, aki Markusovszky Lajossal k\u00f6z\u00f6sen alap\u00edtotta az Orsz\u00e1gos K\u00f6zeg\u00e9szs\u00e9gi Egyes\u00fcletet. Szerinte az int\u00e9zet valamennyi eddigi vezet\u0151je hozz\u00e1tett valamit az oktat\u00e1si \u00e9s kutat\u00e1si tev\u00e9kenys\u00e9ghez. Saj\u00e1t vezet\u0151i \u00e9veib\u0151l a foglalkoz\u00e1s-orvostan be\u00e9p\u00edt\u00e9s\u00e9t emelte ki. Az elm\u00falt \u00e9vekben v\u00e9gzett fontosabb kutat\u00e1sok k\u00f6z\u00f6tt eml\u00edtette a h\u00e1tr\u00e1nyos helyzet\u0171ekre vonatkoz\u00f3 n\u00e9peg\u00e9szs\u00e9g\u00fcgyi vizsg\u00e1latokat, \u00e9s ker\u00fcleti eg\u00e9szs\u00e9gtervek kidolgoz\u00e1s\u00e1ban val\u00f3 k\u00f6zrem\u0171k\u00f6d\u00e9st. Az orvostanhallgat\u00f3k eg\u00e9szs\u00e9g\u00fcgyi magatart\u00e1s\u00e1nak vizsg\u00e1lata sor\u00e1n magyar, illetve Magyarorsz\u00e1gon \u00e9s N\u00e9metorsz\u00e1gban tanul\u00f3 n\u00e9met hallgat\u00f3k eg\u00e9szs\u00e9gmagatart\u00e1s\u00e1t kutatt\u00e1k.<\/p>\n<p>Az int\u00e9zeti aktivit\u00e1sok k\u00f6zt eml\u00edtette m\u00e9g, hogy l\u00e9trehoztak egy online orvost\u00f6rt\u00e9neti lapot Kaleidoscope M\u0171vel\u0151d\u00e9s-, Tudom\u00e1ny- \u00e9s Orvost\u00f6rt\u00e9neti Foly\u00f3irat n\u00e9ven, amely j\u00f3 publik\u00e1l\u00e1si lehet\u0151s\u00e9get jelent az orvost\u00f6rt\u00e9neti kutat\u00e1sok sz\u00e1m\u00e1ra. Az int\u00e9zet munkat\u00e1rsai emellett r\u00e9szt vettek a N\u00e9peg\u00e9szs\u00e9g\u00fcgyi Orvostan c\u00edm\u0171 tank\u00f6nyv szerkeszt\u00e9s\u00e9ben, a foglalkoz\u00e1s-orvostan k\u00fcl\u00f6nf\u00e9le szakm\u00e1kat \u00e9rint\u0151 eg\u00e9szs\u00e9g\u00fcgyi kock\u00e1zatainak \u00f6sszefoglal\u00e1s\u00e1ban. Hozz\u00e1tette, b\u00fcszke r\u00e1, hogy az int\u00e9zet TDK-s hallgat\u00f3i t\u00f6bb alkalommal \u00e9rtek el konferenci\u00e1kon els\u0151 d\u00edjat. Dr. Cseh K\u00e1roly \u00f6t v\u00e9gzett PhD-hallgat\u00f3 t\u00e9mavezet\u0151je volt.<\/p>\n<p>A n\u00e9peg\u00e9szs\u00e9gtan jelent\u0151sebb ir\u00e1nyai k\u00f6z\u00fcl kiemelte, hogy a vil\u00e1gon mindenhol, \u00edgy Magyarorsz\u00e1gon is fontos t\u00f6rekv\u00e9s a n\u00e9pess\u00e9g eg\u00e9szs\u00e9g\u00fcgyi \u00e1llapot\u00e1nak jav\u00edt\u00e1sa, ennek \u00e9rdek\u00e9ben a n\u00e9pbetegs\u00e9gek (pl. kardiovaszkul\u00e1ris, daganatos, l\u00e9g\u00fati, ment\u00e1lis betegs\u00e9gek) okainak felt\u00e1r\u00e1sa \u00e9s a hal\u00e1loz\u00e1s cs\u00f6kkent\u00e9se. Ehhez sz\u00fcks\u00e9ges az eg\u00e9szs\u00e9gk\u00e1ros\u00edt\u00f3 szok\u00e1sok (pl. doh\u00e1nyz\u00e1s, alkoholfogyaszt\u00e1s) visszaszor\u00edt\u00e1sa, a fizikai aktivit\u00e1s n\u00f6vel\u00e9se, a s\u00f3fogyaszt\u00e1s cs\u00f6kkent\u00e9se, a cukros \u00fcd\u00edt\u0151k korl\u00e1toz\u00e1sa, valamint a stressz kezel\u00e9s jav\u00edt\u00e1sa.<\/p>\n<p>Keresztes Eszter<br \/>\n Fot\u00f3: Kov\u00e1cs Attila &#8211; Semmelweis Egyetem<\/p>\n","protected":false},"excerpt":{"rendered":"<p>2012-t\u0151l 2017-ig vezette a N\u00e9peg\u00e9szs\u00e9gtani Int\u00e9zetet dr. Cseh K\u00e1roly egyetemi tan\u00e1r. Az int\u00e9zet 2012-ben kezdett el jelenlegi form\u00e1j\u00e1ban m\u0171k\u00f6dni, amikor a K\u00f6zeg\u00e9szs\u00e9gtani Int\u00e9zet a Munka- \u00e9s K\u00f6rnyezet-eg\u00e9szs\u00e9gtani Tansz\u00e9kkel egyes\u00fclt. Az igazgat\u00f3i posztr\u00f3l novemberben lek\u00f6sz\u00f6nt professzor a 2017-es Semmelweis Napon arany pecs\u00e9tgy\u0171r\u0171t vehetett \u00e1t munk\u00e1ss\u00e1ga elismer\u00e9sek\u00e9nt. Saj\u00e1t eredm\u00e9nyei k\u00f6z\u00fcl a n\u00e9peg\u00e9szs\u00e9g\u00fcgyi kutat\u00e1sokat, valamint a foglalkoz\u00e1s-orvostan gradu\u00e1lis &hellip;<\/p>\n","protected":false},"author":101132,"featured_media":70347,"comment_status":"closed","ping_status":"closed","sticky":false,"template":"","format":"standard","meta":{"_acf_changed":false,"footnotes":""},"categories":[157,168],"tags":[345,3996],"class_list":["post-70345","post","type-post","status-publish","format-standard","has-post-thumbnail","hentry","category-semmelweis-vilag","category-kiemelt","tag-esemenyek-es-beszamolok","tag-interju"],"acf":[],"_links":{"self":[{"href":"https:\/\/semmelweis.hu\/hirek\/wp-json\/wp\/v2\/posts\/70345","targetHints":{"allow":["GET"]}}],"collection":[{"href":"https:\/\/semmelweis.hu\/hirek\/wp-json\/wp\/v2\/posts"}],"about":[{"href":"https:\/\/semmelweis.hu\/hirek\/wp-json\/wp\/v2\/types\/post"}],"author":[{"embeddable":true,"href":"https:\/\/semmelweis.hu\/hirek\/wp-json\/wp\/v2\/users\/101132"}],"replies":[{"embeddable":true,"href":"https:\/\/semmelweis.hu\/hirek\/wp-json\/wp\/v2\/comments?post=70345"}],"version-history":[{"count":4,"href":"https:\/\/semmelweis.hu\/hirek\/wp-json\/wp\/v2\/posts\/70345\/revisions"}],"predecessor-version":[{"id":71906,"href":"https:\/\/semmelweis.hu\/hirek\/wp-json\/wp\/v2\/posts\/70345\/revisions\/71906"}],"wp:featuredmedia":[{"embeddable":true,"href":"https:\/\/semmelweis.hu\/hirek\/wp-json\/wp\/v2\/media\/70347"}],"wp:attachment":[{"href":"https:\/\/semmelweis.hu\/hirek\/wp-json\/wp\/v2\/media?parent=70345"}],"wp:term":[{"taxonomy":"category","embeddable":true,"href":"https:\/\/semmelweis.hu\/hirek\/wp-json\/wp\/v2\/categories?post=70345"},{"taxonomy":"post_tag","embeddable":true,"href":"https:\/\/semmelweis.hu\/hirek\/wp-json\/wp\/v2\/tags?post=70345"}],"curies":[{"name":"wp","href":"https:\/\/api.w.org\/{rel}","templated":true}]}}