{"id":69818,"date":"2017-12-22T08:00:34","date_gmt":"2017-12-22T07:00:34","guid":{"rendered":"http:\/\/semmelweis.hu\/hirek\/?p=69818"},"modified":"2024-02-02T11:56:32","modified_gmt":"2024-02-02T10:56:32","slug":"rekordszamu-erdeklodo-a-semmelweis-egyetem-idei-tehetsegnapjan","status":"publish","type":"post","link":"https:\/\/semmelweis.hu\/hirek\/2017\/12\/22\/rekordszamu-erdeklodo-a-semmelweis-egyetem-idei-tehetsegnapjan\/","title":{"rendered":"Rekordsz\u00e1m\u00fa \u00e9rdekl\u0151d\u0151 a Semmelweis Egyetem idei tehets\u00e9gnapj\u00e1n"},"content":{"rendered":"<p>Minden eddigin\u00e9l t\u00f6bb, mintegy 360 di\u00e1k vett r\u00e9szt az idei tehets\u00e9gnapon a Kerpel-Fronius \u00d6d\u00f6n Tehets\u00e9ggondoz\u00f3 Program keret\u00e9ben, imm\u00e1r 12. alkalommal. A partner k\u00f6z\u00e9piskol\u00e1k di\u00e1kjai sz\u00e1m\u00e1ra \u00e9vente megrendezett ny\u00edlt nap lehet\u0151s\u00e9get ny\u00fajt a tanul\u00f3knak, hogy megismerkedjenek az egyetem klinik\u00e1in, int\u00e9zeteiben foly\u00f3 munk\u00e1val.<\/p>\n<p><a href=\"https:\/\/semmelweis.hu\/hirek\/files\/2017\/12\/RS71499_ADZ_20171219_0039-scr.jpg\"><img loading=\"lazy\" decoding=\"async\" class=\"alignright size-medium wp-image-69821\" src=\"https:\/\/semmelweis.hu\/hirek\/files\/2017\/12\/RS71499_ADZ_20171219_0039-scr-300x200.jpg\" alt=\"\" width=\"300\" height=\"200\" srcset=\"https:\/\/semmelweis.hu\/hirek\/files\/2017\/12\/RS71499_ADZ_20171219_0039-scr-300x200.jpg 300w, https:\/\/semmelweis.hu\/hirek\/files\/2017\/12\/RS71499_ADZ_20171219_0039-scr-768x512.jpg 768w, https:\/\/semmelweis.hu\/hirek\/files\/2017\/12\/RS71499_ADZ_20171219_0039-scr-600x400.jpg 600w, https:\/\/semmelweis.hu\/hirek\/files\/2017\/12\/RS71499_ADZ_20171219_0039-scr-450x300.jpg 450w, https:\/\/semmelweis.hu\/hirek\/files\/2017\/12\/RS71499_ADZ_20171219_0039-scr.jpg 950w\" sizes=\"auto, (max-width: 300px) 100vw, 300px\" \/><\/a>Dr. Fekete Gy\u00f6rgy, a Kerpel-Fronius \u00d6d\u00f6n Tehets\u00e9ggondoz\u00f3 Program eln\u00f6ke, a II. Sz. Gyermekgy\u00f3gy\u00e1szati Klinika professor emeritusa a rendezv\u00e9nyen elmondta, a tehets\u00e9ggondoz\u00f3 program egyik vezet\u0151 lehet\u0151s\u00e9ge, hogy mentorok seg\u00edtik a programba beker\u00fclt, legkiv\u00e1l\u00f3bb egyetemi hallgat\u00f3kat. A ny\u00edlt nappal szeretn\u00e9nek kedvet csin\u00e1lni az orvosi, kutat\u00f3i hivat\u00e1shoz \u2013 fogalmazott.<\/p>\n<p>Szluka Be\u00e1ta, a tehets\u00e9gprogram koordin\u00e1tora kiemelte, minden eddigin\u00e9l t\u00f6bb di\u00e1k vett r\u00e9szt az idei tehets\u00e9gnapon, \u00f6sszesen 360-an voltak k\u00edv\u00e1ncsiak a rendezv\u00e9nyre, akik a d\u00e9lel\u0151tt folyam\u00e1n k\u00fcl\u00f6nb\u00f6z\u0151 klinik\u00e1kra \u00e9s int\u00e9zetekbe l\u00e1togathattak el a Kerpel-Fronius \u00d6d\u00f6n Tehets\u00e9ggondoz\u00f3 Programban r\u00e9szt vev\u0151 hallgat\u00f3k vezet\u00e9s\u00e9vel. Szluka Be\u00e1ta hozz\u00e1tette, a visszajelz\u00e9sek minden \u00e9vben pozit\u00edvak, sok di\u00e1k d\u00f6nt a Semmelweis Egyetem mellett a ny\u00edlt nap programjainak hat\u00e1s\u00e1ra. Az esem\u00e9ny r\u00e9szek\u00e9nt hagyom\u00e1nyosan egy kiemelked\u0151 oktat\u00f3t k\u00e9rnek fel a k\u00f6z\u00e9piskol\u00e1sok \u00e9rdekl\u0151d\u00e9s\u00e9t felkelt\u0151, egy\u00fattal az egyetem szellemis\u00e9g\u00e9t is k\u00e9pvisel\u0151 el\u0151ad\u00e1sra. Id\u00e9n dr. Zsembery \u00c1kos, az Or\u00e1lbiol\u00f3giai Tansz\u00e9k egyetemi docense tartott el\u0151ad\u00e1st \u201eAz emberi h\u00e1msejtek \u00e9s a bakt\u00e9riumok k\u00f6z\u00f6tti kommunik\u00e1ci\u00f3\u201d c\u00edmmel. Ebben \u00f6sszek\u00f6t\u00f6tte az egyetem oktat\u00e1s melletti k\u00e9t fontos alaptev\u00e9kenys\u00e9g\u00e9t: a kutat\u00e1st \u00e9s a gy\u00f3gy\u00edt\u00e1st. El\u0151ad\u00e1s\u00e1ban a ciszt\u00e1s fibr\u00f3zison kereszt\u00fcl mutatta be, milyen vesz\u00e9lyes is lehet, ha a bakt\u00e9riumok k\u00f6z\u00f6tti egyens\u00faly felborul. A ciszt\u00e1s fibr\u00f3zis egy \u00f6r\u00f6kletes betegs\u00e9g, a 7. kromosz\u00f3ma adott g\u00e9nj\u00e9nek meghib\u00e1sod\u00e1sa miatt j\u00f6n l\u00e9tre. A g\u00e9nk\u00e1rosod\u00e1s miatt a klorid-ion \u00e9s a v\u00edz a mirigyekbe nem vagy alig jut \u00e1t, \u00edgy a legutakban s\u0171r\u0171 v\u00e1lad\u00e9k k\u00e9pz\u0151dik, ami bes\u0171r\u0171s\u00f6dik, ez\u00e1ltal a szervezetb\u0151l nem tud rendesen ki\u00fcr\u00fclni, mintegy dug\u00f3t k\u00e9pez \u2013 mutatta be a betegs\u00e9get.<\/p>\n<p><a href=\"https:\/\/semmelweis.hu\/hirek\/files\/2017\/12\/RS71503_ADZ_20171219_0052-scr.jpg\"><img loading=\"lazy\" decoding=\"async\" class=\"size-medium wp-image-69824 alignleft\" src=\"https:\/\/semmelweis.hu\/hirek\/files\/2017\/12\/RS71503_ADZ_20171219_0052-scr-300x200.jpg\" alt=\"\" width=\"300\" height=\"200\" srcset=\"https:\/\/semmelweis.hu\/hirek\/files\/2017\/12\/RS71503_ADZ_20171219_0052-scr-300x200.jpg 300w, https:\/\/semmelweis.hu\/hirek\/files\/2017\/12\/RS71503_ADZ_20171219_0052-scr-768x512.jpg 768w, https:\/\/semmelweis.hu\/hirek\/files\/2017\/12\/RS71503_ADZ_20171219_0052-scr-600x400.jpg 600w, https:\/\/semmelweis.hu\/hirek\/files\/2017\/12\/RS71503_ADZ_20171219_0052-scr-450x300.jpg 450w, https:\/\/semmelweis.hu\/hirek\/files\/2017\/12\/RS71503_ADZ_20171219_0052-scr.jpg 950w\" sizes=\"auto, (max-width: 300px) 100vw, 300px\" \/><\/a>Dr. Zsembery \u00c1kos szerint a mikrobi\u00f3ta k\u00e9rd\u00e9s \u2013 meghat\u00e1rozott helyen l\u00e9v\u0151 mikroorganizmusok \u00f6sszess\u00e9ge \u2013 m\u00e1r nem csak szakmai k\u00f6r\u00f6kben, hanem egyre nagyobb nyilv\u00e1noss\u00e1g el\u0151tt is kezd ismert lenni, ez\u00e9rt is v\u00e1lasztotta ezt a t\u00e9m\u00e1t. A bakt\u00e9riumokkal egy\u00fctt \u00e9lve ki kell haszn\u00e1lni azokat az el\u0151ny\u00f6ket, amiket ezek adnak, ha viszont felborul az egyens\u00faly, nagyon komoly betegs\u00e9gek is kialakulhatnak, ahogy ezt a ciszt\u00e1s fibr\u00f3zisn\u00e1l is l\u00e1tni lehet \u2013 fogalmazott.<\/p>\n<p>A di\u00e1kok az el\u0151ad\u00e1s ut\u00e1n egy k\u00f6tetlen besz\u00e9lget\u00e9sre is megh\u00edv\u00e1st kaptak, ahol a Kerpel-Fronius \u00d6d\u00f6n Tehets\u00e9ggondoz\u00f3 Program hallgat\u00f3i szem\u00e9lyes p\u00e9ld\u00e1kon kereszt\u00fcl mutatt\u00e1k be, hogy mi\u00e9rt \u00e9rdemes az egyetemet v\u00e1lasztani, milyen eredm\u00e9nyeket \u00e9rhetnek el, milyen az egyetemi hallgat\u00f3i \u00e9let, milyen el\u0151nyei, lehet\u0151s\u00e9gei vannak ennek a programnak.<\/p>\n<p>Kiss-B\u00f3di Bernadett<br \/>\nFot\u00f3: Adri\u00e1n Zolt\u00e1n<\/p>\n\r\n        [slb_exclude]\r\n        <div class=\"row galeria-wrapper mx-0 h-auto\">\r\n            <div class=\"col-9 pl-0 pr-2\">\r\n            <span class=\"gallery-item frame\">\r\n\t\t\t\t<div class=\"galeria-left-img\"><a href=\"https:\/\/semmelweis.hu\/hirek\/files\/2017\/12\/RS71522_ADZ_20171219_0135-scr.jpg\"><img src=https:\/\/semmelweis.hu\/hirek\/files\/2017\/12\/RS71522_ADZ_20171219_0135-scr.jpg  \r\n                            alt=\"\" \r\n                            class=\"attachment-sote-gallery-big size-sote-gallery-big\" \r\n                            srcset=\"https:\/\/semmelweis.hu\/hirek\/files\/2017\/12\/RS71522_ADZ_20171219_0135-scr-300x200.jpg 300w, https:\/\/semmelweis.hu\/hirek\/files\/2017\/12\/RS71522_ADZ_20171219_0135-scr-768x512.jpg 768w, https:\/\/semmelweis.hu\/hirek\/files\/2017\/12\/RS71522_ADZ_20171219_0135-scr-600x400.jpg 600w, https:\/\/semmelweis.hu\/hirek\/files\/2017\/12\/RS71522_ADZ_20171219_0135-scr-450x300.jpg 450w, https:\/\/semmelweis.hu\/hirek\/files\/2017\/12\/RS71522_ADZ_20171219_0135-scr.jpg 950w\" ><\/a><\/div>\r\n            <\/span>\r\n\r\n            <\/div>\r\n\r\n\t\t\t<div class=\"col-3 pl-0 pr-0\">\r\n\t\t\t\t<div class=\"galeria-right-img d-flex justify-content-between flex-column h-100 w-100 px-0 mx-0 \">\r\n                <div class=\"galeria-box\">\r\n\t\t\t\t\t<h3 class=\"galeria-title\">Gal\u00e9ria<\/h3>\r\n\t\t\t\t\t<div class=\"galeria-subtitle\">\r\n\r\n\t\t\t\t\t\t<div class=\"galeria-page-counter\"><span>9<\/span>k\u00e9p<\/div>\r\n                    <\/div> <\/div>\r\n                    <span class=\"gallery-item frame d-none d-md-flex\">\r\n\t\t\t\t\t<div class=\"galeria-small-img mt-0\"><a href=\"https:\/\/semmelweis.hu\/hirek\/files\/2017\/12\/RS71518_ADZ_20171219_0103-scr.jpg\"><img src=https:\/\/semmelweis.hu\/hirek\/files\/2017\/12\/RS71518_ADZ_20171219_0103-scr.jpg \r\n                                alt=\"\"  \r\n                                class=\"attachment-sote-gallery-small size-sote-gallery-small\" \r\n                                srcset=\"https:\/\/semmelweis.hu\/hirek\/files\/2017\/12\/RS71518_ADZ_20171219_0103-scr-300x200.jpg 300w, https:\/\/semmelweis.hu\/hirek\/files\/2017\/12\/RS71518_ADZ_20171219_0103-scr-768x512.jpg 768w, https:\/\/semmelweis.hu\/hirek\/files\/2017\/12\/RS71518_ADZ_20171219_0103-scr-600x400.jpg 600w, https:\/\/semmelweis.hu\/hirek\/files\/2017\/12\/RS71518_ADZ_20171219_0103-scr-450x300.jpg 450w, https:\/\/semmelweis.hu\/hirek\/files\/2017\/12\/RS71518_ADZ_20171219_0103-scr.jpg 950w\" ><\/a><\/div>\r\n                    <\/span>\r\n                    <span class=\"gallery-item frame d-none d-md-flex\">\r\n\t\t\t\t\t<div class=\"galeria-small-img mt-0\"><a href=\"https:\/\/semmelweis.hu\/hirek\/files\/2017\/12\/RS71517_ADZ_20171219_0098-scr.jpg\"><img src=https:\/\/semmelweis.hu\/hirek\/files\/2017\/12\/RS71517_ADZ_20171219_0098-scr.jpg \r\n                                alt=\"\" \r\n                                class=\"attachment-sote-gallery-small size-sote-gallery-small\" \r\n                                srcset=\"https:\/\/semmelweis.hu\/hirek\/files\/2017\/12\/RS71517_ADZ_20171219_0098-scr-300x200.jpg 300w, https:\/\/semmelweis.hu\/hirek\/files\/2017\/12\/RS71517_ADZ_20171219_0098-scr-768x512.jpg 768w, https:\/\/semmelweis.hu\/hirek\/files\/2017\/12\/RS71517_ADZ_20171219_0098-scr-600x400.jpg 600w, https:\/\/semmelweis.hu\/hirek\/files\/2017\/12\/RS71517_ADZ_20171219_0098-scr-450x300.jpg 450w, https:\/\/semmelweis.hu\/hirek\/files\/2017\/12\/RS71517_ADZ_20171219_0098-scr.jpg 950w\" ><\/a><\/div>\r\n                    <\/span>\r\n\r\n                <\/div>\r\n\r\n            <\/div>\r\n\r\n            <span class=\"gallery-item\"><div class=\"hidden\"><a href=\"https:\/\/semmelweis.hu\/hirek\/files\/2017\/12\/RS71515_ADZ_20171219_0094-scr.jpg\">\r\n        <img src=https:\/\/semmelweis.hu\/hirek\/files\/2017\/12\/RS71515_ADZ_20171219_0094-scr.jpg alt=\"\" class=\"attachment-sote-gallery-big size-sote-gallery-big\" srcset=\"https:\/\/semmelweis.hu\/hirek\/files\/2017\/12\/RS71515_ADZ_20171219_0094-scr-300x200.jpg 300w, https:\/\/semmelweis.hu\/hirek\/files\/2017\/12\/RS71515_ADZ_20171219_0094-scr-768x512.jpg 768w, https:\/\/semmelweis.hu\/hirek\/files\/2017\/12\/RS71515_ADZ_20171219_0094-scr-600x400.jpg 600w, https:\/\/semmelweis.hu\/hirek\/files\/2017\/12\/RS71515_ADZ_20171219_0094-scr-450x300.jpg 450w, https:\/\/semmelweis.hu\/hirek\/files\/2017\/12\/RS71515_ADZ_20171219_0094-scr.jpg 950w\" >\r\n        <\/a><\/div><\/span><span class=\"gallery-item\"><div class=\"hidden\"><a href=\"https:\/\/semmelweis.hu\/hirek\/files\/2017\/12\/RS71511_ADZ_20171219_0078-scr.jpg\">\r\n        <img src=https:\/\/semmelweis.hu\/hirek\/files\/2017\/12\/RS71511_ADZ_20171219_0078-scr.jpg alt=\"\" class=\"attachment-sote-gallery-big size-sote-gallery-big\" srcset=\"https:\/\/semmelweis.hu\/hirek\/files\/2017\/12\/RS71511_ADZ_20171219_0078-scr-300x200.jpg 300w, https:\/\/semmelweis.hu\/hirek\/files\/2017\/12\/RS71511_ADZ_20171219_0078-scr-768x512.jpg 768w, https:\/\/semmelweis.hu\/hirek\/files\/2017\/12\/RS71511_ADZ_20171219_0078-scr-600x400.jpg 600w, https:\/\/semmelweis.hu\/hirek\/files\/2017\/12\/RS71511_ADZ_20171219_0078-scr-450x300.jpg 450w, https:\/\/semmelweis.hu\/hirek\/files\/2017\/12\/RS71511_ADZ_20171219_0078-scr.jpg 950w\" >\r\n        <\/a><\/div><\/span><span class=\"gallery-item\"><div class=\"hidden\"><a href=\"https:\/\/semmelweis.hu\/hirek\/files\/2017\/12\/RS71495_ADZ_20171219_0013-scr.jpg\">\r\n        <img src=https:\/\/semmelweis.hu\/hirek\/files\/2017\/12\/RS71495_ADZ_20171219_0013-scr.jpg alt=\"\" class=\"attachment-sote-gallery-big size-sote-gallery-big\" srcset=\"https:\/\/semmelweis.hu\/hirek\/files\/2017\/12\/RS71495_ADZ_20171219_0013-scr-300x200.jpg 300w, https:\/\/semmelweis.hu\/hirek\/files\/2017\/12\/RS71495_ADZ_20171219_0013-scr-768x512.jpg 768w, https:\/\/semmelweis.hu\/hirek\/files\/2017\/12\/RS71495_ADZ_20171219_0013-scr-600x400.jpg 600w, https:\/\/semmelweis.hu\/hirek\/files\/2017\/12\/RS71495_ADZ_20171219_0013-scr-450x300.jpg 450w, https:\/\/semmelweis.hu\/hirek\/files\/2017\/12\/RS71495_ADZ_20171219_0013-scr.jpg 950w\" >\r\n        <\/a><\/div><\/span><span class=\"gallery-item\"><div class=\"hidden\"><a href=\"https:\/\/semmelweis.hu\/hirek\/files\/2017\/12\/RS71493_ADZ_20171219_0011-scr.jpg\">\r\n        <img src=https:\/\/semmelweis.hu\/hirek\/files\/2017\/12\/RS71493_ADZ_20171219_0011-scr.jpg alt=\"\" class=\"attachment-sote-gallery-big size-sote-gallery-big\" srcset=\"https:\/\/semmelweis.hu\/hirek\/files\/2017\/12\/RS71493_ADZ_20171219_0011-scr-300x200.jpg 300w, https:\/\/semmelweis.hu\/hirek\/files\/2017\/12\/RS71493_ADZ_20171219_0011-scr-768x512.jpg 768w, https:\/\/semmelweis.hu\/hirek\/files\/2017\/12\/RS71493_ADZ_20171219_0011-scr-600x400.jpg 600w, https:\/\/semmelweis.hu\/hirek\/files\/2017\/12\/RS71493_ADZ_20171219_0011-scr-450x300.jpg 450w, https:\/\/semmelweis.hu\/hirek\/files\/2017\/12\/RS71493_ADZ_20171219_0011-scr.jpg 950w\" >\r\n        <\/a><\/div><\/span><span class=\"gallery-item\"><div class=\"hidden\"><a href=\"https:\/\/semmelweis.hu\/hirek\/files\/2017\/12\/RS71508_ADZ_20171219_0066-scr.jpg\">\r\n        <img src=https:\/\/semmelweis.hu\/hirek\/files\/2017\/12\/RS71508_ADZ_20171219_0066-scr.jpg alt=\"\" class=\"attachment-sote-gallery-big size-sote-gallery-big\" srcset=\"https:\/\/semmelweis.hu\/hirek\/files\/2017\/12\/RS71508_ADZ_20171219_0066-scr-300x200.jpg 300w, https:\/\/semmelweis.hu\/hirek\/files\/2017\/12\/RS71508_ADZ_20171219_0066-scr-768x512.jpg 768w, https:\/\/semmelweis.hu\/hirek\/files\/2017\/12\/RS71508_ADZ_20171219_0066-scr-600x400.jpg 600w, https:\/\/semmelweis.hu\/hirek\/files\/2017\/12\/RS71508_ADZ_20171219_0066-scr-450x300.jpg 450w, https:\/\/semmelweis.hu\/hirek\/files\/2017\/12\/RS71508_ADZ_20171219_0066-scr.jpg 950w\" >\r\n        <\/a><\/div><\/span><span class=\"gallery-item\"><div class=\"hidden\"><a href=\"https:\/\/semmelweis.hu\/hirek\/files\/2017\/12\/RS71510_ADZ_20171219_0075-scr.jpg\">\r\n        <img src=https:\/\/semmelweis.hu\/hirek\/files\/2017\/12\/RS71510_ADZ_20171219_0075-scr.jpg alt=\"\" class=\"attachment-sote-gallery-big size-sote-gallery-big\" srcset=\"https:\/\/semmelweis.hu\/hirek\/files\/2017\/12\/RS71510_ADZ_20171219_0075-scr-300x200.jpg 300w, https:\/\/semmelweis.hu\/hirek\/files\/2017\/12\/RS71510_ADZ_20171219_0075-scr-768x512.jpg 768w, https:\/\/semmelweis.hu\/hirek\/files\/2017\/12\/RS71510_ADZ_20171219_0075-scr-600x400.jpg 600w, https:\/\/semmelweis.hu\/hirek\/files\/2017\/12\/RS71510_ADZ_20171219_0075-scr-450x300.jpg 450w, https:\/\/semmelweis.hu\/hirek\/files\/2017\/12\/RS71510_ADZ_20171219_0075-scr.jpg 950w\" >\r\n        <\/a><\/div><\/span>\r\n            <\/div>\r\n\r\n            [\/slb_exclude]\r\n\t\n","protected":false},"excerpt":{"rendered":"<p>Minden eddigin\u00e9l t\u00f6bb, mintegy 360 di\u00e1k vett r\u00e9szt az idei tehets\u00e9gnapon a Kerpel-Fronius \u00d6d\u00f6n Tehets\u00e9ggondoz\u00f3 Program keret\u00e9ben, imm\u00e1r 12. alkalommal. A partner k\u00f6z\u00e9piskol\u00e1k di\u00e1kjai sz\u00e1m\u00e1ra \u00e9vente megrendezett ny\u00edlt nap lehet\u0151s\u00e9get ny\u00fajt a tanul\u00f3knak, hogy megismerkedjenek az egyetem klinik\u00e1in, int\u00e9zeteiben foly\u00f3 munk\u00e1val. <a href=\"https:\/\/semmelweis.hu\/hirek\/files\/2017\/12\/RS71499_ADZ_20171219_0039-scr.jpg\"><\/a> Dr. Fekete Gy\u00f6rgy, a Kerpel-Fronius \u00d6d\u00f6n Tehets\u00e9ggondoz\u00f3 Program eln\u00f6ke, a II. Sz. Gyermekgy\u00f3gy\u00e1szati Klinika &hellip;<\/p>\n","protected":false},"author":101282,"featured_media":69827,"comment_status":"closed","ping_status":"closed","sticky":false,"template":"","format":"standard","meta":{"_acf_changed":false,"footnotes":""},"categories":[3533,168],"tags":[2569,3846,3973,3445],"class_list":["post-69818","post","type-post","status-publish","format-standard","has-post-thumbnail","hentry","category-hallgatok-oktatas","category-kiemelt","tag-galeria","tag-kerpel-program","tag-kerpel-sorozat","tag-tehetseg"],"acf":[],"_links":{"self":[{"href":"https:\/\/semmelweis.hu\/hirek\/wp-json\/wp\/v2\/posts\/69818","targetHints":{"allow":["GET"]}}],"collection":[{"href":"https:\/\/semmelweis.hu\/hirek\/wp-json\/wp\/v2\/posts"}],"about":[{"href":"https:\/\/semmelweis.hu\/hirek\/wp-json\/wp\/v2\/types\/post"}],"author":[{"embeddable":true,"href":"https:\/\/semmelweis.hu\/hirek\/wp-json\/wp\/v2\/users\/101282"}],"replies":[{"embeddable":true,"href":"https:\/\/semmelweis.hu\/hirek\/wp-json\/wp\/v2\/comments?post=69818"}],"version-history":[{"count":3,"href":"https:\/\/semmelweis.hu\/hirek\/wp-json\/wp\/v2\/posts\/69818\/revisions"}],"predecessor-version":[{"id":136518,"href":"https:\/\/semmelweis.hu\/hirek\/wp-json\/wp\/v2\/posts\/69818\/revisions\/136518"}],"wp:featuredmedia":[{"embeddable":true,"href":"https:\/\/semmelweis.hu\/hirek\/wp-json\/wp\/v2\/media\/69827"}],"wp:attachment":[{"href":"https:\/\/semmelweis.hu\/hirek\/wp-json\/wp\/v2\/media?parent=69818"}],"wp:term":[{"taxonomy":"category","embeddable":true,"href":"https:\/\/semmelweis.hu\/hirek\/wp-json\/wp\/v2\/categories?post=69818"},{"taxonomy":"post_tag","embeddable":true,"href":"https:\/\/semmelweis.hu\/hirek\/wp-json\/wp\/v2\/tags?post=69818"}],"curies":[{"name":"wp","href":"https:\/\/api.w.org\/{rel}","templated":true}]}}