{"id":6968,"date":"2011-09-14T06:04:55","date_gmt":"2011-09-14T06:04:55","guid":{"rendered":"http:\/\/semmelweis-egyetem.hu\/hirek\/?p=6968"},"modified":"2011-10-06T06:50:25","modified_gmt":"2011-10-06T06:50:25","slug":"az-uszas-tankonyvenek-bemutatoja","status":"publish","type":"post","link":"https:\/\/semmelweis.hu\/hirek\/2011\/09\/14\/az-uszas-tankonyvenek-bemutatoja\/","title":{"rendered":"Az \u00dasz\u00e1s tank\u00f6nyv\u00e9nek bemutat\u00f3ja"},"content":{"rendered":"<p>\u00daj k\u00f6nyvet mutattak be a Semmelweis Egyetem K\u00f6zponti K\u00f6nyvt\u00e1r\u00e1ban 2011. szeptember 8-\u00e1n.<\/p>\n<p><a rel=\"attachment wp-att-6969\" href=\"https:\/\/semmelweis.hu\/hirek\/2011\/09\/14\/az-uszas-tankonyvenek-bemutatoja\/img_2314-copy\/\"><img loading=\"lazy\" decoding=\"async\" class=\"size-full wp-image-6969 alignleft\" src=\"https:\/\/semmelweis.hu\/hirek\/files\/2011\/09\/IMG_2314-copy.jpg\" alt=\"\" width=\"227\" height=\"152\" \/><\/a>Az\u00a0\u00dasz\u00e1s tank\u00f6nyve\u00a02008-ban jelent meg, Egressy J\u00e1nos, S\u00f3s Csaba \u00e9s T\u00f3th \u00c1kos, a\u00a0TSK \u00dasz\u00e1s \u00e9s V\u00edzi Sportok Tansz\u00e9k\u00e9nek munkat\u00e1rsai szerz\u00e9s\u00e9ben. A maga m\u0171faj\u00e1ban hi\u00e1nyp\u00f3tl\u00f3 munka, a tansz\u00e9k eddigi irodalmi, tudom\u00e1nyos \u00e9s szakmai munk\u00e1ss\u00e1g\u00e1nak legkorszer\u0171bb ismereteit foglalja \u00f6ssze. T\u00f6bb, mint tank\u00f6nyv, szakk\u00f6nyv gazdag szakmai \u00e9s k\u00e9panyag\u00e1val, amely mind a hallgat\u00f3kat, szakembereket \u00e9s sportol\u00f3kat hasznos ismeretekhez juttathatja.<\/p>\n<figure id=\"attachment_6970\" aria-describedby=\"caption-attachment-6970\" style=\"width: 239px\" class=\"wp-caption alignright\"><a rel=\"attachment wp-att-6970\" href=\"https:\/\/semmelweis.hu\/hirek\/2011\/09\/14\/az-uszas-tankonyvenek-bemutatoja\/img_2320-copy\/\"><img loading=\"lazy\" decoding=\"async\" class=\"size-full wp-image-6970 \" src=\"https:\/\/semmelweis.hu\/hirek\/files\/2011\/09\/IMG_2320-copy.jpg\" alt=\"\" width=\"239\" height=\"159\" \/><\/a><figcaption id=\"caption-attachment-6970\" class=\"wp-caption-text\">Dr. Vasas L\u00edvia a K\u00f6zponti K\u00f6nyvt\u00e1r f\u0151igazgat\u00f3ja megnyitja a k\u00f6nyvbemutat\u00f3t.<\/figcaption><\/figure>\n<p>Dr. T\u00f3th \u00c1kos egyetemi docens nem tudott r\u00e9szt venni a bemutat\u00f3n, \u00edgy a rendezv\u00e9ny elej\u00e9n egy r\u00f6vid vide\u00f3t tekinthettek meg a megjelentek, amelyen T\u00f3th \u00c1kos az idei tan\u00e9vnyit\u00f3n a Testnevel\u00e9si \u00e9s Sporttudom\u00e1nyi Karon az egyetem c\u00edmer\u00e9vel d\u00edsz\u00edtett pecs\u00e9tgy\u0171r\u0171t vehetett \u00e1t, s hosszan m\u00e9ltatt\u00e1k munk\u00e1ss\u00e1g\u00e1t.<\/p>\n<p>Ezt k\u00f6vet\u0151en a szerz\u0151k r\u00e9szletesen ismertett\u00e9k, mi\u00e9rt volt indokolt egy ilyen \u00faj szeml\u00e9let\u0171 tank\u00f6nyv szerkeszt\u00e9se, milyen neh\u00e9zs\u00e9gekkel tal\u00e1lkoztak a szakmai lektor\u00e1l\u00e1s sor\u00e1n, hogyan ker\u00fclt ki szinte r\u00f6gt\u00f6n egy \u00fajabb kiad\u00e1sa k\u00f6nyvpiacra, \u00e9s milyen nagy nemzetk\u00f6zi sikereket \u00e9lt meg a tank\u00f6nyv.<\/p>\n<figure id=\"attachment_6971\" aria-describedby=\"caption-attachment-6971\" style=\"width: 265px\" class=\"wp-caption alignleft\"><a rel=\"attachment wp-att-6971\" href=\"https:\/\/semmelweis.hu\/hirek\/2011\/09\/14\/az-uszas-tankonyvenek-bemutatoja\/img_2380-copy\/\"><img loading=\"lazy\" decoding=\"async\" class=\"size-full wp-image-6971 \" src=\"https:\/\/semmelweis.hu\/hirek\/files\/2011\/09\/IMG_2380-copy.jpg\" alt=\"\" width=\"265\" height=\"177\" \/><\/a><figcaption id=\"caption-attachment-6971\" class=\"wp-caption-text\">Egressy J\u00e1nos \u00e9s S\u00f3s Csaba a TSK \u00dasz\u00e1s \u00e9s V\u00edzi Sportok Tansz\u00e9k\u00e9nek munkat\u00e1rsai<\/figcaption><\/figure>\n<p>Pontos ismereteket szerezhettek a r\u00e9sztvev\u0151k arr\u00f3l, mit\u0151l egyedi a magyar \u00fasz\u00f3k edz\u00e9si technik\u00e1ja, melyik \u00e9letkorban milyen edz\u00e9sterv vezet hossz\u00fa t\u00e1von a legnagyobb sikerekhez. Fiatal \u00e9s sikeres magyar bajnokaink munk\u00e1j\u00e1nak h\u00e1tter\u00e9r\u0151l \u00e9s vid\u00e1m t\u00f6rt\u00e9netek is halhattak, amelyeken rendk\u00edv\u00fcl j\u00f3l sz\u00f3rakozott a k\u00f6z\u00f6ns\u00e9g.<\/p>\n<p><em>A rendezv\u00e9ny a T\u00c1MOP 3.2.4-09\/1\/KMR-2010-0023 Semmelweis Tud\u00e1sh\u00e1l\u00f3zat projekt utols\u00f3 rendezv\u00e9nyeinek egyike volt. A Semmelweis Egyetem K\u00f6zponti K\u00f6nyvt\u00e1ra 2010. szeptember\u00e9t\u0151l dolgozik p\u00e1ly\u00e1zat megval\u00f3s\u00edt\u00e1si szakasz\u00e1ban. A \u201cSemmelweis Tud\u00e1sh\u00e1l\u00f3zat\u201d egy eg\u00e9szen \u00faj szeml\u00e9let\u0171, komplex szolg\u00e1ltat\u00e1sfejleszt\u00e9s, melynek c\u00e9lja a potenci\u00e1lis felhaszn\u00e1l\u00f3k el\u00e9r\u00e9se, a k\u00f6nyvt\u00e1rakat n\u00e9pszer\u0171s\u00edt\u00e9se, az inform\u00e1lis tanul\u00e1si form\u00e1k t\u00e9rnyer\u00e9s\u00e9nek t\u00e1mogat\u00e1sa, \u00e9s kor ig\u00e9nyeinek megfelel\u0151 m\u0171k\u00f6d\u00e9s az egyetemen foly\u00f3 oktat\u00e1s \u00e9s kutat\u00e1s nemzetk\u00f6zi h\u00edrnev\u00e9nek er\u0151s\u00edt\u00e9se \u00e9rdek\u00e9ben. A p\u00e1ly\u00e1zatnak 5 f\u0151 pill\u00e9rre \u00e9p\u00fcl; egy \u00faj k\u00f6nyvt\u00e1ri interakt\u00edv port\u00e1l web2-es alapokon, 50 rendezv\u00e9ny 12 h\u00f3nap alatt, t\u00f6bb mint 13.500 \u00faj rekord az elektronikus katal\u00f3gusban, a teljes egyetemi k\u00f6nyvt\u00e1ri h\u00e1l\u00f3zatot bemutat\u00f3 kiadv\u00e1ny l\u00e9trej\u00f6tte \u00e9s tov\u00e1bbk\u00e9pz\u00e9sek. A p\u00e1ly\u00e1zat nagy v\u00e1llalkoz\u00e1snak bizonyult, tele kih\u00edv\u00e1sokkal, de nagy eredm\u00e9nyekkel siker\u00fclt v\u00e9ghez vinni azt.<\/em><\/p>\n<p><a rel=\"attachment wp-att-6899\" href=\"https:\/\/semmelweis.hu\/hirek\/2011\/08\/26\/az-uszas-tankonyve-%e2%80%93-konyvbemutato\/tamop-esza\/\"><img loading=\"lazy\" decoding=\"async\" class=\"aligncenter size-full wp-image-6899\" src=\"https:\/\/semmelweis.hu\/hirek\/files\/2011\/09\/T\u00c1MOP-ESZA.jpg\" alt=\"\" width=\"2224\" height=\"448\" srcset=\"https:\/\/semmelweis.hu\/hirek\/files\/2011\/09\/T\u00c1MOP-ESZA.jpg 2224w, https:\/\/semmelweis.hu\/hirek\/files\/2011\/09\/T\u00c1MOP-ESZA-300x60.jpg 300w, https:\/\/semmelweis.hu\/hirek\/files\/2011\/09\/T\u00c1MOP-ESZA-600x120.jpg 600w\" sizes=\"auto, (max-width: 2224px) 100vw, 2224px\" \/><\/a><\/p>\n","protected":false},"excerpt":{"rendered":"<p>\u00daj k\u00f6nyvet mutattak be a Semmelweis Egyetem K\u00f6zponti K\u00f6nyvt\u00e1r\u00e1ban 2011. szeptember 8-\u00e1n. <a rel=\"attachment wp-att-6969\" href=\"https:\/\/semmelweis.hu\/hirek\/2011\/09\/14\/az-uszas-tankonyvenek-bemutatoja\/img_2314-copy\/\"><\/a> Az\u00a0\u00dasz\u00e1s tank\u00f6nyve\u00a02008-ban jelent meg, Egressy J\u00e1nos, S\u00f3s Csaba \u00e9s T\u00f3th \u00c1kos, a\u00a0TSK \u00dasz\u00e1s \u00e9s V\u00edzi Sportok Tansz\u00e9k\u00e9nek munkat\u00e1rsai szerz\u00e9s\u00e9ben. A maga m\u0171faj\u00e1ban hi\u00e1nyp\u00f3tl\u00f3 munka, a tansz\u00e9k eddigi irodalmi, tudom\u00e1nyos \u00e9s szakmai munk\u00e1ss\u00e1g\u00e1nak legkorszer\u0171bb ismereteit foglalja \u00f6ssze. T\u00f6bb, mint tank\u00f6nyv, szakk\u00f6nyv gazdag szakmai \u00e9s &hellip;<\/p>\n","protected":false},"author":8,"featured_media":6972,"comment_status":"closed","ping_status":"open","sticky":false,"template":"","format":"standard","meta":{"_acf_changed":false,"footnotes":""},"categories":[161],"tags":[246],"class_list":["post-6968","post","type-post","status-publish","format-standard","has-post-thumbnail","hentry","category-tudomany","tag-tamop"],"acf":[],"_links":{"self":[{"href":"https:\/\/semmelweis.hu\/hirek\/wp-json\/wp\/v2\/posts\/6968","targetHints":{"allow":["GET"]}}],"collection":[{"href":"https:\/\/semmelweis.hu\/hirek\/wp-json\/wp\/v2\/posts"}],"about":[{"href":"https:\/\/semmelweis.hu\/hirek\/wp-json\/wp\/v2\/types\/post"}],"author":[{"embeddable":true,"href":"https:\/\/semmelweis.hu\/hirek\/wp-json\/wp\/v2\/users\/8"}],"replies":[{"embeddable":true,"href":"https:\/\/semmelweis.hu\/hirek\/wp-json\/wp\/v2\/comments?post=6968"}],"version-history":[{"count":1,"href":"https:\/\/semmelweis.hu\/hirek\/wp-json\/wp\/v2\/posts\/6968\/revisions"}],"predecessor-version":[{"id":6973,"href":"https:\/\/semmelweis.hu\/hirek\/wp-json\/wp\/v2\/posts\/6968\/revisions\/6973"}],"wp:featuredmedia":[{"embeddable":true,"href":"https:\/\/semmelweis.hu\/hirek\/wp-json\/wp\/v2\/media\/6972"}],"wp:attachment":[{"href":"https:\/\/semmelweis.hu\/hirek\/wp-json\/wp\/v2\/media?parent=6968"}],"wp:term":[{"taxonomy":"category","embeddable":true,"href":"https:\/\/semmelweis.hu\/hirek\/wp-json\/wp\/v2\/categories?post=6968"},{"taxonomy":"post_tag","embeddable":true,"href":"https:\/\/semmelweis.hu\/hirek\/wp-json\/wp\/v2\/tags?post=6968"}],"curies":[{"name":"wp","href":"https:\/\/api.w.org\/{rel}","templated":true}]}}