{"id":6941,"date":"2011-09-13T06:07:40","date_gmt":"2011-09-13T06:07:40","guid":{"rendered":"http:\/\/semmelweis-egyetem.hu\/hirek\/?p=6941"},"modified":"2012-10-19T07:14:31","modified_gmt":"2012-10-19T07:14:31","slug":"prime-konferencia-az-erasmus-tanulmanyok-elismereseert","status":"publish","type":"post","link":"https:\/\/semmelweis.hu\/hirek\/2011\/09\/13\/prime-konferencia-az-erasmus-tanulmanyok-elismereseert\/","title":{"rendered":"PRIME: Konferencia az ERASMUS tanulm\u00e1nyok elismer\u00e9s\u00e9\u00e9rt"},"content":{"rendered":"<p style=\"text-align: center;\"><a href=\"https:\/\/semmelweis.hu\/hirek\/2011\/09\/13\/prime-konferencia-az-erasmus-tanulmanyok-elismereseert\/primelogo_jpg\/\" rel=\"attachment wp-att-6942\"><img loading=\"lazy\" decoding=\"async\" class=\"aligncenter size-full wp-image-6942\" src=\"https:\/\/semmelweis.hu\/hirek\/files\/2011\/09\/PRIMElogo_JPG.jpg\" alt=\"\" width=\"951\" height=\"320\" \/><\/a><\/p>\n<p><strong>PRIME: Konferencia az ERASMUS tanulm\u00e1nyok elismer\u00e9s\u00e9\u00e9rt<br \/>\n<\/strong>2011. szeptember 30.<\/p>\n<p>&nbsp;<\/p>\n<p><em>Az ERASMUS \u00f6szt\u00f6nd\u00edjprogram az Eur\u00f3pai Bizotts\u00e1g egyik legsikeresebb kezdem\u00e9nyez\u00e9se, \u00e9s csak akkor \u0151rizheti meg ezt a kit\u00fcntet\u0151 jelz\u0151t, ha folyamatosan nyomon k\u00f6vetik \u00e9s \u00e9rdemben fejlesztik. Folyamatos fejleszt\u00e9s\u00e9b\u0151l kiveszi a r\u00e9sz\u00e9t az Eur\u00f3pai Bizotts\u00e1g hivatalos di\u00e1kszervezetek\u00e9nt m\u0171k\u00f6d\u0151 Erasmus Student Network PRIME nev\u0171 felm\u00e9r\u00e9se is. A k\u00e9rd\u0151\u00edv els\u0151sorban a kreditelfogad\u00e1s hat\u00e9konys\u00e1g\u00e1nak elemz\u00e9s\u00e9t t\u0171zte ki c\u00e9lul. Az eredm\u00e9nyeket orsz\u00e1gos \u00e9s nemzetk\u00f6zi szinten fogj\u00e1k megvitatni az illet\u00e9kesek<\/em>.<em> <\/em><\/p>\n<p>Az ERASMUS programot t\u00e1mogat\u00f3 di\u00e1kszervezet, az <strong>Erasmus Student Network<\/strong> (ESN), imm\u00e1ron m\u00e1sodik alkalommal felm\u00e9r\u00e9st v\u00e9gzett a kreditelismertet\u00e9s helyzet\u00e9r\u0151l. Ezzel a feladattal minden Erasmus hallgat\u00f3 szembes\u00fcl a k\u00fclf\u00f6ld\u00f6n t\u00f6lt\u00f6tt \u00e9v\u00fck, f\u00e9l\u00e9v\u00fck elfogadtat\u00e1sakor. Ez az \u00fagynevezett <strong>PRIME<\/strong> projekt \u2013 <strong>Problems of Recognition In Making Erasmus<\/strong> \u2013, mely alapj\u00e1n elk\u00e9sz\u00fcl egy komplex kvantitat\u00edv \u00e9s kvalitat\u00edv tanulm\u00e1ny. Az \u00e9rt\u00e9kel\u00e9s hivatkoz\u00e1si alapot szolg\u00e1ltathat a nemzeti irod\u00e1kkal, a fels\u0151oktat\u00e1si int\u00e9zm\u00e9nyekkel \u00e9s az Eur\u00f3pai Bizotts\u00e1ggal val\u00f3 egyeztet\u00e9shez.<\/p>\n<p>Ahogy az <strong>Erasmus Charter<\/strong>ben is olvashat\u00f3, az ERASMUS \u00f6szt\u00f6nd\u00edj kiemelt c\u00e9lja a fels\u0151oktat\u00e1si int\u00e9zm\u00e9nyek k\u00f6z\u00f6tti egy\u00fcttm\u0171k\u00f6d\u00e9sek \u00f6szt\u00f6nz\u00e9se, az oktat\u00e1si k\u00f6rnyezet gazdag\u00edt\u00e1sa, valamint a teljes elismer\u00e9se a k\u00fclf\u00f6ld\u00f6n t\u00f6lt\u00f6tt id\u0151szaknak. Az is k\u00e9ts\u00e9gtelen, hogy az ERASMUS \u00f6szt\u00f6nd\u00edj az Eur\u00f3pai Bizotts\u00e1g egyik legsikeresebb projektje, azonban 24 \u00e9v eltelt\u00e9vel m\u00e9g mindig az adminisztr\u00e1ci\u00f3 (pl. kredit-elfogadtat\u00e1s) \u00e9s a finansz\u00edroz\u00e1s jelenti a legnagyobb probl\u00e9m\u00e1t a hallgat\u00f3k sz\u00e1m\u00e1ra.<\/p>\n<p>A PRIME projekt c\u00e9lja, hogy felkutassa a hi\u00e1nyoss\u00e1gokat \u00e9s a lehets\u00e9ges megold\u00e1si javaslatokat, \u00edgy el\u0151mozd\u00edtva \u00e9s gyarap\u00edtva a hallgat\u00f3i mobilit\u00e1st. A felm\u00e9r\u00e9st h\u00e1rom szinten v\u00e9gezt\u00e9k: a Nemzeti K\u00fclkapcsolati Irod\u00e1k (National Agency), a fels\u0151oktat\u00e1si int\u00e9zm\u00e9nyek (Higher Education Institution) \u00e9s a di\u00e1kok k\u00f6z\u00f6tt. Csaknem 9000 hallgat\u00f3, t\u00f6bb sz\u00e1z fels\u0151oktat\u00e1si int\u00e9zm\u00e9ny, s csaknem minden \u00e9rintett orsz\u00e1g Nemzeti Irod\u00e1ja megv\u00e1laszolta a k\u00e9rd\u0151\u00edvet, valamint az interj\u00fak\u00e9rd\u00e9seket. A v\u00e1laszokb\u00f3l kider\u00fclt: m\u00edg eur\u00f3pai uni\u00f3s szinten Erasmusos di\u00e1kok csaknem 73 %-a r\u00e9szes\u00fcl teljes kreditelismer\u00e9sben, addig haz\u00e1nkban ez az ar\u00e1ny az 50 %-ot sem \u00e9ri el.<\/p>\n<p>Az idei \u00e9v sor\u00e1n 12, ERASMUS programban r\u00e9sztvev\u0151 orsz\u00e1g konferenci\u00e1t szervez, hogy bemutassa a PRIME felm\u00e9r\u00e9s eredm\u00e9nyeit mind nemzetk\u00f6zi, mind hazai szinten. Itthon, a k\u00f6z\u00f6s strat\u00e9giaalkot\u00e1s els\u0151 \u00e1llom\u00e1sak\u00e9nt, a <strong>Magyarorsz\u00e1gi Erasmus Hallgat\u00f3k\u00e9rt Alap\u00edtv\u00e1ny<\/strong> szervez\u00e9s\u00e9ben ker\u00fcl sor a PRIME konferenci\u00e1ra.<\/p>\n<p>A rendezv\u00e9nynek a <strong>Budapesti Corvinus Egyetem<\/strong> ad otthont szeptember 30-\u00e1n. Magyar fels\u0151oktat\u00e1si int\u00e9zm\u00e9nyek kredit\u00e1tviteli bizotts\u00e1gai \u00e9s nemzetk\u00f6zi \u00fcgyekkel foglalkoz\u00f3 dolgoz\u00f3i, szomsz\u00e9dos orsz\u00e1gok PRIME koordin\u00e1torai, az oktat\u00e1si t\u00e1rca k\u00e9pvisel\u0151i, Bologna-szak\u00e9rt\u0151k, H\u00d6OK-k\u00e9pvisel\u0151k, valamint magyar ESN-\u00f6nk\u00e9ntesek tal\u00e1lkoznak, hogy megvitass\u00e1k a felmer\u00fcl\u0151 k\u00e9rd\u00e9seket.<\/p>\n<p>&nbsp;<\/p>\n<p><em>B\u0151vebb inform\u00e1ci\u00f3k: <\/em><a href=\"\/Users\/Administrator\/Documents\/PRIME\/www.prime.esn.org\"><em>www.prime.esn.org<\/em><\/a><em>, <\/em><a href=\"http:\/\/www.esn.hu\/\"><em>www.esn.hu<\/em><\/a><em>, illetve <\/em><a href=\"\/Users\/Administrator\/Documents\/PRIME\/prime@esn.hu\"><em>prime@esn.hu<\/em><\/a><em> <\/em><\/p>\n<p style=\"text-align: center;\">\n","protected":false},"excerpt":{"rendered":"<p><a href=\"https:\/\/semmelweis.hu\/hirek\/2011\/09\/13\/prime-konferencia-az-erasmus-tanulmanyok-elismereseert\/primelogo_jpg\/\" rel=\"attachment wp-att-6942\"><\/a> PRIME: Konferencia az ERASMUS tanulm\u00e1nyok elismer\u00e9s\u00e9\u00e9rt 2011. szeptember 30. &nbsp; Az ERASMUS \u00f6szt\u00f6nd\u00edjprogram az Eur\u00f3pai Bizotts\u00e1g egyik legsikeresebb kezdem\u00e9nyez\u00e9se, \u00e9s csak akkor \u0151rizheti meg ezt a kit\u00fcntet\u0151 jelz\u0151t, ha folyamatosan nyomon k\u00f6vetik \u00e9s \u00e9rdemben fejlesztik. Folyamatos fejleszt\u00e9s\u00e9b\u0151l kiveszi a r\u00e9sz\u00e9t az Eur\u00f3pai Bizotts\u00e1g hivatalos di\u00e1kszervezetek\u00e9nt m\u0171k\u00f6d\u0151 Erasmus Student Network PRIME nev\u0171 felm\u00e9r\u00e9se is. A k\u00e9rd\u0151\u00edv &hellip;<\/p>\n","protected":false},"author":8,"featured_media":6942,"comment_status":"closed","ping_status":"open","sticky":false,"template":"","format":"standard","meta":{"_acf_changed":false,"footnotes":""},"categories":[150],"tags":[68],"class_list":["post-6941","post","type-post","status-publish","format-standard","has-post-thumbnail","hentry","category-palyazatok","tag-erasmus"],"acf":[],"_links":{"self":[{"href":"https:\/\/semmelweis.hu\/hirek\/wp-json\/wp\/v2\/posts\/6941","targetHints":{"allow":["GET"]}}],"collection":[{"href":"https:\/\/semmelweis.hu\/hirek\/wp-json\/wp\/v2\/posts"}],"about":[{"href":"https:\/\/semmelweis.hu\/hirek\/wp-json\/wp\/v2\/types\/post"}],"author":[{"embeddable":true,"href":"https:\/\/semmelweis.hu\/hirek\/wp-json\/wp\/v2\/users\/8"}],"replies":[{"embeddable":true,"href":"https:\/\/semmelweis.hu\/hirek\/wp-json\/wp\/v2\/comments?post=6941"}],"version-history":[{"count":1,"href":"https:\/\/semmelweis.hu\/hirek\/wp-json\/wp\/v2\/posts\/6941\/revisions"}],"predecessor-version":[{"id":6943,"href":"https:\/\/semmelweis.hu\/hirek\/wp-json\/wp\/v2\/posts\/6941\/revisions\/6943"}],"wp:featuredmedia":[{"embeddable":true,"href":"https:\/\/semmelweis.hu\/hirek\/wp-json\/wp\/v2\/media\/6942"}],"wp:attachment":[{"href":"https:\/\/semmelweis.hu\/hirek\/wp-json\/wp\/v2\/media?parent=6941"}],"wp:term":[{"taxonomy":"category","embeddable":true,"href":"https:\/\/semmelweis.hu\/hirek\/wp-json\/wp\/v2\/categories?post=6941"},{"taxonomy":"post_tag","embeddable":true,"href":"https:\/\/semmelweis.hu\/hirek\/wp-json\/wp\/v2\/tags?post=6941"}],"curies":[{"name":"wp","href":"https:\/\/api.w.org\/{rel}","templated":true}]}}