{"id":69397,"date":"2017-12-07T14:02:38","date_gmt":"2017-12-07T13:02:38","guid":{"rendered":"http:\/\/semmelweis.hu\/hirek\/?p=69397"},"modified":"2018-01-25T16:01:17","modified_gmt":"2018-01-25T15:01:17","slug":"hetvenot-eves-evfordulojat-unnepelte-a-pulmonologiai-klinika","status":"publish","type":"post","link":"https:\/\/semmelweis.hu\/hirek\/2017\/12\/07\/hetvenot-eves-evfordulojat-unnepelte-a-pulmonologiai-klinika\/","title":{"rendered":"Hetven\u00f6t \u00e9ves \u00e9vfordul\u00f3j\u00e1t \u00fcnnepelte a Pulmonol\u00f3giai Klinika"},"content":{"rendered":"<p><a href=\"https:\/\/semmelweis.hu\/hirek\/files\/2017\/12\/RS69593_RS54068_DAB_1009-scr.jpg\"><img loading=\"lazy\" decoding=\"async\" class=\"alignright size-medium wp-image-69407\" src=\"https:\/\/semmelweis.hu\/hirek\/files\/2017\/12\/RS69593_RS54068_DAB_1009-scr-200x300.jpg\" alt=\"\" width=\"200\" height=\"300\" srcset=\"https:\/\/semmelweis.hu\/hirek\/files\/2017\/12\/RS69593_RS54068_DAB_1009-scr-200x300.jpg 200w, https:\/\/semmelweis.hu\/hirek\/files\/2017\/12\/RS69593_RS54068_DAB_1009-scr-266x400.jpg 266w, https:\/\/semmelweis.hu\/hirek\/files\/2017\/12\/RS69593_RS54068_DAB_1009-scr.jpg 499w\" sizes=\"auto, (max-width: 200px) 100vw, 200px\" \/><\/a>Eg\u00e9sz napos tov\u00e1bbk\u00e9pz\u00e9ssel \u00fcnnepelte fenn\u00e1ll\u00e1s\u00e1nak 75 \u00e9ves \u00e9vfordul\u00f3j\u00e1t a Pulmonol\u00f3giai Klinika. Az orsz\u00e1g els\u0151 T\u00fcd\u0151gy\u00f3gy\u00e1szati Tansz\u00e9k\u00e9t a klinika jelenlegi \u00e9p\u00fclet\u00e9ben hozt\u00e1k l\u00e9tre 1942-ben, akkoriban m\u00e9g els\u0151sorban a TBC elleni k\u00fczdelem jegy\u00e9ben. Az eltelt h\u00e1romnegyed \u00e9vsz\u00e1zad alatt alapjaiban v\u00e1ltozott meg a t\u00fcd\u0151gy\u00f3gy\u00e1szat, \u00e9s \u00edgy a klinika feladata, a kr\u00f3nikus ell\u00e1t\u00e1st az akut kezel\u00e9sek v\u00e1ltott\u00e1k fel \u2013 mondta az \u00e9vfordul\u00f3 kapcs\u00e1n dr. Losonczy Gy\u00f6rgy igazgat\u00f3.<\/p>\n<p>Az orsz\u00e1g els\u0151 T\u00fcd\u0151gy\u00f3gy\u00e1szati Tansz\u00e9ke id. Kov\u00e1ts Ferenc vezet\u00e9s\u00e9vel j\u00f6tt l\u00e9tre, aki el\u0151tte Eur\u00f3pa-szerte tanulm\u00e1nyozta az akkor m\u00e9g gy\u00f3gyszeres ter\u00e1pia n\u00e9lk\u00fcli, n\u00e9pbetegs\u00e9gnek sz\u00e1m\u00edt\u00f3, magas mortalit\u00e1s\u00fa TBC kezel\u00e9s\u00e9nek legmodernebbnek sz\u00e1m\u00edt\u00f3 elj\u00e1r\u00e1sait. Kezdetekben az ilyen betegek ell\u00e1t\u00e1sa tette ki a pulmonol\u00f3giai tev\u00e9kenys\u00e9g nagy r\u00e9sz\u00e9t, mely ma m\u00e1r ugyanakkor csak egy kisebb szeletet jelent \u2013 \u00e9rz\u00e9keltette dr. Losonczy Gy\u00f6rgy a v\u00e1ltoz\u00e1sokat, hozz\u00e1t\u00e9ve, hogy napjainkban a TBC orsz\u00e1gos szinten ritka betegs\u00e9gnek sz\u00e1m\u00edt, b\u00e1r tov\u00e1bbra is er\u0151s \u00f6sszef\u00fcgg\u00e9st mutat a szoci\u00e1lis helyzettel. Az el\u00e9rhet\u0151 gy\u00f3gyszeres kezel\u00e9ssel ugyanakkor ma m\u00e1r gy\u00f3gy\u00edthat\u00f3 betegs\u00e9gr\u0151l besz\u00e9lhet\u00fcnk.<\/p>\n<p><a href=\"https:\/\/semmelweis.hu\/hirek\/files\/2017\/12\/RS69587_RS54058_DAB_0996-scr-1.jpg\"><img loading=\"lazy\" decoding=\"async\" class=\"size-medium wp-image-69408 alignleft\" src=\"https:\/\/semmelweis.hu\/hirek\/files\/2017\/12\/RS69587_RS54058_DAB_0996-scr-1-300x200.jpg\" alt=\"\" width=\"300\" height=\"200\" srcset=\"https:\/\/semmelweis.hu\/hirek\/files\/2017\/12\/RS69587_RS54058_DAB_0996-scr-1-300x200.jpg 300w, https:\/\/semmelweis.hu\/hirek\/files\/2017\/12\/RS69587_RS54058_DAB_0996-scr-1-768x511.jpg 768w, https:\/\/semmelweis.hu\/hirek\/files\/2017\/12\/RS69587_RS54058_DAB_0996-scr-1-600x400.jpg 600w, https:\/\/semmelweis.hu\/hirek\/files\/2017\/12\/RS69587_RS54058_DAB_0996-scr-1-451x300.jpg 451w, https:\/\/semmelweis.hu\/hirek\/files\/2017\/12\/RS69587_RS54058_DAB_0996-scr-1.jpg 950w\" sizes=\"auto, (max-width: 300px) 100vw, 300px\" \/><\/a>Ahogy cs\u00f6kkent a TBC el\u0151fordul\u00e1sa, \u00fagy jelentek meg az \u00f6tvenes \u00e9vekben egyre nagyobb sz\u00e1mban a kr\u00f3nikus obstrukt\u00edv t\u00fcd\u0151betegek (COPD), aminek h\u00e1tter\u00e9ben a t\u00f6meges doh\u00e1nyz\u00e1s elterjed\u00e9se \u00e1llt. Ma 600 ezer embert \u00e9rint a COPD, az asztma pedig 300 ezret, ez a k\u00e9t leggyakoribb t\u00fcd\u0151betegs\u00e9g. Szint\u00e9n a doh\u00e1nyz\u00e1s terjed\u00e9se, valamint a k\u00f6rnyezetszennyez\u00e9s az oka annak, hogy a kezdetekben m\u00e9g ritka betegs\u00e9gnek sz\u00e1m\u00edt\u00f3 t\u00fcd\u0151r\u00e1k m\u00e1ra az egyik leggyakoribb daganatos betegs\u00e9g. Ennek ell\u00e1t\u00e1sa is a pulmonol\u00f3gi\u00e1hoz tartozik, a Pulmonol\u00f3gia Klinika t\u00fcd\u0151onkol\u00f3giai centrum is egyben. 2008 \u00f3ta itt t\u00f6rt\u00e9nik a t\u00fcd\u0151transzplant\u00e1lt betegek gondoz\u00e1sa, a sz\u00f6v\u0151dm\u00e9nyes betegek ell\u00e1t\u00e1sa is, mely rendk\u00edv\u00fcl \u00e1ldozatos munk\u00e1t ig\u00e9nyel \u2013 emelte ki az igazgat\u00f3, hozz\u00e1t\u00e9ve, hogy a t\u00fcd\u0151transzplant\u00e1ci\u00f3 hazahozatal\u00e1val, \u00e9s ez \u00e1ltal a beavatkoz\u00e1sok sz\u00e1m\u00e1nak emelked\u00e9s\u00e9vel az \u0151 feladataik is b\u0151v\u00fcltek.<\/p>\n<p>A r\u00e9gen kr\u00f3nikus szakmak\u00e9nt sz\u00e1mon tartott t\u00fcd\u0151gy\u00f3gy\u00e1szat m\u00e1ra egy akut szakm\u00e1v\u00e1 v\u00e1lt, fullad\u00f3, l\u00e9gz\u00e9si el\u00e9gtelen, szeptikus, id\u0151s, multimorbid \u00e9s immunhi\u00e1nyos betegeket l\u00e1t el \u2013 hangs\u00falyozta dr. Losonczy Gy\u00f6rgy, aki szerint a k\u00f6zelj\u00f6v\u0151 feladata, hogy a v\u00e1ltoz\u00e1sok mind a szakter\u00fclet finansz\u00edroz\u00e1s\u00e1ban, mind a t\u00fcd\u0151gy\u00f3gy\u00e1szatok elhelyezked\u00e9s\u00e9ben megjelenjenek. M\u00e9g mindig sokszor elk\u00fcl\u00f6n\u00fclten, t\u00e1voli helyeken m\u0171k\u00f6dnek a pulmonol\u00f3giai int\u00e9zetek, mik\u00f6zben a napjainkban v\u00e9gzett tev\u00e9kenys\u00e9g\u00fck m\u00e1r indokolja, hogy k\u00f6zel legyenek a t\u00f6bbi szakm\u00e1hoz, \u00edgy p\u00e9ld\u00e1ul az intenz\u00edv ter\u00e1pi\u00e1hoz.<\/p>\n<p><a href=\"https:\/\/semmelweis.hu\/hirek\/files\/2017\/12\/hunyady-j\u00f3-1.jpg\"><img loading=\"lazy\" decoding=\"async\" class=\"alignleft size-medium wp-image-69404\" src=\"https:\/\/semmelweis.hu\/hirek\/files\/2017\/12\/hunyady-j\u00f3-1-200x300.jpg\" alt=\"\" width=\"200\" height=\"300\" srcset=\"https:\/\/semmelweis.hu\/hirek\/files\/2017\/12\/hunyady-j\u00f3-1-200x300.jpg 200w, https:\/\/semmelweis.hu\/hirek\/files\/2017\/12\/hunyady-j\u00f3-1-267x400.jpg 267w, https:\/\/semmelweis.hu\/hirek\/files\/2017\/12\/hunyady-j\u00f3-1.jpg 500w\" sizes=\"auto, (max-width: 200px) 100vw, 200px\" \/><\/a>A 75 \u00e9ves \u00e9vfordul\u00f3t \u00fcnnepl\u0151 tov\u00e1bbk\u00e9pz\u00e9s megnyit\u00f3j\u00e1n dr. Losonczy Gy\u00f6rgy r\u00f6viden \u00f6sszefoglalta a klinika t\u00f6rt\u00e9net\u00e9t, majd dr. Hunyady L\u00e1szl\u00f3, az \u00c1ltal\u00e1nos Orvostudom\u00e1nyi Kar d\u00e9k\u00e1nja k\u00f6sz\u00f6nt\u00f6tte a megjelenteket. Kiemelte, hogy a Pulmonol\u00f3giai Klinika kezdetekt\u0151l tan\u00fas\u00edtott egy\u00fcttm\u0171k\u00f6d\u00e9se n\u00e9lk\u00fcl nem indulhatott volna el Magyarorsz\u00e1gon a t\u00fcd\u0151transzplant\u00e1ci\u00f3. Ezt k\u00f6vet\u0151en a d\u00e9lel\u0151tti szekci\u00f3ban az asztma \u00e9s a COPD \u00e1llt a k\u00f6zpontban, mely \u00f6sszesen csaknem egymilli\u00f3 embert \u00e9rint, e k\u00e9t betegs\u00e9g ell\u00e1t\u00e1sa jelent\u0151s r\u00e9sz\u00e9t k\u00e9pezi a klinika tev\u00e9kenys\u00e9g\u00e9nek.<\/p>\n<p>A d\u00e9lut\u00e1ni szekci\u00f3ban a szakma aktualit\u00e1sair\u00f3l volt sz\u00f3, \u00edgy p\u00e9ld\u00e1ul t\u00f6bb el\u0151ad\u00e1s \u00e9rintette a t\u00fcd\u0151r\u00e1kot, melyben az ut\u00f3bbi t\u00edz \u00e9vben hatalmas el\u0151rel\u00e9p\u00e9s t\u00f6rt\u00e9nt, mind a diagnosztika, mind a ter\u00e1pia ter\u00e9n. Sz\u00f3 esett a t\u00fcd\u0151 diff\u00faz, disszemin\u00e1lt gyullad\u00e1sos megbeteged\u00e9seir\u0151l, vagyis \u00fan. interstitialis t\u00fcd\u0151betegs\u00e9gekr\u0151l (ILD). Ez egy nehezen azonos\u00edthat\u00f3 \u00e9s kezelhet\u0151 t\u00fcd\u0151betegs\u00e9gcsoport, de itt is van el\u0151rel\u00e9p\u00e9s, melyben nagy szerepe van dr. M\u00fcller Veronika igazgat\u00f3helyettesnek, aki az orsz\u00e1gban els\u0151k\u00e9nt szervezett ILD teamet (ILD \u2013 interstitial lung disease) az onkoteamek mint\u00e1j\u00e1ra \u2013 mondta az igazgat\u00f3. Ezekben k\u00e9palkot\u00f3 szakemberek, t\u00fcd\u0151gy\u00f3gy\u00e1szok, patol\u00f3gusok egy\u00fctt d\u00f6ntik el a betegs\u00e9g besorol\u00e1s\u00e1t, kezel\u00e9si ir\u00e1ny kiv\u00e1laszt\u00e1s\u00e1t.<\/p>\n<p><a href=\"https:\/\/semmelweis.hu\/hirek\/files\/2017\/12\/RS69602_RS54084_DAB_1041-scr.jpg\"><img loading=\"lazy\" decoding=\"async\" class=\"aligncenter size-large wp-image-69405\" src=\"https:\/\/semmelweis.hu\/hirek\/files\/2017\/12\/RS69602_RS54084_DAB_1041-scr-600x400.jpg\" alt=\"\" width=\"600\" height=\"400\" srcset=\"https:\/\/semmelweis.hu\/hirek\/files\/2017\/12\/RS69602_RS54084_DAB_1041-scr-600x400.jpg 600w, https:\/\/semmelweis.hu\/hirek\/files\/2017\/12\/RS69602_RS54084_DAB_1041-scr-300x200.jpg 300w, https:\/\/semmelweis.hu\/hirek\/files\/2017\/12\/RS69602_RS54084_DAB_1041-scr-768x511.jpg 768w, https:\/\/semmelweis.hu\/hirek\/files\/2017\/12\/RS69602_RS54084_DAB_1041-scr-451x300.jpg 451w, https:\/\/semmelweis.hu\/hirek\/files\/2017\/12\/RS69602_RS54084_DAB_1041-scr.jpg 950w\" sizes=\"auto, (max-width: 600px) 100vw, 600px\" \/><\/a>Az igazgat\u00f3 a klinika 75 \u00e9ves sz\u00fclet\u00e9snapja kapcs\u00e1n kiemelte, az int\u00e9zm\u00e9ny ma a hazai t\u00fcd\u0151gy\u00f3gy\u00e1szati progressz\u00edv ell\u00e1t\u00e1s cs\u00facsa, mely 2013-ban \u2013 az orsz\u00e1gban egyed\u00fclik\u00e9nt \u2013 megkapta az Eur\u00f3pai T\u00fcd\u0151gy\u00f3gy\u00e1szati Szakk\u00e9pz\u0151 Int\u00e9zm\u00e9ny min\u0151s\u00edt\u00e9st. A min\u0151s\u00edt\u00e9s elnyer\u00e9s\u00e9ben szerepet j\u00e1tszott a klinika rendszeres tudom\u00e1nyos \u00e9s tank\u00f6nyv szerz\u0151i tev\u00e9kenys\u00e9ge is. A klinik\u00e1nak Junior Prima-d\u00edjazottja is van, dr. Bikov Andr\u00e1s 2015-ben nyerte el az elismer\u00e9st.<\/p>\n<p>Dobozi P\u00e1lma<\/p>\n<p>Fot\u00f3: Draskovics \u00c1d\u00e1m; Kov\u00e1cs Attila &#8211; Semmelweis Egyetem<\/p>\n","protected":false},"excerpt":{"rendered":"<p><a href=\"https:\/\/semmelweis.hu\/hirek\/files\/2017\/12\/RS69593_RS54068_DAB_1009-scr.jpg\"><\/a> Eg\u00e9sz napos tov\u00e1bbk\u00e9pz\u00e9ssel \u00fcnnepelte fenn\u00e1ll\u00e1s\u00e1nak 75 \u00e9ves \u00e9vfordul\u00f3j\u00e1t a Pulmonol\u00f3giai Klinika. Az orsz\u00e1g els\u0151 T\u00fcd\u0151gy\u00f3gy\u00e1szati Tansz\u00e9k\u00e9t a klinika jelenlegi \u00e9p\u00fclet\u00e9ben hozt\u00e1k l\u00e9tre 1942-ben, akkoriban m\u00e9g els\u0151sorban a TBC elleni k\u00fczdelem jegy\u00e9ben. Az eltelt h\u00e1romnegyed \u00e9vsz\u00e1zad alatt alapjaiban v\u00e1ltozott meg a t\u00fcd\u0151gy\u00f3gy\u00e1szat, \u00e9s \u00edgy a klinika feladata, a kr\u00f3nikus ell\u00e1t\u00e1st az akut kezel\u00e9sek v\u00e1ltott\u00e1k fel \u2013 &hellip;<\/p>\n","protected":false},"author":13,"featured_media":69410,"comment_status":"closed","ping_status":"closed","sticky":false,"template":"","format":"standard","meta":{"_acf_changed":false,"footnotes":""},"categories":[161,168],"tags":[2135,188],"class_list":["post-69397","post","type-post","status-publish","format-standard","has-post-thumbnail","hentry","category-tudomany","category-kiemelt","tag-megemlekezes","tag-tudomanyos-hirek-rendezvenyek"],"acf":[],"_links":{"self":[{"href":"https:\/\/semmelweis.hu\/hirek\/wp-json\/wp\/v2\/posts\/69397","targetHints":{"allow":["GET"]}}],"collection":[{"href":"https:\/\/semmelweis.hu\/hirek\/wp-json\/wp\/v2\/posts"}],"about":[{"href":"https:\/\/semmelweis.hu\/hirek\/wp-json\/wp\/v2\/types\/post"}],"author":[{"embeddable":true,"href":"https:\/\/semmelweis.hu\/hirek\/wp-json\/wp\/v2\/users\/13"}],"replies":[{"embeddable":true,"href":"https:\/\/semmelweis.hu\/hirek\/wp-json\/wp\/v2\/comments?post=69397"}],"version-history":[{"count":2,"href":"https:\/\/semmelweis.hu\/hirek\/wp-json\/wp\/v2\/posts\/69397\/revisions"}],"predecessor-version":[{"id":69409,"href":"https:\/\/semmelweis.hu\/hirek\/wp-json\/wp\/v2\/posts\/69397\/revisions\/69409"}],"wp:featuredmedia":[{"embeddable":true,"href":"https:\/\/semmelweis.hu\/hirek\/wp-json\/wp\/v2\/media\/69410"}],"wp:attachment":[{"href":"https:\/\/semmelweis.hu\/hirek\/wp-json\/wp\/v2\/media?parent=69397"}],"wp:term":[{"taxonomy":"category","embeddable":true,"href":"https:\/\/semmelweis.hu\/hirek\/wp-json\/wp\/v2\/categories?post=69397"},{"taxonomy":"post_tag","embeddable":true,"href":"https:\/\/semmelweis.hu\/hirek\/wp-json\/wp\/v2\/tags?post=69397"}],"curies":[{"name":"wp","href":"https:\/\/api.w.org\/{rel}","templated":true}]}}