{"id":69349,"date":"2017-12-07T12:23:19","date_gmt":"2017-12-07T11:23:19","guid":{"rendered":"http:\/\/semmelweis.hu\/hirek\/?p=69349"},"modified":"2018-07-25T13:54:19","modified_gmt":"2018-07-25T11:54:19","slug":"a-semmelweis-egyetem-gyermekklinikan-es-ovodaiban-is-jart-a-mikulas","status":"publish","type":"post","link":"https:\/\/semmelweis.hu\/hirek\/2017\/12\/07\/a-semmelweis-egyetem-gyermekklinikan-es-ovodaiban-is-jart-a-mikulas\/","title":{"rendered":"A Semmelweis Egyetem gyermekklinik\u00e1in \u00e9s \u00f3vod\u00e1iban is j\u00e1rt a Mikul\u00e1s"},"content":{"rendered":"<p>A hagyom\u00e1nyokhoz h\u00edven ez\u00fattal is motoron, illetve t\u0171zolt\u00f3aut\u00f3n \u00e9rkezett a T\u00e9lap\u00f3 a II. Sz. Gyermekgy\u00f3gy\u00e1szati Klinik\u00e1ra, az I. Sz. Gyermekgy\u00f3gy\u00e1szati Klinik\u00e1n t\u00f6bbnapos adventi programok zajlanak, a Pet\u0151 Andr\u00e1s Kar (PAK) Gyakorl\u00f3 \u00d3vod\u00e1j\u00e1ban pedig k\u00e9tszer is l\u00e1togat\u00e1st tett a Mikul\u00e1s.<\/p>\n<p><a href=\"https:\/\/semmelweis.hu\/hirek\/files\/2017\/12\/RS70800_DSC_0560-scr.jpg\"><img loading=\"lazy\" decoding=\"async\" class=\"alignleft wp-image-69383 size-medium\" src=\"https:\/\/semmelweis.hu\/hirek\/files\/2017\/12\/RS70800_DSC_0560-scr-300x199.jpg\" alt=\"\" width=\"300\" height=\"199\" srcset=\"https:\/\/semmelweis.hu\/hirek\/files\/2017\/12\/RS70800_DSC_0560-scr-300x199.jpg 300w, https:\/\/semmelweis.hu\/hirek\/files\/2017\/12\/RS70800_DSC_0560-scr-768x510.jpg 768w, https:\/\/semmelweis.hu\/hirek\/files\/2017\/12\/RS70800_DSC_0560-scr-600x400.jpg 600w, https:\/\/semmelweis.hu\/hirek\/files\/2017\/12\/RS70800_DSC_0560-scr-452x300.jpg 452w, https:\/\/semmelweis.hu\/hirek\/files\/2017\/12\/RS70800_DSC_0560-scr.jpg 950w\" sizes=\"auto, (max-width: 300px) 100vw, 300px\" \/><\/a>T\u00f6bb\u00e9ves hagyom\u00e1ny, hogy az Orsz\u00e1gos Katasztr\u00f3fav\u00e9delmi F\u0151igazgat\u00f3s\u00e1g Mikul\u00e1sa t\u0171zolt\u00f3aut\u00f3val l\u00e1togatja meg a II. Sz. Gyermekgy\u00f3gy\u00e1szati Klinik\u00e1t. A gyerekek id\u00e9n is felm\u00e1szhattak a t\u0171zolt\u00f3aut\u00f3ra, majd lufihajtogat\u00e1s, boh\u00f3c \u00e9s zen\u00e9s-t\u00e1ncos \u00fcnnepi m\u0171sor v\u00e1rta \u0151ket. A Mikul\u00e1s az intenz\u00edv oszt\u00e1lyon \u00e9s az onkol\u00f3gi\u00e1n is l\u00e1togat\u00e1st tett, \u00edgy a gy\u00fcm\u00f6lccsel \u00e9s \u00e9dess\u00e9ggel teli aj\u00e1nd\u00e9kcsomagok a klinika valamennyi beteg\u00e9hez eljutottak. A katasztr\u00f3fav\u00e9delem munkat\u00e1rsai emellett volumetrikus inf\u00fazi\u00f3s pump\u00e1t, f\u00fclh\u0151m\u00e9r\u0151t, l\u00e9gz\u00e9sfigyel\u0151t \u00e9s gy\u00f3gyszerporlaszt\u00f3s inhal\u00e1tort aj\u00e1nd\u00e9koztak a klinik\u00e1nak. D\u00e9lut\u00e1n a nagyobbak sz\u00e1m\u00e1ra a Delta Ment\u0151szolg\u00e1lat t\u00e1mogat\u00e1s\u00e1val zen\u00e9s \u00fcnneps\u00e9ggel k\u00e9sz\u00fcltek a szervez\u0151k, vagyis a klinika munkat\u00e1rsai, ahol Opitz Barbara \u00e9s Vincze Al\u00edz Liza l\u00e9ptek fel. Ahogy a kor\u00e1bbi \u00e9vekben, \u00fagy id\u00e9n is l\u00e1togat\u00e1st tettek a klinik\u00e1n a motoros Mikul\u00e1sok, akik szint\u00e9n \u00e9dess\u00e9ggel aj\u00e1nd\u00e9kozt\u00e1k meg a gyermekeket. A gy\u00f3gy\u00edt\u00f3 munka fontos r\u00e9sze, hogy a gyerekek \u00e9let\u00e9be egy kis vid\u00e1ms\u00e1got \u00e9s izgalmat hozzunk \u2013 mondta Aranyosi G\u00e1born\u00e9 int\u00e9zetvezet\u0151 f\u0151n\u0151v\u00e9r hozz\u00e1t\u00e9ve, a T\u00e9lap\u00f3 \u00e9rkez\u00e9se minden \u00e9vben nagy izgalom a kicsiknek, \u00e9s igyekeznek \u00fagy szervezni a napi programokat, hogy mindenki tal\u00e1lkozhasson vele.<\/p>\n<p>Az I. Sz. Gyermekgy\u00f3gy\u00e1szati Klinika is sz\u00e1mos programmal k\u00e9sz\u00fcl az adventi id\u0151szakban. A klinik\u00e1t t\u00e1mogat\u00f3 alap\u00edtv\u00e1nyok eg\u00e9sz h\u00e9ten meglepet\u00e9sekkel, k\u00e9zzel varrott pl\u00fcss\u00e1llatokkal, mikul\u00e1scsomagokkal kedveskednek a klinika betegeinek.<\/p>\n<p><a href=\"https:\/\/semmelweis.hu\/hirek\/files\/2017\/12\/DSC_4234.jpg\"><img loading=\"lazy\" decoding=\"async\" class=\"alignright wp-image-69354 size-medium\" src=\"https:\/\/semmelweis.hu\/hirek\/files\/2017\/12\/DSC_4234-300x199.jpg\" alt=\"\" width=\"300\" height=\"199\" srcset=\"https:\/\/semmelweis.hu\/hirek\/files\/2017\/12\/DSC_4234-300x199.jpg 300w, https:\/\/semmelweis.hu\/hirek\/files\/2017\/12\/DSC_4234-768x510.jpg 768w, https:\/\/semmelweis.hu\/hirek\/files\/2017\/12\/DSC_4234-600x400.jpg 600w, https:\/\/semmelweis.hu\/hirek\/files\/2017\/12\/DSC_4234-452x300.jpg 452w, https:\/\/semmelweis.hu\/hirek\/files\/2017\/12\/DSC_4234.jpg 923w\" sizes=\"auto, (max-width: 300px) 100vw, 300px\" \/><\/a>A Pet\u0151 Andr\u00e1s Kar Gyakorl\u00f3 \u00d3vod\u00e1j\u00e1ban a kondukt\u00edv \u00e9s az integr\u00e1lt csoportokban is aj\u00e1nd\u00e9kcsomagokat kaptak a gyerekek a Mikul\u00e1st\u00f3l, akit feld\u00edsz\u00edtett fali\u00fajs\u00e1ggal, k\u00f6z\u00f6s \u00e9nekl\u00e9ssel \u00e9s versmond\u00e1ssal v\u00e1rtak. Szint\u00e9n ell\u00e1togatott a motoros Mikul\u00e1s a PAK \u00f3vod\u00e1j\u00e1ba, \u00e9s \u00e9dess\u00e9gcsomagokkal aj\u00e1nd\u00e9kozta meg a gyerekeket, a b\u00e1trabbak pedig a motorra is fel\u00fclhettek.<\/p>\n<p>A Semmelweis Egyetem Napk\u00f6ziotthonos \u00d3vod\u00e1j\u00e1ban a Koltay Eszter nev\u00e9hez f\u0171z\u0151d\u0151 \u00d6KO-J\u00e1tsz\u00f3h\u00e1z sz\u00ednh\u00e1zi el\u0151ad\u00e1s\u00e1val aj\u00e1nd\u00e9kozz\u00e1k meg a gyerekeket mikul\u00e1s alkalm\u00e1b\u00f3l.<\/p>\n<p>Kiss-B\u00f3di Bernadett<br \/>\n Fot\u00f3k: Tatai Bal\u00e1zs &#8211; Pet\u0151 Andr\u00e1s Kar, I. Sz. Gyermekgy\u00f3gy\u00e1szati Klinika, II. Sz. Gyermekgy\u00f3gy\u00e1szati Klinika<\/p>\n\r\n        [slb_exclude]\r\n        <div class=\"row galeria-wrapper mx-0 h-auto\">\r\n            <div class=\"col-9 pl-0 pr-2\">\r\n            <span class=\"gallery-item frame\">\r\n\t\t\t\t<div class=\"galeria-left-img\"><a href=\"https:\/\/semmelweis.hu\/hirek\/files\/2017\/12\/DSC_4102.jpg\"><img src=https:\/\/semmelweis.hu\/hirek\/files\/2017\/12\/DSC_4102.jpg  \r\n                            alt=\"\" \r\n                            class=\"attachment-sote-gallery-big size-sote-gallery-big\" \r\n                            srcset=\"https:\/\/semmelweis.hu\/hirek\/files\/2017\/12\/DSC_4102-300x199.jpg 300w, https:\/\/semmelweis.hu\/hirek\/files\/2017\/12\/DSC_4102-768x510.jpg 768w, https:\/\/semmelweis.hu\/hirek\/files\/2017\/12\/DSC_4102-600x400.jpg 600w, https:\/\/semmelweis.hu\/hirek\/files\/2017\/12\/DSC_4102-452x300.jpg 452w, https:\/\/semmelweis.hu\/hirek\/files\/2017\/12\/DSC_4102.jpg 997w\" ><\/a><\/div>\r\n            <\/span>\r\n\r\n            <\/div>\r\n\r\n\t\t\t<div class=\"col-3 pl-0 pr-0\">\r\n\t\t\t\t<div class=\"galeria-right-img d-flex justify-content-between flex-column h-100 w-100 px-0 mx-0 \">\r\n                <div class=\"galeria-box\">\r\n\t\t\t\t\t<h3 class=\"galeria-title\">Gal\u00e9ria<\/h3>\r\n\t\t\t\t\t<div class=\"galeria-subtitle\">\r\n\r\n\t\t\t\t\t\t<div class=\"galeria-page-counter\"><span>13<\/span>k\u00e9p<\/div>\r\n                    <\/div> <\/div>\r\n                    <span class=\"gallery-item frame d-none d-md-flex\">\r\n\t\t\t\t\t<div class=\"galeria-small-img mt-0\"><a href=\"https:\/\/semmelweis.hu\/hirek\/files\/2017\/12\/DSC_4103.jpg\"><img src=https:\/\/semmelweis.hu\/hirek\/files\/2017\/12\/DSC_4103.jpg \r\n                                alt=\"\"  \r\n                                class=\"attachment-sote-gallery-small size-sote-gallery-small\" \r\n                                srcset=\"https:\/\/semmelweis.hu\/hirek\/files\/2017\/12\/DSC_4103-300x199.jpg 300w, https:\/\/semmelweis.hu\/hirek\/files\/2017\/12\/DSC_4103-768x510.jpg 768w, https:\/\/semmelweis.hu\/hirek\/files\/2017\/12\/DSC_4103-600x400.jpg 600w, https:\/\/semmelweis.hu\/hirek\/files\/2017\/12\/DSC_4103-452x300.jpg 452w, https:\/\/semmelweis.hu\/hirek\/files\/2017\/12\/DSC_4103.jpg 923w\" ><\/a><\/div>\r\n                    <\/span>\r\n                    <span class=\"gallery-item frame d-none d-md-flex\">\r\n\t\t\t\t\t<div class=\"galeria-small-img mt-0\"><a href=\"https:\/\/semmelweis.hu\/hirek\/files\/2017\/12\/DSC_4141.jpg\"><img src=https:\/\/semmelweis.hu\/hirek\/files\/2017\/12\/DSC_4141.jpg \r\n                                alt=\"\" \r\n                                class=\"attachment-sote-gallery-small size-sote-gallery-small\" \r\n                                srcset=\"https:\/\/semmelweis.hu\/hirek\/files\/2017\/12\/DSC_4141-300x199.jpg 300w, https:\/\/semmelweis.hu\/hirek\/files\/2017\/12\/DSC_4141-768x510.jpg 768w, https:\/\/semmelweis.hu\/hirek\/files\/2017\/12\/DSC_4141-600x400.jpg 600w, https:\/\/semmelweis.hu\/hirek\/files\/2017\/12\/DSC_4141-452x300.jpg 452w, https:\/\/semmelweis.hu\/hirek\/files\/2017\/12\/DSC_4141.jpg 923w\" ><\/a><\/div>\r\n                    <\/span>\r\n\r\n                <\/div>\r\n\r\n            <\/div>\r\n\r\n            <span class=\"gallery-item\"><div class=\"hidden\"><a href=\"https:\/\/semmelweis.hu\/hirek\/files\/2017\/12\/DSC_4228.jpg\">\r\n        <img src=https:\/\/semmelweis.hu\/hirek\/files\/2017\/12\/DSC_4228.jpg alt=\"\" class=\"attachment-sote-gallery-big size-sote-gallery-big\" srcset=\"https:\/\/semmelweis.hu\/hirek\/files\/2017\/12\/DSC_4228-300x199.jpg 300w, https:\/\/semmelweis.hu\/hirek\/files\/2017\/12\/DSC_4228-768x510.jpg 768w, https:\/\/semmelweis.hu\/hirek\/files\/2017\/12\/DSC_4228-600x400.jpg 600w, https:\/\/semmelweis.hu\/hirek\/files\/2017\/12\/DSC_4228-452x300.jpg 452w, https:\/\/semmelweis.hu\/hirek\/files\/2017\/12\/DSC_4228.jpg 997w\" >\r\n        <\/a><\/div><\/span><span class=\"gallery-item\"><div class=\"hidden\"><a href=\"https:\/\/semmelweis.hu\/hirek\/files\/2017\/12\/DSC_4234.jpg\">\r\n        <img src=https:\/\/semmelweis.hu\/hirek\/files\/2017\/12\/DSC_4234.jpg alt=\"\" class=\"attachment-sote-gallery-big size-sote-gallery-big\" srcset=\"https:\/\/semmelweis.hu\/hirek\/files\/2017\/12\/DSC_4234-300x199.jpg 300w, https:\/\/semmelweis.hu\/hirek\/files\/2017\/12\/DSC_4234-768x510.jpg 768w, https:\/\/semmelweis.hu\/hirek\/files\/2017\/12\/DSC_4234-600x400.jpg 600w, https:\/\/semmelweis.hu\/hirek\/files\/2017\/12\/DSC_4234-452x300.jpg 452w, https:\/\/semmelweis.hu\/hirek\/files\/2017\/12\/DSC_4234.jpg 923w\" >\r\n        <\/a><\/div><\/span><span class=\"gallery-item\"><div class=\"hidden\"><a href=\"https:\/\/semmelweis.hu\/hirek\/files\/2017\/12\/DSC_4235.jpg\">\r\n        <img src=https:\/\/semmelweis.hu\/hirek\/files\/2017\/12\/DSC_4235.jpg alt=\"\" class=\"attachment-sote-gallery-big size-sote-gallery-big\" srcset=\"https:\/\/semmelweis.hu\/hirek\/files\/2017\/12\/DSC_4235-300x199.jpg 300w, https:\/\/semmelweis.hu\/hirek\/files\/2017\/12\/DSC_4235-768x510.jpg 768w, https:\/\/semmelweis.hu\/hirek\/files\/2017\/12\/DSC_4235-600x400.jpg 600w, https:\/\/semmelweis.hu\/hirek\/files\/2017\/12\/DSC_4235-452x300.jpg 452w, https:\/\/semmelweis.hu\/hirek\/files\/2017\/12\/DSC_4235.jpg 923w\" >\r\n        <\/a><\/div><\/span><span class=\"gallery-item\"><div class=\"hidden\"><a href=\"https:\/\/semmelweis.hu\/hirek\/files\/2017\/12\/RS70809_DSC_0578-scr.jpg\">\r\n        <img src=https:\/\/semmelweis.hu\/hirek\/files\/2017\/12\/RS70809_DSC_0578-scr.jpg alt=\"\" class=\"attachment-sote-gallery-big size-sote-gallery-big\" srcset=\"https:\/\/semmelweis.hu\/hirek\/files\/2017\/12\/RS70809_DSC_0578-scr-300x199.jpg 300w, https:\/\/semmelweis.hu\/hirek\/files\/2017\/12\/RS70809_DSC_0578-scr-768x510.jpg 768w, https:\/\/semmelweis.hu\/hirek\/files\/2017\/12\/RS70809_DSC_0578-scr-600x400.jpg 600w, https:\/\/semmelweis.hu\/hirek\/files\/2017\/12\/RS70809_DSC_0578-scr-452x300.jpg 452w, https:\/\/semmelweis.hu\/hirek\/files\/2017\/12\/RS70809_DSC_0578-scr.jpg 950w\" >\r\n        <\/a><\/div><\/span><span class=\"gallery-item\"><div class=\"hidden\"><a href=\"https:\/\/semmelweis.hu\/hirek\/files\/2017\/12\/RS70815_DSC_0572-scr.jpg\">\r\n        <img src=https:\/\/semmelweis.hu\/hirek\/files\/2017\/12\/RS70815_DSC_0572-scr.jpg alt=\"\" class=\"attachment-sote-gallery-big size-sote-gallery-big\" srcset=\"https:\/\/semmelweis.hu\/hirek\/files\/2017\/12\/RS70815_DSC_0572-scr-300x199.jpg 300w, https:\/\/semmelweis.hu\/hirek\/files\/2017\/12\/RS70815_DSC_0572-scr-768x510.jpg 768w, https:\/\/semmelweis.hu\/hirek\/files\/2017\/12\/RS70815_DSC_0572-scr-600x400.jpg 600w, https:\/\/semmelweis.hu\/hirek\/files\/2017\/12\/RS70815_DSC_0572-scr-452x300.jpg 452w, https:\/\/semmelweis.hu\/hirek\/files\/2017\/12\/RS70815_DSC_0572-scr.jpg 950w\" >\r\n        <\/a><\/div><\/span><span class=\"gallery-item\"><div class=\"hidden\"><a href=\"https:\/\/semmelweis.hu\/hirek\/files\/2017\/12\/DSC_4275.jpg\">\r\n        <img src=https:\/\/semmelweis.hu\/hirek\/files\/2017\/12\/DSC_4275.jpg alt=\"\" class=\"attachment-sote-gallery-big size-sote-gallery-big\" srcset=\"https:\/\/semmelweis.hu\/hirek\/files\/2017\/12\/DSC_4275-300x199.jpg 300w, https:\/\/semmelweis.hu\/hirek\/files\/2017\/12\/DSC_4275-768x510.jpg 768w, https:\/\/semmelweis.hu\/hirek\/files\/2017\/12\/DSC_4275-600x400.jpg 600w, https:\/\/semmelweis.hu\/hirek\/files\/2017\/12\/DSC_4275-452x300.jpg 452w, https:\/\/semmelweis.hu\/hirek\/files\/2017\/12\/DSC_4275.jpg 997w\" >\r\n        <\/a><\/div><\/span><span class=\"gallery-item\"><div class=\"hidden\"><a href=\"https:\/\/semmelweis.hu\/hirek\/files\/2017\/12\/DSC_4269.jpg\">\r\n        <img src=https:\/\/semmelweis.hu\/hirek\/files\/2017\/12\/DSC_4269.jpg alt=\"\" class=\"attachment-sote-gallery-big size-sote-gallery-big\" srcset=\"https:\/\/semmelweis.hu\/hirek\/files\/2017\/12\/DSC_4269-300x199.jpg 300w, https:\/\/semmelweis.hu\/hirek\/files\/2017\/12\/DSC_4269-768x510.jpg 768w, https:\/\/semmelweis.hu\/hirek\/files\/2017\/12\/DSC_4269-600x400.jpg 600w, https:\/\/semmelweis.hu\/hirek\/files\/2017\/12\/DSC_4269-452x300.jpg 452w, https:\/\/semmelweis.hu\/hirek\/files\/2017\/12\/DSC_4269.jpg 923w\" >\r\n        <\/a><\/div><\/span><span class=\"gallery-item\"><div class=\"hidden\"><a href=\"https:\/\/semmelweis.hu\/hirek\/files\/2017\/12\/DSC_4250.jpg\">\r\n        <img src=https:\/\/semmelweis.hu\/hirek\/files\/2017\/12\/DSC_4250.jpg alt=\"\" class=\"attachment-sote-gallery-big size-sote-gallery-big\" srcset=\"https:\/\/semmelweis.hu\/hirek\/files\/2017\/12\/DSC_4250-300x199.jpg 300w, https:\/\/semmelweis.hu\/hirek\/files\/2017\/12\/DSC_4250-768x510.jpg 768w, https:\/\/semmelweis.hu\/hirek\/files\/2017\/12\/DSC_4250-600x400.jpg 600w, https:\/\/semmelweis.hu\/hirek\/files\/2017\/12\/DSC_4250-452x300.jpg 452w, https:\/\/semmelweis.hu\/hirek\/files\/2017\/12\/DSC_4250.jpg 923w\" >\r\n        <\/a><\/div><\/span><span class=\"gallery-item\"><div class=\"hidden\"><a href=\"https:\/\/semmelweis.hu\/hirek\/files\/2017\/12\/24774913_1757499630934967_7104917530958383100_n.jpg\">\r\n        <img src=https:\/\/semmelweis.hu\/hirek\/files\/2017\/12\/24774913_1757499630934967_7104917530958383100_n.jpg alt=\"\" class=\"attachment-sote-gallery-big size-sote-gallery-big\" srcset=\"https:\/\/semmelweis.hu\/hirek\/files\/2017\/12\/24774913_1757499630934967_7104917530958383100_n-300x200.jpg 300w, https:\/\/semmelweis.hu\/hirek\/files\/2017\/12\/24774913_1757499630934967_7104917530958383100_n-768x512.jpg 768w, https:\/\/semmelweis.hu\/hirek\/files\/2017\/12\/24774913_1757499630934967_7104917530958383100_n-600x400.jpg 600w, https:\/\/semmelweis.hu\/hirek\/files\/2017\/12\/24774913_1757499630934967_7104917530958383100_n-450x300.jpg 450w, https:\/\/semmelweis.hu\/hirek\/files\/2017\/12\/24774913_1757499630934967_7104917530958383100_n.jpg 960w\" >\r\n        <\/a><\/div><\/span><span class=\"gallery-item\"><div class=\"hidden\"><a href=\"https:\/\/semmelweis.hu\/hirek\/files\/2017\/12\/24796485_1757499147601682_4413538675060736623_n.jpg\">\r\n        <img src=https:\/\/semmelweis.hu\/hirek\/files\/2017\/12\/24796485_1757499147601682_4413538675060736623_n.jpg alt=\"\" class=\"attachment-sote-gallery-big size-sote-gallery-big\" srcset=\"https:\/\/semmelweis.hu\/hirek\/files\/2017\/12\/24796485_1757499147601682_4413538675060736623_n-300x200.jpg 300w, https:\/\/semmelweis.hu\/hirek\/files\/2017\/12\/24796485_1757499147601682_4413538675060736623_n-768x512.jpg 768w, https:\/\/semmelweis.hu\/hirek\/files\/2017\/12\/24796485_1757499147601682_4413538675060736623_n-600x400.jpg 600w, https:\/\/semmelweis.hu\/hirek\/files\/2017\/12\/24796485_1757499147601682_4413538675060736623_n-450x300.jpg 450w, https:\/\/semmelweis.hu\/hirek\/files\/2017\/12\/24796485_1757499147601682_4413538675060736623_n.jpg 960w\" >\r\n        <\/a><\/div><\/span>\r\n            <\/div>\r\n\r\n            [\/slb_exclude]\r\n\t\n","protected":false},"excerpt":{"rendered":"<p>A hagyom\u00e1nyokhoz h\u00edven ez\u00fattal is motoron, illetve t\u0171zolt\u00f3aut\u00f3n \u00e9rkezett a T\u00e9lap\u00f3 a II. Sz. Gyermekgy\u00f3gy\u00e1szati Klinik\u00e1ra, az I. Sz. Gyermekgy\u00f3gy\u00e1szati Klinik\u00e1n t\u00f6bbnapos adventi programok zajlanak, a Pet\u0151 Andr\u00e1s Kar (PAK) Gyakorl\u00f3 \u00d3vod\u00e1j\u00e1ban pedig k\u00e9tszer is l\u00e1togat\u00e1st tett a Mikul\u00e1s. <a href=\"https:\/\/semmelweis.hu\/hirek\/files\/2017\/12\/RS70800_DSC_0560-scr.jpg\"><\/a> T\u00f6bb\u00e9ves hagyom\u00e1ny, hogy az Orsz\u00e1gos Katasztr\u00f3fav\u00e9delmi F\u0151igazgat\u00f3s\u00e1g Mikul\u00e1sa t\u0171zolt\u00f3aut\u00f3val l\u00e1togatja meg a II. Sz. Gyermekgy\u00f3gy\u00e1szati Klinik\u00e1t. &hellip;<\/p>\n","protected":false},"author":101282,"featured_media":69385,"comment_status":"closed","ping_status":"closed","sticky":false,"template":"","format":"standard","meta":{"_acf_changed":false,"footnotes":""},"categories":[157,168],"tags":[345,2569],"class_list":["post-69349","post","type-post","status-publish","format-standard","has-post-thumbnail","hentry","category-semmelweis-vilag","category-kiemelt","tag-esemenyek-es-beszamolok","tag-galeria"],"acf":[],"_links":{"self":[{"href":"https:\/\/semmelweis.hu\/hirek\/wp-json\/wp\/v2\/posts\/69349","targetHints":{"allow":["GET"]}}],"collection":[{"href":"https:\/\/semmelweis.hu\/hirek\/wp-json\/wp\/v2\/posts"}],"about":[{"href":"https:\/\/semmelweis.hu\/hirek\/wp-json\/wp\/v2\/types\/post"}],"author":[{"embeddable":true,"href":"https:\/\/semmelweis.hu\/hirek\/wp-json\/wp\/v2\/users\/101282"}],"replies":[{"embeddable":true,"href":"https:\/\/semmelweis.hu\/hirek\/wp-json\/wp\/v2\/comments?post=69349"}],"version-history":[{"count":10,"href":"https:\/\/semmelweis.hu\/hirek\/wp-json\/wp\/v2\/posts\/69349\/revisions"}],"predecessor-version":[{"id":69392,"href":"https:\/\/semmelweis.hu\/hirek\/wp-json\/wp\/v2\/posts\/69349\/revisions\/69392"}],"wp:featuredmedia":[{"embeddable":true,"href":"https:\/\/semmelweis.hu\/hirek\/wp-json\/wp\/v2\/media\/69385"}],"wp:attachment":[{"href":"https:\/\/semmelweis.hu\/hirek\/wp-json\/wp\/v2\/media?parent=69349"}],"wp:term":[{"taxonomy":"category","embeddable":true,"href":"https:\/\/semmelweis.hu\/hirek\/wp-json\/wp\/v2\/categories?post=69349"},{"taxonomy":"post_tag","embeddable":true,"href":"https:\/\/semmelweis.hu\/hirek\/wp-json\/wp\/v2\/tags?post=69349"}],"curies":[{"name":"wp","href":"https:\/\/api.w.org\/{rel}","templated":true}]}}