{"id":69254,"date":"2017-12-04T13:02:09","date_gmt":"2017-12-04T12:02:09","guid":{"rendered":"http:\/\/semmelweis.hu\/hirek\/?p=69254"},"modified":"2019-04-08T15:40:01","modified_gmt":"2019-04-08T13:40:01","slug":"beszamolo-a-szenatus-novemberi-uleserol-2","status":"publish","type":"post","link":"https:\/\/semmelweis.hu\/hirek\/2017\/12\/04\/beszamolo-a-szenatus-novemberi-uleserol-2\/","title":{"rendered":"Besz\u00e1mol\u00f3 a Szen\u00e1tus novemberi \u00fcl\u00e9s\u00e9r\u0151l"},"content":{"rendered":"<p>Elfogadta a Szen\u00e1tus az egyetem \u00faj, korszer\u0171bb Etikai K\u00f3dex\u00e9t, mely az \u00e9rintett etikai szab\u00e1lyok k\u00f6r\u00e9t tekintve \u00e9rdemben nem v\u00e1ltozott, ugyanakkor meg\u00fajul egyebek mellett az etikai panaszok elb\u00edr\u00e1l\u00e1s\u00e1nak menete. A Szervezeti \u00e9s M\u0171k\u00f6d\u00e9si Szab\u00e1lyzat (SZMSZ) t\u00f6bb rendelkez\u00e9s\u00e9nek m\u00f3dos\u00edt\u00e1s\u00e1r\u00f3l is hat\u00e1rozott a test\u00fclet, melyek \u00e9rintik a szen\u00e1tusi jegyz\u0151k\u00f6nyvekkel kapcsolatos szab\u00e1lyokat is. D\u00f6nt\u00f6ttek a 2018-as Semmelweis Symposium rendez\u00e9si jog\u00e1r\u00f3l, tov\u00e1bb\u00e1 szab\u00e1lyozt\u00e1k a k\u00e9t \u00e9ven bel\u00fcl PhD-fokozatot szerz\u0151k t\u00e9mavezet\u0151i akkredit\u00e1ci\u00f3j\u00e1t.<\/p>\n<p>A SZMSZ egyes rendelkez\u00e9seinek els\u0151sorban technikai jelleg\u0171 m\u00f3dos\u00edt\u00e1s\u00e1r\u00f3l d\u00f6nt\u00f6tt a test\u00fclet. Az ezzel kapcsolatos el\u0151terjeszt\u00e9s tartalmazta egyebek mellett a szervezeti \u00fcgyrend, szervezeti \u00e9s m\u0171k\u00f6d\u00e9si rend, valamint az \u00fcgyrend fogalm\u00e1nak egys\u00e9ges\u00edt\u00e9s\u00e9t az SZMSZ-ben, tov\u00e1bb\u00e1 a D\u00e9k\u00e1ni Hivatal \u00e9s a Doktori Iskola Hivatala jog\u00e1ll\u00e1s\u00e1nak meghat\u00e1roz\u00e1s\u00e1t. A m\u00f3dos\u00edt\u00e1sok \u00e9rintik a szab\u00e1lyzat szen\u00e1tusi jegyz\u0151k\u00f6nyvekre vonatkoz\u00f3 r\u00e9sz\u00e9t. Mint azt az el\u0151terjeszt\u0151, dr. Kov\u00e1cs Zsolt jogi f\u0151igazgat\u00f3 hangs\u00falyozta: deklar\u00e1ltan beker\u00fclt, hogy az egyetemi polg\u00e1rok sz\u00e1m\u00e1ra nem korl\u00e1tozhat\u00f3 a jegyz\u0151k\u00f6nyvekhez \u00e9s hangfelv\u00e9telekhez val\u00f3 hozz\u00e1f\u00e9r\u00e9s. A szen\u00e1torok d\u00f6nt\u00f6ttek arr\u00f3l is, hogy az \u00fcl\u00e9sekr\u0151l k\u00e9sz\u00fclt hangfelv\u00e9teleket meg kell \u0151rizni, mivel azok az egyetem t\u00f6rt\u00e9net\u00e9nek r\u00e9sz\u00e9t k\u00e9pezik. Pontos\u00edtott\u00e1k, hogy a jegyz\u0151k\u00f6nyvbe a legfontosabb objekt\u00edv inform\u00e1ci\u00f3k ker\u00fclnek be. Elfogadta a test\u00fclet azt a javaslatot, hogy a K\u00fclf\u00f6ldi Hallgat\u00f3k Titk\u00e1rs\u00e1g\u00e1nak vezet\u00e9se igazgat\u00f3helyettesi beoszt\u00e1ssal eg\u00e9sz\u00fcl ki, a Szervezeti \u00e9s M\u0171k\u00f6d\u00e9si Rendben (SZMR) is r\u00f6gz\u00edtett m\u00f3don.<\/p>\n<p>M\u00f3dos\u00edtott\u00e1k az SZMSZ hallgat\u00f3i jogorvoslati elj\u00e1r\u00e1s rendj\u00e9r\u0151l sz\u00f3l\u00f3 rendelkez\u00e9seit is annak \u00e9rdek\u00e9ben, hogy biztos\u00edts\u00e1k a Pet\u0151 Andr\u00e1s Kar (PAK) k\u00e9pviselet\u00e9t a Fel\u00fclb\u00edr\u00e1lati Bizotts\u00e1gban, \u00e9s megt\u00f6rt\u00e9nt a PAK \u00e1ltal deleg\u00e1lt \u00faj eseti tagok megv\u00e1laszt\u00e1sa is. Az elfogadott el\u0151terjeszt\u00e9s rendelkezik arr\u00f3l is, hogy a bizotts\u00e1gi tags\u00e1ga megsz\u0171nik annak, aki k\u00e9t alkalommal nem vesz r\u00e9szt az \u00fcl\u00e9sen.<\/p>\n<p>D\u00f6nt\u00f6ttek a Doktori Szab\u00e1lyzat, valamint \u201eA 2016. szeptember 1. napj\u00e1t k\u00f6vet\u0151en megkezdett doktori k\u00e9pz\u00e9s \u00e9s fokozatszerz\u00e9si elj\u00e1r\u00e1s szab\u00e1lyai\u201d egyes rendelkez\u00e9s\u00e9nek m\u00f3dos\u00edt\u00e1s\u00e1r\u00f3l a k\u00e9t \u00e9ven bel\u00fcl PhD-fokozatot szerz\u0151k t\u00e9mavezet\u0151i akkredit\u00e1ci\u00f3j\u00e1nak szab\u00e1lyoz\u00e1sa \u00e9rdek\u00e9ben. T\u00e1mogatta a test\u00fclet T\u00f6lgyesi-Lov\u00e1sz Krisztina p\u00e1ly\u00e1zat\u00e1t a Doktori Iskola hivatalvezet\u0151i megb\u00edz\u00e1s\u00e1ra.<\/p>\n<p>Napirendre ker\u00fclt a k\u00f6vetkez\u0151 \u00e9vi Semmelweis Symposium megrendez\u00e9si jog\u00e1nak oda\u00edt\u00e9l\u00e9se. A Szen\u00e1tus t\u00e1mogatta dr. Lakatos P\u00e9ter, az I. Sz. Belgy\u00f3gy\u00e1szati Klinika egyetemi tan\u00e1r\u00e1nak p\u00e1ly\u00e1zat\u00e1t, \u00edgy a j\u00f6v\u0151 \u00e9vi szimp\u00f3zium t\u00e9m\u00e1ja a szem\u00e9lyre szabott medicina \u00faj kih\u00edv\u00e1sai lesznek a prenat\u00e1lis tesztekt\u0151l a c\u00e9lzott tumorter\u00e1pi\u00e1ig.<\/p>\n<p>Elfogadt\u00e1k az egyetem eg\u00e9sz\u00e9re kiterjed\u0151 hat\u00e1sk\u00f6rrel rendelkez\u0151 \u00e1lland\u00f3 bizotts\u00e1gok munk\u00e1j\u00e1r\u00f3l sz\u00f3l\u00f3 \u00edr\u00e1sos besz\u00e1mol\u00f3kat, valamint az \u00f6sszegyetemi \u00e9s a kari \u00e1lland\u00f3 bizotts\u00e1gok \u00fcgyrendj\u00e9nek egys\u00e9ges szerkezet\u0171 mintatervezet\u00e9t.<\/p>\n<p>Elfogadta a Szen\u00e1tus a Heilongjiang K\u00ednai Orvostudom\u00e1nyi Egyetem sz\u00e9khelyen k\u00edv\u00fcli hagyom\u00e1nyos k\u00ednai orvosl\u00e1s BSc k\u00e9pz\u00e9s MAB akkredit\u00e1ci\u00f3s anyag\u00e1t, \u00e9s ennek megfelel\u0151en elrendelte az akkredit\u00e1ci\u00f3s v\u00e9lem\u00e9ny beszerz\u00e9s\u00e9hez sz\u00fcks\u00e9ges elj\u00e1r\u00e1s megind\u00edt\u00e1s\u00e1t. Az el\u0151terjeszt\u0151, dr. Nagy Zolt\u00e1n Zsolt, az Eg\u00e9szs\u00e9gtudom\u00e1nyi Kar d\u00e9k\u00e1nja elmondta: a k\u00e9pz\u00e9s kor\u00e1bban kiadott m\u0171k\u00f6d\u00e9si enged\u00e9ly\u00e9nek jogszab\u00e1ly szerinti, \u00f6t\u00e9venk\u00e9nt esed\u00e9kes fel\u00fclvizsg\u00e1lata van folyamatban, ennek keret\u00e9ben sz\u00fcks\u00e9ges az Oktat\u00e1si Hivatal el\u0151\u00edr\u00e1sa szerint a Magyar Fels\u0151oktat\u00e1si Akkredit\u00e1ci\u00f3s Bizotts\u00e1g v\u00e9lem\u00e9ny\u00e9nek kik\u00e9r\u00e9se.<\/p>\n<p>Hat\u00e1roztak a szen\u00e1torok az Eg\u00e9szs\u00e9gtudom\u00e1nyi Karon m\u0171k\u00f6d\u0151 bizotts\u00e1gok szem\u00e9lyi \u00f6sszet\u00e9tel\u00e9nek m\u00f3dos\u00edt\u00e1s\u00e1r\u00f3l, valamint a PAK \u00e1ltal az egyetemi Es\u00e9lyegyenl\u0151s\u00e9gi Bizotts\u00e1gba deleg\u00e1lt tagok megv\u00e1laszt\u00e1s\u00e1r\u00f3l.<\/p>\n<p>Elfogadta a Szen\u00e1tus az \u00faj, kor\u00e1bbin\u00e1l korszer\u0171bb, a bels\u0151 szab\u00e1lyz\u00f3kkal \u00e9s hat\u00e1lyos jogszab\u00e1lyokkal \u00f6sszhangban \u00e1ll\u00f3 Etikai K\u00f3dexet, mely ugyanakkor szakmai tartalm\u00e1ban, vagyis az \u00e9rintett etikai szab\u00e1lyok tekintet\u00e9ben \u00e9rdemi v\u00e1ltoz\u00e1st nem tartalmaz. V\u00e1ltozott ugyanakkor az etikai panaszok elb\u00edr\u00e1l\u00e1s\u00e1ra jogosult f\u00f3rumrendszer: az Egyetemi Etikai Bizotts\u00e1g hallgat\u00f3i \u00fcgyekben fellebviteli f\u00f3rumk\u00e9nt, egy\u00e9bk\u00e9nt, nem hallgat\u00f3k \u00e1ltal elk\u00f6vetett etikai v\u00e9ts\u00e9g gyan\u00faja eset\u00e9n, els\u0151fok\u00fa szervk\u00e9nt j\u00e1r el. A nem hallgat\u00f3kat \u00e9rint\u0151 esetekben fellebbezni az Etikai Jogorvoslati Bizotts\u00e1ghoz lehet, melybe a rektor, a kancell\u00e1r \u00e9s a Klinikai K\u00f6zpont eln\u00f6ke deleg\u00e1l egy-egy tagot. A hallgat\u00f3i \u00fcgyekben els\u0151fokon elj\u00e1r\u00f3 Kari Etikai \u00e9s Fegyelmi Bizotts\u00e1gok \u00f6sszet\u00e9tel\u00e9t a karok hat\u00e1rozhatj\u00e1k meg. Megt\u00f6rt\u00e9nt az Etikai K\u00f3dex \u00e9s az SZMSZ szab\u00e1lyainak \u00f6sszehangol\u00e1sa is.<\/p>\n<p>Dobozi P\u00e1lma\u00a0<\/p>\n","protected":false},"excerpt":{"rendered":"<p>Elfogadta a Szen\u00e1tus az egyetem \u00faj, korszer\u0171bb Etikai K\u00f3dex\u00e9t, mely az \u00e9rintett etikai szab\u00e1lyok k\u00f6r\u00e9t tekintve \u00e9rdemben nem v\u00e1ltozott, ugyanakkor meg\u00fajul egyebek mellett az etikai panaszok elb\u00edr\u00e1l\u00e1s\u00e1nak menete. A Szervezeti \u00e9s M\u0171k\u00f6d\u00e9si Szab\u00e1lyzat (SZMSZ) t\u00f6bb rendelkez\u00e9s\u00e9nek m\u00f3dos\u00edt\u00e1s\u00e1r\u00f3l is hat\u00e1rozott a test\u00fclet, melyek \u00e9rintik a szen\u00e1tusi jegyz\u0151k\u00f6nyvekkel kapcsolatos szab\u00e1lyokat is. D\u00f6nt\u00f6ttek a 2018-as Semmelweis Symposium rendez\u00e9si jog\u00e1r\u00f3l, tov\u00e1bb\u00e1 szab\u00e1lyozt\u00e1k a k\u00e9t \u00e9ven bel\u00fcl PhD-fokozatot szerz\u0151k t\u00e9mavezet\u0151i akkredit\u00e1ci\u00f3j\u00e1t.<\/p>\n","protected":false},"author":13,"featured_media":13641,"comment_status":"closed","ping_status":"closed","sticky":false,"template":"","format":"standard","meta":{"_acf_changed":false,"footnotes":""},"categories":[157,168],"tags":[4234,345,3365,4122],"class_list":["post-69254","post","type-post","status-publish","format-standard","has-post-thumbnail","hentry","category-semmelweis-vilag","category-kiemelt","tag-aktualitasok","tag-esemenyek-es-beszamolok","tag-kancellar-hirei","tag-szenatusi-tudositas"],"acf":[],"_links":{"self":[{"href":"https:\/\/semmelweis.hu\/hirek\/wp-json\/wp\/v2\/posts\/69254","targetHints":{"allow":["GET"]}}],"collection":[{"href":"https:\/\/semmelweis.hu\/hirek\/wp-json\/wp\/v2\/posts"}],"about":[{"href":"https:\/\/semmelweis.hu\/hirek\/wp-json\/wp\/v2\/types\/post"}],"author":[{"embeddable":true,"href":"https:\/\/semmelweis.hu\/hirek\/wp-json\/wp\/v2\/users\/13"}],"replies":[{"embeddable":true,"href":"https:\/\/semmelweis.hu\/hirek\/wp-json\/wp\/v2\/comments?post=69254"}],"version-history":[{"count":2,"href":"https:\/\/semmelweis.hu\/hirek\/wp-json\/wp\/v2\/posts\/69254\/revisions"}],"predecessor-version":[{"id":69257,"href":"https:\/\/semmelweis.hu\/hirek\/wp-json\/wp\/v2\/posts\/69254\/revisions\/69257"}],"wp:featuredmedia":[{"embeddable":true,"href":"https:\/\/semmelweis.hu\/hirek\/wp-json\/wp\/v2\/media\/13641"}],"wp:attachment":[{"href":"https:\/\/semmelweis.hu\/hirek\/wp-json\/wp\/v2\/media?parent=69254"}],"wp:term":[{"taxonomy":"category","embeddable":true,"href":"https:\/\/semmelweis.hu\/hirek\/wp-json\/wp\/v2\/categories?post=69254"},{"taxonomy":"post_tag","embeddable":true,"href":"https:\/\/semmelweis.hu\/hirek\/wp-json\/wp\/v2\/tags?post=69254"}],"curies":[{"name":"wp","href":"https:\/\/api.w.org\/{rel}","templated":true}]}}