{"id":69247,"date":"2017-12-04T12:04:07","date_gmt":"2017-12-04T11:04:07","guid":{"rendered":"http:\/\/semmelweis.hu\/hirek\/?p=69247"},"modified":"2017-12-04T12:04:07","modified_gmt":"2017-12-04T11:04:07","slug":"nyilt-eszkozpalyazati-felhivas-beadasi-hatarido-2017-december-17","status":"publish","type":"post","link":"https:\/\/semmelweis.hu\/hirek\/2017\/12\/04\/nyilt-eszkozpalyazati-felhivas-beadasi-hatarido-2017-december-17\/","title":{"rendered":"Ny\u00edlt eszk\u00f6zp\u00e1ly\u00e1zati felh\u00edv\u00e1s &#8211; bead\u00e1si hat\u00e1rid\u0151 2017. december 17."},"content":{"rendered":"<p style=\"text-align: right;\"><strong>Iktat\u00e1si sz\u00e1m:103597\/KLINK\/2017<\/strong><\/p>\n<p><strong>A Klinikai K\u00f6zpont szervezet\u00e9be tartoz\u00f3, valamint eg\u00e9szs\u00e9g\u00fcgyi szolg\u00e1ltat\u00e1st ny\u00fajt\u00f3\u00a0<\/strong><strong>valamennyi szervezeti egys\u00e9g vezet\u0151je sz\u00e1m\u00e1ra<\/strong><\/p>\n<p><strong>Tisztelt Vezet\u0151 Koll\u00e9g\u00e1k!<\/strong><strong>\u00a0<\/strong><\/p>\n<p>Nagy \u00f6r\u00f6m\u00f6mre szolg\u00e1l, mely szerint t\u00e1j\u00e9koztathatom \u00d6n\u00f6ket arr\u00f3l, hogy a FINA2017 Vizes Vil\u00e1gbajnoks\u00e1g Orvosszakmai h\u00e1tter\u00e9nek biztos\u00edt\u00e1sak\u00e9nt a Semmelweis Kft. \u00e1ltal v\u00e1s\u00e1rolt orvosi eszk\u00f6z\u00f6k t\u00falnyom\u00f3 r\u00e9sz\u00e9t a Semmelweis Kft. a Semmelweis Egyetem sz\u00e1m\u00e1ra aj\u00e1nd\u00e9kozta.<\/p>\n<p>Mindezekre tekintettel, a Klinikai K\u00f6zpont Eln\u00f6ks\u00e9ge ny\u00edlt eszk\u00f6zp\u00e1ly\u00e1zatot hirdet meg &#8211; <strong><a href=\"https:\/\/semmelweis.hu\/hirek\/files\/2017\/12\/1_melleklet_eszkozlista.pdf\" target=\"_blank\" rel=\"noopener\">a csatolt eszk\u00f6zlista vonatkoz\u00e1s\u00e1ban (pdf)<\/a><\/strong> &#8211; a Semmelweis Egyetem minden eg\u00e9szs\u00e9g\u00fcgyi ell\u00e1t\u00e1sban r\u00e9szt vev\u0151 szervezeti egys\u00e9ge sz\u00e1m\u00e1ra, k\u00e9rve a maximum egy oldalas p\u00e1ly\u00e1zati anyagnak az al\u00e1bbi szempontrendszer szerinti \u00f6ssze\u00e1ll\u00edt\u00e1s\u00e1t, s\u00falyoz\u00e1s\u00e1t:<\/p>\n<ol>\n<li>\u00d6nnek h\u00e1ny munkat\u00e1rsa vett r\u00e9szt, illet\u0151leg az \u00d6n szervezeti egys\u00e9ge hogyan j\u00e1rult hozz\u00e1 a FINA2017 Vizes Vil\u00e1gbajnoks\u00e1g Orvosszakmai h\u00e1tter\u00e9nek biztos\u00edt\u00e1s\u00e1ban, biztos\u00edt\u00e1s\u00e1hoz?<\/li>\n<li>Az \u00d6n \u00e1ltal p\u00e1ly\u00e1zni k\u00edv\u00e1nt eszk\u00f6z\/eszk\u00f6z\u00f6k milyen c\u00e9lt\/c\u00e9lokat val\u00f3s\u00edtana meg\/val\u00f3s\u00edtan\u00e1nak meg Klinik\u00e1j\u00e1n\/Int\u00e9zm\u00e9ny\u00e9ben?<\/li>\n<li>Egy\u00e9b, \u00d6n \u00e1ltal fontosnak \u00edt\u00e9lt szempontok, indokok bemutat\u00e1sa a p\u00e1ly\u00e1zni k\u00edv\u00e1nt eszk\u00f6z\/eszk\u00f6z\u00f6k tekintet\u00e9ben.<\/li>\n<\/ol>\n<p>K\u00e9rem, hogy a fentieknek megfelel\u0151 anyagot <strong>2017. december 17.<\/strong> <strong>24 \u00f3r\u00e1ig<\/strong> sz\u00edveskedjenek megk\u00fcldeni r\u00e9szemre mind postai \u00faton, mind elektronikus form\u00e1tumban, az ut\u00f3bbi esetben a <a href=\"mailto:janik.csilla@semmelweis-univ.hu\">janik.csilla@semmelweis-univ.hu<\/a> \u00e9s az <a href=\"mailto:elnok.klinikaikozpont@semmelweis-univ.hu\">elnok.klinikaikozpont@semmelweis-univ.hu<\/a> e-mail c\u00edmekre.<\/p>\n<p>Budapest, 2017. november 30.<\/p>\n<p>&nbsp;<\/p>\n<p style=\"text-align: center;\">\u00dcdv\u00f6zlettel:\u00a0 \u00a0 \u00a0 \u00a0 \u00a0 \u00a0 \u00a0 \u00a0 \u00a0 \u00a0 \u00a0 \u00a0 \u00a0 \u00a0 \u00a0 \u00a0 \u00a0 \u00a0 \u00a0 \u00a0 \u00a0 \u00a0 \u00a0<\/p>\n<p style=\"text-align: center;\"><strong>prof. dr. Merkely B\u00e9la<br \/>\n<\/strong><strong>Klinikai K\u00f6zpont Eln\u00f6k<br \/>\n<\/strong><strong>FINA2017 Chief Medical Officer<\/strong><\/p>\n<ol>\n<li><a href=\"https:\/\/semmelweis.hu\/hirek\/files\/2017\/12\/1_melleklet_eszkozlista.xlsx\">sz. mell\u00e9klet &#8211; Excel eszk\u00f6zlista (xlsx)<\/a><\/li>\n<\/ol>\n","protected":false},"excerpt":{"rendered":"<p>A Klinikai K\u00f6zpont Eln\u00f6ks\u00e9ge ny\u00edlt eszk\u00f6zp\u00e1ly\u00e1zatot hirdet meg a Semmelweis Egyetem minden eg\u00e9szs\u00e9g\u00fcgyi ell\u00e1t\u00e1sban r\u00e9szt vev\u0151 szervezeti egys\u00e9ge sz\u00e1m\u00e1ra a FINA2017 Vizes Vil\u00e1gbajnoks\u00e1g Orvosszakmai h\u00e1tter\u00e9nek biztos\u00edt\u00e1sak\u00e9nt v\u00e1s\u00e1rolt orvosi eszk\u00f6z\u00f6kre. <\/p>\n","protected":false},"author":12,"featured_media":0,"comment_status":"closed","ping_status":"closed","sticky":false,"template":"","format":"standard","meta":{"_acf_changed":false,"footnotes":""},"categories":[150],"tags":[],"class_list":["post-69247","post","type-post","status-publish","format-standard","hentry","category-palyazatok"],"acf":[],"_links":{"self":[{"href":"https:\/\/semmelweis.hu\/hirek\/wp-json\/wp\/v2\/posts\/69247","targetHints":{"allow":["GET"]}}],"collection":[{"href":"https:\/\/semmelweis.hu\/hirek\/wp-json\/wp\/v2\/posts"}],"about":[{"href":"https:\/\/semmelweis.hu\/hirek\/wp-json\/wp\/v2\/types\/post"}],"author":[{"embeddable":true,"href":"https:\/\/semmelweis.hu\/hirek\/wp-json\/wp\/v2\/users\/12"}],"replies":[{"embeddable":true,"href":"https:\/\/semmelweis.hu\/hirek\/wp-json\/wp\/v2\/comments?post=69247"}],"version-history":[{"count":1,"href":"https:\/\/semmelweis.hu\/hirek\/wp-json\/wp\/v2\/posts\/69247\/revisions"}],"predecessor-version":[{"id":69251,"href":"https:\/\/semmelweis.hu\/hirek\/wp-json\/wp\/v2\/posts\/69247\/revisions\/69251"}],"wp:attachment":[{"href":"https:\/\/semmelweis.hu\/hirek\/wp-json\/wp\/v2\/media?parent=69247"}],"wp:term":[{"taxonomy":"category","embeddable":true,"href":"https:\/\/semmelweis.hu\/hirek\/wp-json\/wp\/v2\/categories?post=69247"},{"taxonomy":"post_tag","embeddable":true,"href":"https:\/\/semmelweis.hu\/hirek\/wp-json\/wp\/v2\/tags?post=69247"}],"curies":[{"name":"wp","href":"https:\/\/api.w.org\/{rel}","templated":true}]}}