{"id":68952,"date":"2017-11-29T17:20:42","date_gmt":"2017-11-29T16:20:42","guid":{"rendered":"http:\/\/semmelweis.hu\/hirek\/?p=68952"},"modified":"2017-11-29T18:27:00","modified_gmt":"2017-11-29T17:27:00","slug":"dr-szendroi-miklost-koszontottek-65-szuletesnapjan-az-ortopediai-klinikan","status":"publish","type":"post","link":"https:\/\/semmelweis.hu\/hirek\/2017\/11\/29\/dr-szendroi-miklost-koszontottek-65-szuletesnapjan-az-ortopediai-klinikan\/","title":{"rendered":"Dr. Szendr\u0151i Mikl\u00f3st k\u00f6sz\u00f6nt\u00f6tt\u00e9k 65. sz\u00fclet\u00e9snapj\u00e1n az Ortop\u00e9diai Klinik\u00e1n"},"content":{"rendered":"<p>Az Ortop\u00e9diai Klinika munkat\u00e1rsai, az \u00fcnnepelt csal\u00e1dtagjai \u00e9s a klinika m\u0171k\u00f6d\u00e9s\u00e9ben fontos szerepet j\u00e1tsz\u00f3, nem klinikai orvoskoll\u00e9g\u00e1k k\u00f6sz\u00f6nt\u00f6tt\u00e9k az int\u00e9zm\u00e9nyt az elm\u00falt 22 \u00e9vben vezet\u0151 dr. Szendr\u0151i Mikl\u00f3st 65. sz\u00fclet\u00e9snapj\u00e1n.<\/p>\n<p><a href=\"https:\/\/semmelweis.hu\/hirek\/files\/2017\/11\/RS70215_KA-20171122-IMG_3567-scr.jpg\"><img loading=\"lazy\" decoding=\"async\" class=\"aligncenter size-large wp-image-68955\" src=\"https:\/\/semmelweis.hu\/hirek\/files\/2017\/11\/RS70215_KA-20171122-IMG_3567-scr-600x400.jpg\" alt=\"\" width=\"600\" height=\"400\" srcset=\"https:\/\/semmelweis.hu\/hirek\/files\/2017\/11\/RS70215_KA-20171122-IMG_3567-scr-600x400.jpg 600w, https:\/\/semmelweis.hu\/hirek\/files\/2017\/11\/RS70215_KA-20171122-IMG_3567-scr-300x200.jpg 300w, https:\/\/semmelweis.hu\/hirek\/files\/2017\/11\/RS70215_KA-20171122-IMG_3567-scr-768x512.jpg 768w, https:\/\/semmelweis.hu\/hirek\/files\/2017\/11\/RS70215_KA-20171122-IMG_3567-scr-450x300.jpg 450w, https:\/\/semmelweis.hu\/hirek\/files\/2017\/11\/RS70215_KA-20171122-IMG_3567-scr.jpg 950w\" sizes=\"auto, (max-width: 600px) 100vw, 600px\" \/><\/a>Dr. Sz\u0151ke Gy\u00f6rgy, az \u00fcnnepelt tansz\u00e9kvezet\u0151i ut\u00f3dja m\u00e9g igazgat\u00f3helyettesk\u00e9nt tartott besz\u00e9d\u00e9ben eml\u00e9keztetett arra, hogy dr. Szendr\u0151i Mikl\u00f3s az elm\u00falt h\u00f3napokban sz\u00e1mos elismer\u00e9sben r\u00e9szes\u00fclt. Megkapta a Szen\u00e1tus d\u00f6nt\u00e9se alapj\u00e1n a Semmelweis Egyetem c\u00edmer\u00e9vel d\u00edsz\u00edtett Arany Pecs\u00e9tgy\u0171r\u0171t az egyetemi vezet\u0151i munk\u00e1ss\u00e1ga elismer\u00e9s\u00e9\u00fcl. Az Ortop\u00e9diai Klinik\u00e1n Magyarorsz\u00e1g legnagyobb csont- \u00e9s l\u00e1gyr\u00e9sztumor seb\u00e9szeti centrum\u00e1t teremtette meg, ennek elismer\u00e9s\u00e9\u00fcl megkapta a dr. Genersich Antal Alap\u00edtv\u00e1ny d\u00edj\u00e1t. Az \u00fcnneps\u00e9g el\u0151tti napokban <a href=\"https:\/\/semmelweis.hu\/hirek\/2017\/11\/22\/dr-szendroi-miklos-a-semmelweis-emlekerem-idei-dijazottja\/\" target=\"_blank\" rel=\"noopener\">\u00e1tvehette a Semmelweis Ign\u00e1c eml\u00e9k\u00e9rem \u00e9s jutalomd\u00edjat<\/a>, mellyel iskolateremt\u0151 munk\u00e1ss\u00e1g\u00e1t jutalmazta az egyetem. Ezt k\u00f6vet\u0151en dr. Sz\u0151ke Gy\u00f6rgy id\u00e9zett azokb\u00f3l a j\u00f3k\u00edv\u00e1ns\u00e1gokb\u00f3l, melyeket a professzor sz\u00fclet\u00e9snapj\u00e1ra \u00edr\u00e1sban kapott orvoskoll\u00e9g\u00e1j\u00e1t\u00f3l.<\/p>\n<p>Dr. Szendr\u0151i Mikl\u00f3st bar\u00e1ti hangv\u00e9tellel k\u00f6sz\u00f6nt\u00f6tte sz\u00e1mos megjelent koll\u00e9g\u00e1ja. Dr. Kiss J\u00e1nos klinikai szakorvos r\u00e9gi munkat\u00e1rsk\u00e9nt id\u00e9zte f\u00f6l a k\u00e9t \u00e9vtizedes szoros egy\u00fcttm\u0171k\u00f6d\u0151 munka eml\u00e9keit. Dr. Terebessy Tam\u00e1s adjunktus a fiatalabb nemzed\u00e9k nev\u00e9ben k\u00f6sz\u00f6nt\u00f6tte az \u00fcnnepeltet. Dr. Perlaky Tam\u00e1s tan\u00e1rseg\u00e9d \u00e9s dr. Bartha Lajos adjunktus r\u00e9gi fot\u00f3k bemutat\u00e1s\u00e1val eml\u00e9kezett vissza a klinikai rendezv\u00e9nyekre, mindennapokra. Mindezeket k\u00f6vett\u00e9k dr. Lakatos J\u00f3zsef nyugalmazott egyetemi docens, dr. Bond\u00e1r Attila, az Aneszteziol\u00f3giai \u00e9s Intenz\u00edv Ter\u00e1pi\u00e1s Klinika szakorvosa, valamint dr. Antal Imre egyetemi adjunktus k\u00f6sz\u00f6nt\u0151 szavai.<\/p>\n<p>V\u00e9g\u00fcl dr. Szendr\u0151i Mikl\u00f3s k\u00f6sz\u00f6netet mondott az \u00fcnneps\u00e9gen r\u00e9sztvev\u0151knek \u00e9s kiemelte, hogy a klinika elm\u00falt t\u00f6bb mint k\u00e9t \u00e9vtized\u00e9ben el\u00e9rt gy\u00f3gy\u00edt\u00f3, oktat\u00f3 \u00e9s kutat\u00f3 eredm\u00e9nyei a j\u00f3l m\u0171k\u00f6d\u0151 csapatmunk\u00e1nak k\u00f6sz\u00f6nhet\u0151ek.<\/p>\n\r\n        [slb_exclude]\r\n        <div class=\"row galeria-wrapper mx-0 h-auto\">\r\n            <div class=\"col-9 pl-0 pr-2\">\r\n            <span class=\"gallery-item frame\">\r\n\t\t\t\t<div class=\"galeria-left-img\"><a href=\"https:\/\/semmelweis.hu\/hirek\/files\/2017\/11\/RS70176_KA-20171122-IMG_3398-scr.jpg\"><img src=https:\/\/semmelweis.hu\/hirek\/files\/2017\/11\/RS70176_KA-20171122-IMG_3398-scr.jpg  \r\n                            alt=\"\" \r\n                            class=\"attachment-sote-gallery-big size-sote-gallery-big\" \r\n                            srcset=\"https:\/\/semmelweis.hu\/hirek\/files\/2017\/11\/RS70176_KA-20171122-IMG_3398-scr-300x200.jpg 300w, https:\/\/semmelweis.hu\/hirek\/files\/2017\/11\/RS70176_KA-20171122-IMG_3398-scr-768x512.jpg 768w, https:\/\/semmelweis.hu\/hirek\/files\/2017\/11\/RS70176_KA-20171122-IMG_3398-scr-600x400.jpg 600w, https:\/\/semmelweis.hu\/hirek\/files\/2017\/11\/RS70176_KA-20171122-IMG_3398-scr-450x300.jpg 450w, https:\/\/semmelweis.hu\/hirek\/files\/2017\/11\/RS70176_KA-20171122-IMG_3398-scr.jpg 950w\" ><\/a><\/div>\r\n            <\/span>\r\n\r\n            <\/div>\r\n\r\n\t\t\t<div class=\"col-3 pl-0 pr-0\">\r\n\t\t\t\t<div class=\"galeria-right-img d-flex justify-content-between flex-column h-100 w-100 px-0 mx-0 \">\r\n                <div class=\"galeria-box\">\r\n\t\t\t\t\t<h3 class=\"galeria-title\">Gal\u00e9ria<\/h3>\r\n\t\t\t\t\t<div class=\"galeria-subtitle\">\r\n\r\n\t\t\t\t\t\t<div class=\"galeria-page-counter\"><span>11<\/span>k\u00e9p<\/div>\r\n                    <\/div> <\/div>\r\n                    <span class=\"gallery-item frame d-none d-md-flex\">\r\n\t\t\t\t\t<div class=\"galeria-small-img mt-0\"><a href=\"https:\/\/semmelweis.hu\/hirek\/files\/2017\/11\/RS70184_KA-20171122-IMG_3436-scr.jpg\"><img src=https:\/\/semmelweis.hu\/hirek\/files\/2017\/11\/RS70184_KA-20171122-IMG_3436-scr.jpg \r\n                                alt=\"\"  \r\n                                class=\"attachment-sote-gallery-small size-sote-gallery-small\" \r\n                                srcset=\"https:\/\/semmelweis.hu\/hirek\/files\/2017\/11\/RS70184_KA-20171122-IMG_3436-scr-300x200.jpg 300w, https:\/\/semmelweis.hu\/hirek\/files\/2017\/11\/RS70184_KA-20171122-IMG_3436-scr-768x512.jpg 768w, https:\/\/semmelweis.hu\/hirek\/files\/2017\/11\/RS70184_KA-20171122-IMG_3436-scr-600x400.jpg 600w, https:\/\/semmelweis.hu\/hirek\/files\/2017\/11\/RS70184_KA-20171122-IMG_3436-scr-450x300.jpg 450w, https:\/\/semmelweis.hu\/hirek\/files\/2017\/11\/RS70184_KA-20171122-IMG_3436-scr.jpg 950w\" ><\/a><\/div>\r\n                    <\/span>\r\n                    <span class=\"gallery-item frame d-none d-md-flex\">\r\n\t\t\t\t\t<div class=\"galeria-small-img mt-0\"><a href=\"https:\/\/semmelweis.hu\/hirek\/files\/2017\/11\/RS70188_KA-20171122-IMG_3451-scr.jpg\"><img src=https:\/\/semmelweis.hu\/hirek\/files\/2017\/11\/RS70188_KA-20171122-IMG_3451-scr.jpg \r\n                                alt=\"\" \r\n                                class=\"attachment-sote-gallery-small size-sote-gallery-small\" \r\n                                srcset=\"https:\/\/semmelweis.hu\/hirek\/files\/2017\/11\/RS70188_KA-20171122-IMG_3451-scr-300x200.jpg 300w, https:\/\/semmelweis.hu\/hirek\/files\/2017\/11\/RS70188_KA-20171122-IMG_3451-scr-768x512.jpg 768w, https:\/\/semmelweis.hu\/hirek\/files\/2017\/11\/RS70188_KA-20171122-IMG_3451-scr-600x400.jpg 600w, https:\/\/semmelweis.hu\/hirek\/files\/2017\/11\/RS70188_KA-20171122-IMG_3451-scr-450x300.jpg 450w, https:\/\/semmelweis.hu\/hirek\/files\/2017\/11\/RS70188_KA-20171122-IMG_3451-scr.jpg 950w\" ><\/a><\/div>\r\n                    <\/span>\r\n\r\n                <\/div>\r\n\r\n            <\/div>\r\n\r\n            <span class=\"gallery-item\"><div class=\"hidden\"><a href=\"https:\/\/semmelweis.hu\/hirek\/files\/2017\/11\/RS70201_KA-20171122-IMG_3498-scr.jpg\">\r\n        <img src=https:\/\/semmelweis.hu\/hirek\/files\/2017\/11\/RS70201_KA-20171122-IMG_3498-scr.jpg alt=\"\" class=\"attachment-sote-gallery-big size-sote-gallery-big\" srcset=\"https:\/\/semmelweis.hu\/hirek\/files\/2017\/11\/RS70201_KA-20171122-IMG_3498-scr-300x200.jpg 300w, https:\/\/semmelweis.hu\/hirek\/files\/2017\/11\/RS70201_KA-20171122-IMG_3498-scr-768x512.jpg 768w, https:\/\/semmelweis.hu\/hirek\/files\/2017\/11\/RS70201_KA-20171122-IMG_3498-scr-600x400.jpg 600w, https:\/\/semmelweis.hu\/hirek\/files\/2017\/11\/RS70201_KA-20171122-IMG_3498-scr-450x300.jpg 450w, https:\/\/semmelweis.hu\/hirek\/files\/2017\/11\/RS70201_KA-20171122-IMG_3498-scr.jpg 950w\" >\r\n        <\/a><\/div><\/span><span class=\"gallery-item\"><div class=\"hidden\"><a href=\"https:\/\/semmelweis.hu\/hirek\/files\/2017\/11\/RS70197_KA-20171122-IMG_3486-scr.jpg\">\r\n        <img src=https:\/\/semmelweis.hu\/hirek\/files\/2017\/11\/RS70197_KA-20171122-IMG_3486-scr.jpg alt=\"\" class=\"attachment-sote-gallery-big size-sote-gallery-big\" srcset=\"https:\/\/semmelweis.hu\/hirek\/files\/2017\/11\/RS70197_KA-20171122-IMG_3486-scr-300x200.jpg 300w, https:\/\/semmelweis.hu\/hirek\/files\/2017\/11\/RS70197_KA-20171122-IMG_3486-scr-768x512.jpg 768w, https:\/\/semmelweis.hu\/hirek\/files\/2017\/11\/RS70197_KA-20171122-IMG_3486-scr-600x400.jpg 600w, https:\/\/semmelweis.hu\/hirek\/files\/2017\/11\/RS70197_KA-20171122-IMG_3486-scr-450x300.jpg 450w, https:\/\/semmelweis.hu\/hirek\/files\/2017\/11\/RS70197_KA-20171122-IMG_3486-scr.jpg 950w\" >\r\n        <\/a><\/div><\/span><span class=\"gallery-item\"><div class=\"hidden\"><a href=\"https:\/\/semmelweis.hu\/hirek\/files\/2017\/11\/RS70194_KA-20171122-IMG_3477-scr.jpg\">\r\n        <img src=https:\/\/semmelweis.hu\/hirek\/files\/2017\/11\/RS70194_KA-20171122-IMG_3477-scr.jpg alt=\"\" class=\"attachment-sote-gallery-big size-sote-gallery-big\" srcset=\"https:\/\/semmelweis.hu\/hirek\/files\/2017\/11\/RS70194_KA-20171122-IMG_3477-scr-300x200.jpg 300w, https:\/\/semmelweis.hu\/hirek\/files\/2017\/11\/RS70194_KA-20171122-IMG_3477-scr-768x512.jpg 768w, https:\/\/semmelweis.hu\/hirek\/files\/2017\/11\/RS70194_KA-20171122-IMG_3477-scr-600x400.jpg 600w, https:\/\/semmelweis.hu\/hirek\/files\/2017\/11\/RS70194_KA-20171122-IMG_3477-scr-450x300.jpg 450w, https:\/\/semmelweis.hu\/hirek\/files\/2017\/11\/RS70194_KA-20171122-IMG_3477-scr.jpg 950w\" >\r\n        <\/a><\/div><\/span><span class=\"gallery-item\"><div class=\"hidden\"><a href=\"https:\/\/semmelweis.hu\/hirek\/files\/2017\/11\/RS70167_KA-20171122-IMG_3363-scr.jpg\">\r\n        <img src=https:\/\/semmelweis.hu\/hirek\/files\/2017\/11\/RS70167_KA-20171122-IMG_3363-scr.jpg alt=\"\" class=\"attachment-sote-gallery-big size-sote-gallery-big\" srcset=\"https:\/\/semmelweis.hu\/hirek\/files\/2017\/11\/RS70167_KA-20171122-IMG_3363-scr-300x200.jpg 300w, https:\/\/semmelweis.hu\/hirek\/files\/2017\/11\/RS70167_KA-20171122-IMG_3363-scr-768x512.jpg 768w, https:\/\/semmelweis.hu\/hirek\/files\/2017\/11\/RS70167_KA-20171122-IMG_3363-scr-600x400.jpg 600w, https:\/\/semmelweis.hu\/hirek\/files\/2017\/11\/RS70167_KA-20171122-IMG_3363-scr-450x300.jpg 450w, https:\/\/semmelweis.hu\/hirek\/files\/2017\/11\/RS70167_KA-20171122-IMG_3363-scr.jpg 950w\" >\r\n        <\/a><\/div><\/span><span class=\"gallery-item\"><div class=\"hidden\"><a href=\"https:\/\/semmelweis.hu\/hirek\/files\/2017\/11\/RS70191_KA-20171122-IMG_3466-scr.jpg\">\r\n        <img src=https:\/\/semmelweis.hu\/hirek\/files\/2017\/11\/RS70191_KA-20171122-IMG_3466-scr.jpg alt=\"\" class=\"attachment-sote-gallery-big size-sote-gallery-big\" srcset=\"https:\/\/semmelweis.hu\/hirek\/files\/2017\/11\/RS70191_KA-20171122-IMG_3466-scr-300x200.jpg 300w, https:\/\/semmelweis.hu\/hirek\/files\/2017\/11\/RS70191_KA-20171122-IMG_3466-scr-768x512.jpg 768w, https:\/\/semmelweis.hu\/hirek\/files\/2017\/11\/RS70191_KA-20171122-IMG_3466-scr-600x400.jpg 600w, https:\/\/semmelweis.hu\/hirek\/files\/2017\/11\/RS70191_KA-20171122-IMG_3466-scr-450x300.jpg 450w, https:\/\/semmelweis.hu\/hirek\/files\/2017\/11\/RS70191_KA-20171122-IMG_3466-scr.jpg 950w\" >\r\n        <\/a><\/div><\/span><span class=\"gallery-item\"><div class=\"hidden\"><a href=\"https:\/\/semmelweis.hu\/hirek\/files\/2017\/11\/RS70220_KA-20171122-IMG_3580-scr.jpg\">\r\n        <img src=https:\/\/semmelweis.hu\/hirek\/files\/2017\/11\/RS70220_KA-20171122-IMG_3580-scr.jpg alt=\"\" class=\"attachment-sote-gallery-big size-sote-gallery-big\" srcset=\"https:\/\/semmelweis.hu\/hirek\/files\/2017\/11\/RS70220_KA-20171122-IMG_3580-scr-300x200.jpg 300w, https:\/\/semmelweis.hu\/hirek\/files\/2017\/11\/RS70220_KA-20171122-IMG_3580-scr-768x512.jpg 768w, https:\/\/semmelweis.hu\/hirek\/files\/2017\/11\/RS70220_KA-20171122-IMG_3580-scr-600x400.jpg 600w, https:\/\/semmelweis.hu\/hirek\/files\/2017\/11\/RS70220_KA-20171122-IMG_3580-scr-450x300.jpg 450w, https:\/\/semmelweis.hu\/hirek\/files\/2017\/11\/RS70220_KA-20171122-IMG_3580-scr.jpg 950w\" >\r\n        <\/a><\/div><\/span><span class=\"gallery-item\"><div class=\"hidden\"><a href=\"https:\/\/semmelweis.hu\/hirek\/files\/2017\/11\/RS70213_KA-20171122-IMG_3561-scr.jpg\">\r\n        <img src=https:\/\/semmelweis.hu\/hirek\/files\/2017\/11\/RS70213_KA-20171122-IMG_3561-scr.jpg alt=\"\" class=\"attachment-sote-gallery-big size-sote-gallery-big\" srcset=\"https:\/\/semmelweis.hu\/hirek\/files\/2017\/11\/RS70213_KA-20171122-IMG_3561-scr-300x200.jpg 300w, https:\/\/semmelweis.hu\/hirek\/files\/2017\/11\/RS70213_KA-20171122-IMG_3561-scr-768x512.jpg 768w, https:\/\/semmelweis.hu\/hirek\/files\/2017\/11\/RS70213_KA-20171122-IMG_3561-scr-600x400.jpg 600w, https:\/\/semmelweis.hu\/hirek\/files\/2017\/11\/RS70213_KA-20171122-IMG_3561-scr-450x300.jpg 450w, https:\/\/semmelweis.hu\/hirek\/files\/2017\/11\/RS70213_KA-20171122-IMG_3561-scr.jpg 950w\" >\r\n        <\/a><\/div><\/span><span class=\"gallery-item\"><div class=\"hidden\"><a href=\"https:\/\/semmelweis.hu\/hirek\/files\/2017\/11\/RS70173_KA-20171122-IMG_3380-scr.jpg\">\r\n        <img src=https:\/\/semmelweis.hu\/hirek\/files\/2017\/11\/RS70173_KA-20171122-IMG_3380-scr.jpg alt=\"\" class=\"attachment-sote-gallery-big size-sote-gallery-big\" srcset=\"https:\/\/semmelweis.hu\/hirek\/files\/2017\/11\/RS70173_KA-20171122-IMG_3380-scr-300x200.jpg 300w, https:\/\/semmelweis.hu\/hirek\/files\/2017\/11\/RS70173_KA-20171122-IMG_3380-scr-768x512.jpg 768w, https:\/\/semmelweis.hu\/hirek\/files\/2017\/11\/RS70173_KA-20171122-IMG_3380-scr-600x400.jpg 600w, https:\/\/semmelweis.hu\/hirek\/files\/2017\/11\/RS70173_KA-20171122-IMG_3380-scr-450x300.jpg 450w, https:\/\/semmelweis.hu\/hirek\/files\/2017\/11\/RS70173_KA-20171122-IMG_3380-scr.jpg 950w\" >\r\n        <\/a><\/div><\/span>\r\n            <\/div>\r\n\r\n            [\/slb_exclude]\r\n\t\n<p>Keresztes Eszter<br \/>\n Fot\u00f3: Kov\u00e1cs Attila &#8211; Semmelweis Egyetem<\/p>\n","protected":false},"excerpt":{"rendered":"<p>Az Ortop\u00e9diai Klinika munkat\u00e1rsai, az \u00fcnnepelt csal\u00e1dtagjai \u00e9s a klinika m\u0171k\u00f6d\u00e9s\u00e9ben fontos szerepet j\u00e1tsz\u00f3, nem klinikai orvoskoll\u00e9g\u00e1k k\u00f6sz\u00f6nt\u00f6tt\u00e9k az int\u00e9zm\u00e9nyt az elm\u00falt 22 \u00e9vben vezet\u0151 dr. Szendr\u0151i Mikl\u00f3st 65. sz\u00fclet\u00e9snapj\u00e1n. <a href=\"https:\/\/semmelweis.hu\/hirek\/files\/2017\/11\/RS70215_KA-20171122-IMG_3567-scr.jpg\"><\/a> Dr. Sz\u0151ke Gy\u00f6rgy, az \u00fcnnepelt tansz\u00e9kvezet\u0151i ut\u00f3dja m\u00e9g igazgat\u00f3helyettesk\u00e9nt tartott besz\u00e9d\u00e9ben eml\u00e9keztetett arra, hogy dr. Szendr\u0151i Mikl\u00f3s az elm\u00falt h\u00f3napokban sz\u00e1mos elismer\u00e9sben r\u00e9szes\u00fclt. Megkapta a &hellip;<\/p>\n","protected":false},"author":101132,"featured_media":68965,"comment_status":"closed","ping_status":"closed","sticky":false,"template":"","format":"standard","meta":{"_acf_changed":false,"footnotes":""},"categories":[157,168],"tags":[345,2569],"class_list":["post-68952","post","type-post","status-publish","format-standard","has-post-thumbnail","hentry","category-semmelweis-vilag","category-kiemelt","tag-esemenyek-es-beszamolok","tag-galeria"],"acf":[],"_links":{"self":[{"href":"https:\/\/semmelweis.hu\/hirek\/wp-json\/wp\/v2\/posts\/68952","targetHints":{"allow":["GET"]}}],"collection":[{"href":"https:\/\/semmelweis.hu\/hirek\/wp-json\/wp\/v2\/posts"}],"about":[{"href":"https:\/\/semmelweis.hu\/hirek\/wp-json\/wp\/v2\/types\/post"}],"author":[{"embeddable":true,"href":"https:\/\/semmelweis.hu\/hirek\/wp-json\/wp\/v2\/users\/101132"}],"replies":[{"embeddable":true,"href":"https:\/\/semmelweis.hu\/hirek\/wp-json\/wp\/v2\/comments?post=68952"}],"version-history":[{"count":5,"href":"https:\/\/semmelweis.hu\/hirek\/wp-json\/wp\/v2\/posts\/68952\/revisions"}],"predecessor-version":[{"id":69075,"href":"https:\/\/semmelweis.hu\/hirek\/wp-json\/wp\/v2\/posts\/68952\/revisions\/69075"}],"wp:featuredmedia":[{"embeddable":true,"href":"https:\/\/semmelweis.hu\/hirek\/wp-json\/wp\/v2\/media\/68965"}],"wp:attachment":[{"href":"https:\/\/semmelweis.hu\/hirek\/wp-json\/wp\/v2\/media?parent=68952"}],"wp:term":[{"taxonomy":"category","embeddable":true,"href":"https:\/\/semmelweis.hu\/hirek\/wp-json\/wp\/v2\/categories?post=68952"},{"taxonomy":"post_tag","embeddable":true,"href":"https:\/\/semmelweis.hu\/hirek\/wp-json\/wp\/v2\/tags?post=68952"}],"curies":[{"name":"wp","href":"https:\/\/api.w.org\/{rel}","templated":true}]}}