{"id":67795,"date":"2017-10-30T11:42:34","date_gmt":"2017-10-30T10:42:34","guid":{"rendered":"http:\/\/semmelweis.hu\/hirek\/?p=67795"},"modified":"2017-10-30T11:42:34","modified_gmt":"2017-10-30T10:42:34","slug":"jotekonysagi-festes-az-i-sz-gyermekgyogyaszati-klinika-javara","status":"publish","type":"post","link":"https:\/\/semmelweis.hu\/hirek\/2017\/10\/30\/jotekonysagi-festes-az-i-sz-gyermekgyogyaszati-klinika-javara\/","title":{"rendered":"J\u00f3t\u00e9konys\u00e1gi fest\u00e9s az I. Sz. Gyermekgy\u00f3gy\u00e1szati Klinika jav\u00e1ra"},"content":{"rendered":"<p>Az I. Sz. Gyermekgy\u00f3gy\u00e1szati Klinika hat oszt\u00e1ly\u00e1t festette ki egy ingatlanforgalmaz\u00f3 c\u00e9g 250 \u00f6nk\u00e9ntes munkat\u00e1rsa t\u00e1rsadalmi munk\u00e1ban. A fest\u00e9shez sz\u00fcks\u00e9ges alapanyagokat \u00e9s a takar\u00edt\u00e1st is a Duna House biztos\u00edtotta, a munk\u00e1k sor\u00e1n a betegell\u00e1t\u00e1s zavartalan volt a klinik\u00e1n<em>. <\/em><\/p>\n<p><a href=\"https:\/\/semmelweis.hu\/hirek\/files\/2017\/10\/BEL-Gasztro-szerkesztett_kicsi.jpg\"><img loading=\"lazy\" decoding=\"async\" class=\"alignright size-medium wp-image-67796\" src=\"https:\/\/semmelweis.hu\/hirek\/files\/2017\/10\/BEL-Gasztro-szerkesztett_kicsi-300x157.jpg\" alt=\"\" width=\"300\" height=\"157\" srcset=\"https:\/\/semmelweis.hu\/hirek\/files\/2017\/10\/BEL-Gasztro-szerkesztett_kicsi-300x157.jpg 300w, https:\/\/semmelweis.hu\/hirek\/files\/2017\/10\/BEL-Gasztro-szerkesztett_kicsi-768x402.jpg 768w, https:\/\/semmelweis.hu\/hirek\/files\/2017\/10\/BEL-Gasztro-szerkesztett_kicsi-600x314.jpg 600w, https:\/\/semmelweis.hu\/hirek\/files\/2017\/10\/BEL-Gasztro-szerkesztett_kicsi-573x300.jpg 573w, https:\/\/semmelweis.hu\/hirek\/files\/2017\/10\/BEL-Gasztro-szerkesztett_kicsi.jpg 1500w\" sizes=\"auto, (max-width: 300px) 100vw, 300px\" \/><\/a>A mostani egy\u00fcttm\u0171k\u00f6d\u00e9st m\u00e1r megel\u0151zte egy adom\u00e1nyoz\u00e1s a m\u00falt \u00e9v v\u00e9g\u00e9n: szint\u00e9n a c\u00e9gnek k\u00f6sz\u00f6nhet\u0151en \u00fajult meg a klinika Diabetol\u00f3giai Ambulanci\u00e1ja, csaknem 1,5 milli\u00f3 forint \u00e9rt\u00e9kben. Ezt k\u00f6vet\u0151en d\u00f6nt\u00f6tt \u00fagy a c\u00e9g, hogy folytatni szeretn\u00e9 a klinik\u00e1val kapcsolatos t\u00e1rsadalmi szerepv\u00e1llal\u00e1s\u00e1t. 2017-ben \u00f6sszesen 15 napon kereszt\u00fcl k\u00f6zel 250 \u00f6nk\u00e9ntes seg\u00edtett az oszt\u00e1lyok meg\u00faj\u00edt\u00e1s\u00e1ban.<\/p>\n<p>Dr. Szab\u00f3 Attila klinikaigazgat\u00f3 lev\u00e9lben mondott k\u00f6sz\u00f6netet a r\u00e9sztvev\u0151knek, melyben hangs\u00falyozta annak jelent\u0151s\u00e9g\u00e9t, hogy a c\u00e9g munkat\u00e1rsai szem\u00e9lyes munk\u00e1jukkal, szabadidej\u00fcket fel\u00e1ldozva tettek az\u00e9rt, hogy sz\u00e9p\u00fclj\u00f6n a klinika, a csal\u00e1dok \u00e9s a gyermekek sz\u00e1mra tiszt\u00e1bb\u00e1 \u00e9s bar\u00e1ts\u00e1gosabb\u00e1 v\u00e1ljon. Az \u00f6nk\u00e9ntes fest\u00e9ssel nemcsak a klinik\u00e1t sz\u00e9p\u00edtett\u00e9k, hanem az \u00edgy megtakar\u00edtott \u00f6sszeget is a klinika betegeinek ell\u00e1t\u00e1s\u00e1ra tudtuk ford\u00edtani \u2013 tette hozz\u00e1.<\/p>\n<p>A csaknem 180 \u00e9ve alap\u00edtott klinika \u00e9vente mintegy 55 000 j\u00e1r\u00f3beteg \u00e9s 8500 fekv\u0151beteg gyermeket l\u00e1t el.<\/p>\n<p>Forr\u00e1s: I. Sz. Gyermekgy\u00f3gy\u00e1szati Klinika<\/p>\n","protected":false},"excerpt":{"rendered":"<p>Az I. Sz. Gyermekgy\u00f3gy\u00e1szati Klinika hat oszt\u00e1ly\u00e1t festette ki egy ingatlanforgalmaz\u00f3 c\u00e9g 250 \u00f6nk\u00e9ntes munkat\u00e1rsa t\u00e1rsadalmi munk\u00e1ban. A fest\u00e9shez sz\u00fcks\u00e9ges alapanyagokat \u00e9s a takar\u00edt\u00e1st is a Duna House biztos\u00edtotta, a munk\u00e1k sor\u00e1n a betegell\u00e1t\u00e1s zavartalan volt a klinik\u00e1n. <a href=\"https:\/\/semmelweis.hu\/hirek\/files\/2017\/10\/BEL-Gasztro-szerkesztett_kicsi.jpg\"><\/a> A mostani egy\u00fcttm\u0171k\u00f6d\u00e9st m\u00e1r megel\u0151zte egy adom\u00e1nyoz\u00e1s a m\u00falt \u00e9v v\u00e9g\u00e9n: szint\u00e9n a c\u00e9gnek k\u00f6sz\u00f6nhet\u0151en \u00fajult meg &hellip;<\/p>\n","protected":false},"author":13,"featured_media":67796,"comment_status":"closed","ping_status":"closed","sticky":false,"template":"","format":"standard","meta":{"_acf_changed":false,"footnotes":""},"categories":[154],"tags":[156,3895],"class_list":["post-67795","post","type-post","status-publish","format-standard","has-post-thumbnail","hentry","category-egeszseg","tag-gyogyitas","tag-jotekonysag"],"acf":[],"_links":{"self":[{"href":"https:\/\/semmelweis.hu\/hirek\/wp-json\/wp\/v2\/posts\/67795","targetHints":{"allow":["GET"]}}],"collection":[{"href":"https:\/\/semmelweis.hu\/hirek\/wp-json\/wp\/v2\/posts"}],"about":[{"href":"https:\/\/semmelweis.hu\/hirek\/wp-json\/wp\/v2\/types\/post"}],"author":[{"embeddable":true,"href":"https:\/\/semmelweis.hu\/hirek\/wp-json\/wp\/v2\/users\/13"}],"replies":[{"embeddable":true,"href":"https:\/\/semmelweis.hu\/hirek\/wp-json\/wp\/v2\/comments?post=67795"}],"version-history":[{"count":1,"href":"https:\/\/semmelweis.hu\/hirek\/wp-json\/wp\/v2\/posts\/67795\/revisions"}],"predecessor-version":[{"id":67797,"href":"https:\/\/semmelweis.hu\/hirek\/wp-json\/wp\/v2\/posts\/67795\/revisions\/67797"}],"wp:featuredmedia":[{"embeddable":true,"href":"https:\/\/semmelweis.hu\/hirek\/wp-json\/wp\/v2\/media\/67796"}],"wp:attachment":[{"href":"https:\/\/semmelweis.hu\/hirek\/wp-json\/wp\/v2\/media?parent=67795"}],"wp:term":[{"taxonomy":"category","embeddable":true,"href":"https:\/\/semmelweis.hu\/hirek\/wp-json\/wp\/v2\/categories?post=67795"},{"taxonomy":"post_tag","embeddable":true,"href":"https:\/\/semmelweis.hu\/hirek\/wp-json\/wp\/v2\/tags?post=67795"}],"curies":[{"name":"wp","href":"https:\/\/api.w.org\/{rel}","templated":true}]}}