{"id":67765,"date":"2017-10-27T08:31:13","date_gmt":"2017-10-27T06:31:13","guid":{"rendered":"http:\/\/semmelweis.hu\/hirek\/?p=67765"},"modified":"2017-10-27T08:31:13","modified_gmt":"2017-10-27T06:31:13","slug":"iden-is-kerhetnek-ingyenes-influenza-elleni-oltast-a-semmelweis-egyetem-dolgozoi","status":"publish","type":"post","link":"https:\/\/semmelweis.hu\/hirek\/2017\/10\/27\/iden-is-kerhetnek-ingyenes-influenza-elleni-oltast-a-semmelweis-egyetem-dolgozoi\/","title":{"rendered":"Id\u00e9n is k\u00e9rhetnek ingyenes influenza elleni olt\u00e1st a Semmelweis Egyetem dolgoz\u00f3i"},"content":{"rendered":"<p>M\u00e1r k\u00e9rhetik a Semmelweis Egyetem munkat\u00e1rsai a t\u00e9r\u00edt\u00e9smentes influenza elleni olt\u00e1st ann\u00e1l a szervezeti egys\u00e9gn\u00e9l, ahol dolgoznak \u2013 t\u00e1j\u00e9koztatott dr. Antmann Katalin. A K\u00f3rh\u00e1zhigi\u00e9n\u00e9s Oszt\u00e1ly oszt\u00e1lyvezet\u0151 f\u0151orvosa hozz\u00e1tette, az \u00c1NTSZ \u00e1ltal az eg\u00e9szs\u00e9g\u00fcgyi dolgoz\u00f3k sz\u00e1m\u00e1ra biztos\u00edtott vakcin\u00e1k bead\u00e1s\u00e1t a klinik\u00e1k saj\u00e1t hat\u00e1sk\u00f6rben szervezik meg, m\u00edg az elm\u00e9leti int\u00e9zetek \u00e9s egy\u00e9b egys\u00e9gek munkat\u00e1rsai a Foglalkoz\u00e1s-Eg\u00e9szs\u00e9g\u00fcgyi Szolg\u00e1laton kereszt\u00fcl kapj\u00e1k majd meg az olt\u00e1sokat.<\/p>\n<p><img loading=\"lazy\" decoding=\"async\" class=\"alignright size-medium wp-image-67768\" src=\"https:\/\/semmelweis.hu\/hirek\/files\/2017\/10\/RS10949_KA-20110722-IMG_5259-scr-300x198.jpg\" alt=\"\" width=\"300\" height=\"198\" srcset=\"https:\/\/semmelweis.hu\/hirek\/files\/2017\/10\/RS10949_KA-20110722-IMG_5259-scr-300x198.jpg 300w, https:\/\/semmelweis.hu\/hirek\/files\/2017\/10\/RS10949_KA-20110722-IMG_5259-scr-768x507.jpg 768w, https:\/\/semmelweis.hu\/hirek\/files\/2017\/10\/RS10949_KA-20110722-IMG_5259-scr-600x396.jpg 600w, https:\/\/semmelweis.hu\/hirek\/files\/2017\/10\/RS10949_KA-20110722-IMG_5259-scr-455x300.jpg 455w, https:\/\/semmelweis.hu\/hirek\/files\/2017\/10\/RS10949_KA-20110722-IMG_5259-scr.jpg 950w\" sizes=\"auto, (max-width: 300px) 100vw, 300px\" \/>A 65 \u00e9v felettieknek, illetve a kr\u00f3nikus alapbetegs\u00e9gben szenved\u0151knek mindenk\u00e9ppen aj\u00e1nlott k\u00e9rni az olt\u00e1st \u2013 hangs\u00falyozta dr. Antmann Katalin. Az oszt\u00e1lyvezet\u0151 kit\u00e9rt r\u00e1, hogy min\u00e9l nagyobb ar\u00e1nyban r\u00e9szes\u00fcln\u00e9nek v\u00e9d\u0151olt\u00e1sban a j\u00e1r\u00f3- \u00e9s fekv\u0151beteg-ell\u00e1t\u00e1sban a betegekkel k\u00f6zvetlen\u00fcl kapcsolatba ker\u00fcl\u0151 munkat\u00e1rsak, ann\u00e1l kev\u00e9sb\u00e9 lesz es\u00e9ly arra, hogy \u00e1tvigy\u00e9k a p\u00e1ciensekre a fert\u0151z\u00e9st; emellett persze fontos szempont, hogy \u0151k maguk sem esnek ki a munk\u00e1b\u00f3l a betegs\u00e9g miatt. Hozz\u00e1tette, ugyan az \u00c1NTSZ ig\u00e9ny szerint biztos\u00edt ingyenes influenza elleni olt\u00f3anyagot az eg\u00e9szs\u00e9g\u00fcgyi dolgoz\u00f3k sz\u00e1m\u00e1ra, sajnos az \u00e9rintettek kis sz\u00e1zal\u00e9ka szokta csak k\u00e9rni, ez\u00e9rt is fontos, hogy min\u00e9l t\u00f6bben \u00e9rtes\u00fcljenek a lehet\u0151s\u00e9gr\u0151l.<\/p>\n<p>Dr. Antmann Katalin elmondta, hogy az inluenza elleni olt\u00f3anyag \u00f6sszet\u00e9tele minden \u00e9vben m\u00e1s, hiszen folyamatosan v\u00e1ltoznak az influenza v\u00edrusok. A v\u00e9detts\u00e9g a t\u00f6bbi olt\u00e1shoz hasonl\u00f3an k\u00f6r\u00fclbel\u00fcl k\u00e9t h\u00e9t alatt alakul ki. A vakcin\u00e1t az influenza j\u00e1rv\u00e1ny kit\u00f6r\u00e9s\u00e9ig \u00e9rdemes beadatni, amely jellemz\u0151en janu\u00e1r-febru\u00e1r k\u00f6rny\u00e9k\u00e9re tehet\u0151. Az oszt\u00e1lyvezet\u0151 kit\u00e9rt r\u00e1, az elm\u00falt \u00e9vtizedek tapasztalata alapj\u00e1n nem kell sz\u00e1molni k\u00fcl\u00f6n\u00f6sebb sz\u00f6v\u0151dm\u00e9nyekkel a vakcina bead\u00e1s\u00e1t k\u00f6vet\u0151en. Kiemelte, hogy lehet\u0151s\u00e9g szerint mindenki vigye mag\u00e1val az olt\u00e1si kisk\u00f6nyv\u00e9t.<\/p>\n<p>Kele T\u00edmea<br \/>\nFot\u00f3: Kov\u00e1cs Attila &#8211; Semmelweis Egyetem<\/p>\n","protected":false},"excerpt":{"rendered":"<p>M\u00e1r k\u00e9rhetik a Semmelweis Egyetem munkat\u00e1rsai a t\u00e9r\u00edt\u00e9smentes influenza elleni olt\u00e1st ann\u00e1l a szervezeti egys\u00e9gn\u00e9l, ahol dolgoznak \u2013 t\u00e1j\u00e9koztatott dr. Antmann Katalin. A K\u00f3rh\u00e1zhigi\u00e9n\u00e9s Oszt\u00e1ly oszt\u00e1lyvezet\u0151 f\u0151orvosa hozz\u00e1tette, az \u00c1NTSZ \u00e1ltal az eg\u00e9szs\u00e9g\u00fcgyi dolgoz\u00f3k sz\u00e1m\u00e1ra biztos\u00edtott vakcin\u00e1k bead\u00e1s\u00e1t a klinik\u00e1k saj\u00e1t hat\u00e1sk\u00f6rben szervezik meg, m\u00edg az elm\u00e9leti int\u00e9zetek \u00e9s egy\u00e9b egys\u00e9gek munkat\u00e1rsai a Foglalkoz\u00e1s-Eg\u00e9szs\u00e9g\u00fcgyi Szolg\u00e1laton &hellip;<\/p>\n","protected":false},"author":101026,"featured_media":67766,"comment_status":"closed","ping_status":"closed","sticky":false,"template":"","format":"standard","meta":{"_acf_changed":false,"footnotes":""},"categories":[154,168],"tags":[162],"class_list":["post-67765","post","type-post","status-publish","format-standard","has-post-thumbnail","hentry","category-egeszseg","category-kiemelt","tag-eletmod-eletmod"],"acf":[],"_links":{"self":[{"href":"https:\/\/semmelweis.hu\/hirek\/wp-json\/wp\/v2\/posts\/67765","targetHints":{"allow":["GET"]}}],"collection":[{"href":"https:\/\/semmelweis.hu\/hirek\/wp-json\/wp\/v2\/posts"}],"about":[{"href":"https:\/\/semmelweis.hu\/hirek\/wp-json\/wp\/v2\/types\/post"}],"author":[{"embeddable":true,"href":"https:\/\/semmelweis.hu\/hirek\/wp-json\/wp\/v2\/users\/101026"}],"replies":[{"embeddable":true,"href":"https:\/\/semmelweis.hu\/hirek\/wp-json\/wp\/v2\/comments?post=67765"}],"version-history":[{"count":1,"href":"https:\/\/semmelweis.hu\/hirek\/wp-json\/wp\/v2\/posts\/67765\/revisions"}],"predecessor-version":[{"id":67769,"href":"https:\/\/semmelweis.hu\/hirek\/wp-json\/wp\/v2\/posts\/67765\/revisions\/67769"}],"wp:featuredmedia":[{"embeddable":true,"href":"https:\/\/semmelweis.hu\/hirek\/wp-json\/wp\/v2\/media\/67766"}],"wp:attachment":[{"href":"https:\/\/semmelweis.hu\/hirek\/wp-json\/wp\/v2\/media?parent=67765"}],"wp:term":[{"taxonomy":"category","embeddable":true,"href":"https:\/\/semmelweis.hu\/hirek\/wp-json\/wp\/v2\/categories?post=67765"},{"taxonomy":"post_tag","embeddable":true,"href":"https:\/\/semmelweis.hu\/hirek\/wp-json\/wp\/v2\/tags?post=67765"}],"curies":[{"name":"wp","href":"https:\/\/api.w.org\/{rel}","templated":true}]}}