{"id":65007,"date":"2017-09-28T16:27:52","date_gmt":"2017-09-28T14:27:52","guid":{"rendered":"http:\/\/semmelweis.hu\/hirek\/?p=65007"},"modified":"2018-05-07T13:52:55","modified_gmt":"2018-05-07T11:52:55","slug":"mentoauto-szimulatort-adtak-at-az-egeszsegtudomanyi-karon","status":"publish","type":"post","link":"https:\/\/semmelweis.hu\/hirek\/2017\/09\/28\/mentoauto-szimulatort-adtak-at-az-egeszsegtudomanyi-karon\/","title":{"rendered":"Ment\u0151aut\u00f3-szimul\u00e1tort adtak \u00e1t az Eg\u00e9szs\u00e9gtudom\u00e1nyi Karon"},"content":{"rendered":"<p>A helysz\u00ednre vonul\u00f3 ment\u0151aut\u00f3k pontos m\u00e1s\u00e1n saj\u00e1t\u00edthatj\u00e1k el mostant\u00f3l a Semmelweis Egyetem ment\u0151tiszt hallgat\u00f3i azokat az ismereteket, amelyek a biztons\u00e1gos betegell\u00e1t\u00e1shoz n\u00e9lk\u00fcl\u00f6zhetetlenek \u2013 mondta dr. Nagy Zolt\u00e1n Zsolt, az Eg\u00e9szs\u00e9gtudom\u00e1nyi Kar d\u00e9k\u00e1nja az Oxiol\u00f3gia \u00e9s S\u00fcrg\u0151ss\u00e9gi Ell\u00e1t\u00e1s Tansz\u00e9ken, az idehaza egyed\u00fcl\u00e1ll\u00f3 ment\u0151aut\u00f3-szimul\u00e1tor \u00fcnnep\u00e9lyes \u00e1tad\u00f3j\u00e1n. Hangs\u00falyozta, itt sokszor sz\u00f3 szerint \u00e9let-hal\u00e1l k\u00e9rd\u00e9sr\u0151l van sz\u00f3, ez\u00e9rt is m\u00e9rf\u00f6ldk\u0151 a ment\u0151tisztk\u00e9pz\u00e9sben a mostani beruh\u00e1z\u00e1s, amely lehet\u0151s\u00e9get teremt az elm\u00e9letben elsaj\u00e1t\u00edtott tud\u00e1s begyakorl\u00e1s\u00e1hoz\u00a0 an\u00e9lk\u00fcl, hogy ak\u00e1r az ell\u00e1t\u00e1sra szorul\u00f3k jogai, ak\u00e1r a hallgat\u00f3k testi \u00e9s lelki \u00e9ps\u00e9ge s\u00e9r\u00fclne.<\/p>\n<p><a href=\"https:\/\/semmelweis.hu\/hirek\/files\/2017\/09\/mento11.jpg\"><img loading=\"lazy\" decoding=\"async\" class=\"alignleft wp-image-65019 size-medium\" src=\"https:\/\/semmelweis.hu\/hirek\/files\/2017\/09\/mento11-300x200.jpg\" alt=\"\" width=\"300\" height=\"200\" srcset=\"https:\/\/semmelweis.hu\/hirek\/files\/2017\/09\/mento11-300x200.jpg 300w, https:\/\/semmelweis.hu\/hirek\/files\/2017\/09\/mento11-768x512.jpg 768w, https:\/\/semmelweis.hu\/hirek\/files\/2017\/09\/mento11-600x400.jpg 600w, https:\/\/semmelweis.hu\/hirek\/files\/2017\/09\/mento11-450x300.jpg 450w, https:\/\/semmelweis.hu\/hirek\/files\/2017\/09\/mento11.jpg 950w\" sizes=\"auto, (max-width: 300px) 100vw, 300px\" \/><\/a>Levelez\u0151 tagozaton m\u00e1r a kar indul\u00e1sakor, 1975-ben elkezdt\u00e9k k\u00e9pezni a ment\u0151tiszteket, a nappalis oktat\u00e1s pedig j\u00f6v\u0151re lesz t\u00edz\u00e9ves \u2013 mondta a d\u00e9k\u00e1n kiemelve, hogy a kezdetekt\u0151l gyakorlatorient\u00e1lt megk\u00f6zel\u00edt\u00e9sre t\u00f6rekedtek, amely most egy magasabb szintre l\u00e9pett. Dr. Nagy Zolt\u00e1n Zsolt az elm\u00falt \u00e9vek fejleszt\u00e9sei k\u00f6z\u00f6tt megeml\u00edtette az ugyancsak az Erkel Gyula utc\u00e1ban \u00e1tadott speci\u00e1lis gyakorl\u00f3ar\u00e9n\u00e1t, amelyet t\u00edz \u00e9ve vehettek birtokba a hallgat\u00f3k. Kit\u00e9rt a kar egy\u00e9b beruh\u00e1z\u00e1saira, k\u00f6zt\u00fck a Vas utc\u00e1ban kialak\u00edtott szimul\u00e1ci\u00f3s bab\u00e1kkal felszerelt demonstr\u00e1ci\u00f3s laborra \u00e9s a sz\u00fcl\u00e9szeti szimul\u00e1ci\u00f3s b\u00e1bura is. A mostani beruh\u00e1z\u00e1s kapcs\u00e1n a d\u00e9k\u00e1n k\u00f6sz\u00f6net\u00e9t fejezte ki az innovat\u00edv szeml\u00e9let\u0171 oktat\u00f3knak, az egyetemnek \u00e9s a karnak. Mint mondta, az a c\u00e9l, hogy mire ter\u00fcleti gyakorlatokra mennek a hallgat\u00f3k, olyan tud\u00e1ssal rendelkezzenek, amely magabiztoss\u00e1 teszi \u0151ket az \u00e9letben val\u00f3 helyt\u00e1ll\u00e1sban.<\/p>\n<p>Dr. Kanizsai P\u00e9ter tansz\u00e9kvezet\u0151 arr\u00f3l besz\u00e9lt, hogy nemcsak a betegek biztons\u00e1ga, hanem a hallgat\u00f3k k\u00f6z\u00e9rzete is javul att\u00f3l, hogy m\u00e1r els\u0151\u00e9vesk\u00e9nt be tudnak j\u00f6nni ide gyakorolni, megtapasztalni a val\u00f3s szitu\u00e1ci\u00f3kat. Egy\u00fattal azt aj\u00e1nlotta a hallgat\u00f3knak, \u00e9ljenek a lehet\u0151s\u00e9ggel, \u00e9s t\u00f6ltsenek itt min\u00e9l t\u00f6bb id\u0151t, \u00edgy m\u00e1r azel\u0151tt jelent\u0151s gyakorlatra tehetnek szert, hogy \u00e9les ment\u00e9sben is kipr\u00f3b\u00e1ln\u00e1k magukat.<\/p>\n<p><a href=\"https:\/\/semmelweis.hu\/hirek\/files\/2017\/09\/mento9.jpg\"><img loading=\"lazy\" decoding=\"async\" class=\"aligncenter wp-image-65017 size-large\" src=\"https:\/\/semmelweis.hu\/hirek\/files\/2017\/09\/mento9-600x400.jpg\" alt=\"\" width=\"600\" height=\"400\" srcset=\"https:\/\/semmelweis.hu\/hirek\/files\/2017\/09\/mento9-600x400.jpg 600w, https:\/\/semmelweis.hu\/hirek\/files\/2017\/09\/mento9-300x200.jpg 300w, https:\/\/semmelweis.hu\/hirek\/files\/2017\/09\/mento9-768x512.jpg 768w, https:\/\/semmelweis.hu\/hirek\/files\/2017\/09\/mento9-450x300.jpg 450w, https:\/\/semmelweis.hu\/hirek\/files\/2017\/09\/mento9.jpg 950w\" sizes=\"auto, (max-width: 600px) 100vw, 600px\" \/><\/a>A Mercedes Sprinter v\u00e1zra elk\u00e9sz\u00edtett, esetell\u00e1t\u00e1sra alkalmas aut\u00f3r\u00f3l dr. Horny\u00e1k Istv\u00e1n f\u0151iskolai docens elmondta, seg\u00edts\u00e9g\u00e9vel a hallgat\u00f3k olyan k\u00e9szs\u00e9gekre tehetnek szert, amely komoly seg\u00edts\u00e9get jelent majd a k\u00e9s\u0151bbi szakmai \u00e9let\u00fck sor\u00e1n. Mint mondta, a leend\u0151 ment\u0151tisztek megszokj\u00e1k ezt a speci\u00e1lis l\u00e9gk\u00f6rt, \u00e9s m\u00e1r a tanterem falai k\u00f6z\u00f6tt elsaj\u00e1t\u00edthatj\u00e1k azokat a kompetenci\u00e1kat, amelyek elv\u00e1r\u00e1sk\u00e9nt fogalmaz\u00f3dnak majd meg vel\u00fck szemben a mindennapi munk\u00e1jukban. A ment\u0151aut\u00f3-szimul\u00e1torr\u00f3l elmondta, pontosan \u00fagy van berendezve, mint azok a j\u00e1rm\u0171vek, amelyeket a ment\u00e9s sor\u00e1n a val\u00f3s\u00e1gban is haszn\u00e1lnak, annyiban azonban speci\u00e1lis, hogy egy tanteremben kapott helyet, be van kamer\u00e1zva, \u00a0\u00edgy egy kivet\u00edt\u0151 seg\u00edts\u00e9g\u00e9vel a csoportt\u00e1rsak is figyelemmel tudj\u00e1k k\u00eds\u00e9rni, hogy mi t\u00f6rt\u00e9nik a kocsiban, \u00e9s lehet\u0151s\u00e9g ny\u00edlik a feladat v\u00e9grehajt\u00e1s\u00e1nak k\u00f6z\u00f6s ki\u00e9rt\u00e9kel\u00e9s\u00e9re is.<\/p>\n<p>Dr. Csat\u00f3 G\u00e1bor, az Orsz\u00e1gos Ment\u0151szolg\u00e1lat f\u0151igazgat\u00f3ja hangs\u00falyozta, a Semmelweis Egyetem a legnagyobb hazai k\u00e9pz\u0151hely, innen ker\u00fcl a legt\u00f6bb hallgat\u00f3 \u00e9s v\u00e9gzett ment\u0151tiszt az Orsz\u00e1gos Ment\u0151szolg\u00e1lathoz, a fejleszt\u00e9s pedig tov\u00e1bb emelheti a k\u00e9pz\u00e9s elismerts\u00e9g\u00e9t.<\/p>\n<p>Az \u00fcnnep\u00e9lyes \u00e1tad\u00f3 v\u00e9g\u00e9n szimul\u00e1ci\u00f3s oktat\u00e1si bemutat\u00f3t is tartottak, amely sor\u00e1n hallgat\u00f3k l\u00e1ttak el egy id\u0151s, mellkasi f\u00e1jdalommal \u00e9s neh\u00e9zl\u00e9gz\u00e9s panasz\u00e1val ment\u0151t h\u00edv\u00f3 beteget. A r\u00e9sztvev\u0151k kivet\u00edt\u0151k\u00f6n k\u00eds\u00e9rhett\u00e9k figyelemmel a gyakorlatot.<\/p>\n<p>Kele T\u00edmea<br \/>\n Fot\u00f3: Kov\u00e1cs Attila &#8211; Semmelweis Egyetem<\/p>\n\r\n        [slb_exclude]\r\n        <div class=\"row galeria-wrapper mx-0 h-auto\">\r\n            <div class=\"col-9 pl-0 pr-2\">\r\n            <span class=\"gallery-item frame\">\r\n\t\t\t\t<div class=\"galeria-left-img\"><a href=\"https:\/\/semmelweis.hu\/hirek\/files\/2017\/09\/mento2.jpg\"><img src=https:\/\/semmelweis.hu\/hirek\/files\/2017\/09\/mento2.jpg  \r\n                            alt=\"\" \r\n                            class=\"attachment-sote-gallery-big size-sote-gallery-big\" \r\n                            srcset=\"https:\/\/semmelweis.hu\/hirek\/files\/2017\/09\/mento2-300x200.jpg 300w, https:\/\/semmelweis.hu\/hirek\/files\/2017\/09\/mento2-768x512.jpg 768w, https:\/\/semmelweis.hu\/hirek\/files\/2017\/09\/mento2-600x400.jpg 600w, https:\/\/semmelweis.hu\/hirek\/files\/2017\/09\/mento2-450x300.jpg 450w, https:\/\/semmelweis.hu\/hirek\/files\/2017\/09\/mento2.jpg 950w\" ><\/a><\/div>\r\n            <\/span>\r\n\r\n            <\/div>\r\n\r\n\t\t\t<div class=\"col-3 pl-0 pr-0\">\r\n\t\t\t\t<div class=\"galeria-right-img d-flex justify-content-between flex-column h-100 w-100 px-0 mx-0 \">\r\n                <div class=\"galeria-box\">\r\n\t\t\t\t\t<h3 class=\"galeria-title\">Gal\u00e9ria<\/h3>\r\n\t\t\t\t\t<div class=\"galeria-subtitle\">\r\n\r\n\t\t\t\t\t\t<div class=\"galeria-page-counter\"><span>9<\/span>k\u00e9p<\/div>\r\n                    <\/div> <\/div>\r\n                    <span class=\"gallery-item frame d-none d-md-flex\">\r\n\t\t\t\t\t<div class=\"galeria-small-img mt-0\"><a href=\"https:\/\/semmelweis.hu\/hirek\/files\/2017\/09\/mento0.jpg\"><img src=https:\/\/semmelweis.hu\/hirek\/files\/2017\/09\/mento0.jpg \r\n                                alt=\"\"  \r\n                                class=\"attachment-sote-gallery-small size-sote-gallery-small\" \r\n                                srcset=\"https:\/\/semmelweis.hu\/hirek\/files\/2017\/09\/mento0-300x200.jpg 300w, https:\/\/semmelweis.hu\/hirek\/files\/2017\/09\/mento0-768x512.jpg 768w, https:\/\/semmelweis.hu\/hirek\/files\/2017\/09\/mento0-600x400.jpg 600w, https:\/\/semmelweis.hu\/hirek\/files\/2017\/09\/mento0-450x300.jpg 450w, https:\/\/semmelweis.hu\/hirek\/files\/2017\/09\/mento0.jpg 950w\" ><\/a><\/div>\r\n                    <\/span>\r\n                    <span class=\"gallery-item frame d-none d-md-flex\">\r\n\t\t\t\t\t<div class=\"galeria-small-img mt-0\"><a href=\"https:\/\/semmelweis.hu\/hirek\/files\/2017\/09\/mento5.jpg\"><img src=https:\/\/semmelweis.hu\/hirek\/files\/2017\/09\/mento5.jpg \r\n                                alt=\"\" \r\n                                class=\"attachment-sote-gallery-small size-sote-gallery-small\" \r\n                                srcset=\"https:\/\/semmelweis.hu\/hirek\/files\/2017\/09\/mento5-300x200.jpg 300w, https:\/\/semmelweis.hu\/hirek\/files\/2017\/09\/mento5-768x512.jpg 768w, https:\/\/semmelweis.hu\/hirek\/files\/2017\/09\/mento5-600x400.jpg 600w, https:\/\/semmelweis.hu\/hirek\/files\/2017\/09\/mento5-450x300.jpg 450w, https:\/\/semmelweis.hu\/hirek\/files\/2017\/09\/mento5.jpg 950w\" ><\/a><\/div>\r\n                    <\/span>\r\n\r\n                <\/div>\r\n\r\n            <\/div>\r\n\r\n            <span class=\"gallery-item\"><div class=\"hidden\"><a href=\"https:\/\/semmelweis.hu\/hirek\/files\/2017\/09\/mento6.jpg\">\r\n        <img src=https:\/\/semmelweis.hu\/hirek\/files\/2017\/09\/mento6.jpg alt=\"\" class=\"attachment-sote-gallery-big size-sote-gallery-big\" srcset=\"https:\/\/semmelweis.hu\/hirek\/files\/2017\/09\/mento6-300x200.jpg 300w, https:\/\/semmelweis.hu\/hirek\/files\/2017\/09\/mento6-768x512.jpg 768w, https:\/\/semmelweis.hu\/hirek\/files\/2017\/09\/mento6-600x400.jpg 600w, https:\/\/semmelweis.hu\/hirek\/files\/2017\/09\/mento6-450x300.jpg 450w, https:\/\/semmelweis.hu\/hirek\/files\/2017\/09\/mento6.jpg 950w\" >\r\n        <\/a><\/div><\/span><span class=\"gallery-item\"><div class=\"hidden\"><a href=\"https:\/\/semmelweis.hu\/hirek\/files\/2017\/09\/mento7.jpg\">\r\n        <img src=https:\/\/semmelweis.hu\/hirek\/files\/2017\/09\/mento7.jpg alt=\"\" class=\"attachment-sote-gallery-big size-sote-gallery-big\" srcset=\"https:\/\/semmelweis.hu\/hirek\/files\/2017\/09\/mento7-300x200.jpg 300w, https:\/\/semmelweis.hu\/hirek\/files\/2017\/09\/mento7-768x512.jpg 768w, https:\/\/semmelweis.hu\/hirek\/files\/2017\/09\/mento7-600x400.jpg 600w, https:\/\/semmelweis.hu\/hirek\/files\/2017\/09\/mento7-450x300.jpg 450w, https:\/\/semmelweis.hu\/hirek\/files\/2017\/09\/mento7.jpg 950w\" >\r\n        <\/a><\/div><\/span><span class=\"gallery-item\"><div class=\"hidden\"><a href=\"https:\/\/semmelweis.hu\/hirek\/files\/2017\/09\/mento8.jpg\">\r\n        <img src=https:\/\/semmelweis.hu\/hirek\/files\/2017\/09\/mento8.jpg alt=\"\" class=\"attachment-sote-gallery-big size-sote-gallery-big\" srcset=\"https:\/\/semmelweis.hu\/hirek\/files\/2017\/09\/mento8-300x200.jpg 300w, https:\/\/semmelweis.hu\/hirek\/files\/2017\/09\/mento8-768x512.jpg 768w, https:\/\/semmelweis.hu\/hirek\/files\/2017\/09\/mento8-600x400.jpg 600w, https:\/\/semmelweis.hu\/hirek\/files\/2017\/09\/mento8-450x300.jpg 450w, https:\/\/semmelweis.hu\/hirek\/files\/2017\/09\/mento8.jpg 950w\" >\r\n        <\/a><\/div><\/span><span class=\"gallery-item\"><div class=\"hidden\"><a href=\"https:\/\/semmelweis.hu\/hirek\/files\/2017\/09\/mento4.jpg\">\r\n        <img src=https:\/\/semmelweis.hu\/hirek\/files\/2017\/09\/mento4.jpg alt=\"\" class=\"attachment-sote-gallery-big size-sote-gallery-big\" srcset=\"https:\/\/semmelweis.hu\/hirek\/files\/2017\/09\/mento4-300x200.jpg 300w, https:\/\/semmelweis.hu\/hirek\/files\/2017\/09\/mento4-768x512.jpg 768w, https:\/\/semmelweis.hu\/hirek\/files\/2017\/09\/mento4-600x400.jpg 600w, https:\/\/semmelweis.hu\/hirek\/files\/2017\/09\/mento4-450x300.jpg 450w, https:\/\/semmelweis.hu\/hirek\/files\/2017\/09\/mento4.jpg 950w\" >\r\n        <\/a><\/div><\/span><span class=\"gallery-item\"><div class=\"hidden\"><a href=\"https:\/\/semmelweis.hu\/hirek\/files\/2017\/09\/mento1.jpg\">\r\n        <img src=https:\/\/semmelweis.hu\/hirek\/files\/2017\/09\/mento1.jpg alt=\"\" class=\"attachment-sote-gallery-big size-sote-gallery-big\" srcset=\"https:\/\/semmelweis.hu\/hirek\/files\/2017\/09\/mento1-300x200.jpg 300w, https:\/\/semmelweis.hu\/hirek\/files\/2017\/09\/mento1-768x512.jpg 768w, https:\/\/semmelweis.hu\/hirek\/files\/2017\/09\/mento1-600x400.jpg 600w, https:\/\/semmelweis.hu\/hirek\/files\/2017\/09\/mento1-450x300.jpg 450w, https:\/\/semmelweis.hu\/hirek\/files\/2017\/09\/mento1.jpg 950w\" >\r\n        <\/a><\/div><\/span><span class=\"gallery-item\"><div class=\"hidden\"><a href=\"https:\/\/semmelweis.hu\/hirek\/files\/2017\/09\/mento10.jpg\">\r\n        <img src=https:\/\/semmelweis.hu\/hirek\/files\/2017\/09\/mento10.jpg alt=\"\" class=\"attachment-sote-gallery-big size-sote-gallery-big\" srcset=\"https:\/\/semmelweis.hu\/hirek\/files\/2017\/09\/mento10-300x200.jpg 300w, https:\/\/semmelweis.hu\/hirek\/files\/2017\/09\/mento10-768x512.jpg 768w, https:\/\/semmelweis.hu\/hirek\/files\/2017\/09\/mento10-600x400.jpg 600w, https:\/\/semmelweis.hu\/hirek\/files\/2017\/09\/mento10-450x300.jpg 450w, https:\/\/semmelweis.hu\/hirek\/files\/2017\/09\/mento10.jpg 950w\" >\r\n        <\/a><\/div><\/span>\r\n            <\/div>\r\n\r\n            [\/slb_exclude]\r\n\t\n","protected":false},"excerpt":{"rendered":"<p>A helysz\u00ednre vonul\u00f3 ment\u0151aut\u00f3k pontos m\u00e1s\u00e1n saj\u00e1t\u00edthatj\u00e1k el mostant\u00f3l a Semmelweis Egyetem ment\u0151tiszt hallgat\u00f3i azokat az ismereteket, amelyek a biztons\u00e1gos betegell\u00e1t\u00e1shoz n\u00e9lk\u00fcl\u00f6zhetetlenek \u2013 mondta dr. Nagy Zolt\u00e1n Zsolt, az Eg\u00e9szs\u00e9gtudom\u00e1nyi Kar d\u00e9k\u00e1nja az Oxiol\u00f3gia \u00e9s S\u00fcrg\u0151ss\u00e9gi Ell\u00e1t\u00e1s Tansz\u00e9ken, az idehaza egyed\u00fcl\u00e1ll\u00f3 ment\u0151aut\u00f3-szimul\u00e1tor \u00fcnnep\u00e9lyes \u00e1tad\u00f3j\u00e1n. Hangs\u00falyozta, itt sokszor sz\u00f3 szerint \u00e9let-hal\u00e1l k\u00e9rd\u00e9sr\u0151l van sz\u00f3, ez\u00e9rt is &hellip;<\/p>\n","protected":false},"author":101026,"featured_media":65017,"comment_status":"closed","ping_status":"closed","sticky":false,"template":"","format":"standard","meta":{"_acf_changed":false,"footnotes":""},"categories":[154,168],"tags":[162,4121],"class_list":["post-65007","post","type-post","status-publish","format-standard","has-post-thumbnail","hentry","category-egeszseg","category-kiemelt","tag-eletmod-eletmod","tag-temaajanlo"],"acf":[],"_links":{"self":[{"href":"https:\/\/semmelweis.hu\/hirek\/wp-json\/wp\/v2\/posts\/65007","targetHints":{"allow":["GET"]}}],"collection":[{"href":"https:\/\/semmelweis.hu\/hirek\/wp-json\/wp\/v2\/posts"}],"about":[{"href":"https:\/\/semmelweis.hu\/hirek\/wp-json\/wp\/v2\/types\/post"}],"author":[{"embeddable":true,"href":"https:\/\/semmelweis.hu\/hirek\/wp-json\/wp\/v2\/users\/101026"}],"replies":[{"embeddable":true,"href":"https:\/\/semmelweis.hu\/hirek\/wp-json\/wp\/v2\/comments?post=65007"}],"version-history":[{"count":4,"href":"https:\/\/semmelweis.hu\/hirek\/wp-json\/wp\/v2\/posts\/65007\/revisions"}],"predecessor-version":[{"id":65024,"href":"https:\/\/semmelweis.hu\/hirek\/wp-json\/wp\/v2\/posts\/65007\/revisions\/65024"}],"wp:featuredmedia":[{"embeddable":true,"href":"https:\/\/semmelweis.hu\/hirek\/wp-json\/wp\/v2\/media\/65017"}],"wp:attachment":[{"href":"https:\/\/semmelweis.hu\/hirek\/wp-json\/wp\/v2\/media?parent=65007"}],"wp:term":[{"taxonomy":"category","embeddable":true,"href":"https:\/\/semmelweis.hu\/hirek\/wp-json\/wp\/v2\/categories?post=65007"},{"taxonomy":"post_tag","embeddable":true,"href":"https:\/\/semmelweis.hu\/hirek\/wp-json\/wp\/v2\/tags?post=65007"}],"curies":[{"name":"wp","href":"https:\/\/api.w.org\/{rel}","templated":true}]}}