{"id":64880,"date":"2017-09-26T10:12:00","date_gmt":"2017-09-26T08:12:00","guid":{"rendered":"http:\/\/semmelweis.hu\/hirek\/?p=64880"},"modified":"2019-04-08T15:40:06","modified_gmt":"2019-04-08T13:40:06","slug":"tajekoztato-a-2017-evi-kozbeszerzesek-kezdemenyezeserol","status":"publish","type":"post","link":"https:\/\/semmelweis.hu\/hirek\/2017\/09\/26\/tajekoztato-a-2017-evi-kozbeszerzesek-kezdemenyezeserol\/","title":{"rendered":"T\u00e1j\u00e9koztat\u00f3 a 2017. \u00e9vi k\u00f6zbeszerz\u00e9sek kezdem\u00e9nyez\u00e9s\u00e9r\u0151l"},"content":{"rendered":"<p>Uni\u00f3s ir\u00e1nyelv alapj\u00e1n 2018. okt\u00f3ber 18-ig minden tag\u00e1llam minden k\u00f6zbeszerz\u00e9si elj\u00e1r\u00e1s\u00e1t elektronikus \u00faton kell lefolytatni. Magyarorsz\u00e1g enn\u00e9l kor\u00e1bbi hat\u00e1rid\u0151vel v\u00e1llalta az e-k\u00f6zbeszerz\u00e9s bevezet\u00e9s\u00e9t, legk\u00e9s\u0151bb 2017. december 31-\u00e9n. V\u00e1rhat\u00f3an teh\u00e1t ezt k\u00f6vet\u0151en \u2013 \u00e1ltalunk egyel\u0151re nem ismert m\u00f3don \u00e9s m\u00e9rt\u00e9kben \u2013 v\u00e1ltozik a k\u00f6zbeszerz\u00e9sek elj\u00e1r\u00e1srendje.<\/p>\n<p>Mindemellett \u2013 a k\u00f6zbeszerz\u00e9sek k\u00f6zponti ellen\u0151rz\u00e9s\u00e9r\u0151l \u00e9s enged\u00e9lyez\u00e9s\u00e9r\u0151l sz\u00f3l\u00f3 320\/2015. (X. 30.) Korm. rendelet 5. \u00a7 (2) bekezd\u00e9s\u00e9ben foglaltak szerint \u2013 az egyes k\u00f6zbeszerz\u00e9si elj\u00e1r\u00e1sok elind\u00edt\u00e1s\u00e1hoz sz\u00fcks\u00e9ges minisztereln\u00f6ks\u00e9gi hozz\u00e1j\u00e1rul\u00e1s megad\u00e1s\u00e1ra vonatkoz\u00f3 el\u0151terjeszt\u00e9st tartalmaz\u00f3 k\u00e9relmet minden \u00e9vben legk\u00e9s\u0151bb november 30-ig kell beny\u00fajtani, az e hat\u00e1rid\u0151n t\u00fal be\u00e9rkezett el\u0151terjeszt\u00e9sek eset\u00e9ben a hat\u00e1rid\u0151ket a k\u00f6vetkez\u0151 \u00e9v els\u0151 munkanapj\u00e1t\u00f3l kell sz\u00e1m\u00edtani.<\/p>\n<p>Mivel egyel\u0151re a k\u00f6zbeszerz\u00e9seknek csak a hat\u00e1lyos elj\u00e1r\u00e1srendje ismert, a j\u00f6v\u0151beli nem, ebben a t\u00e1rgy\u00e9vben a Beszerz\u00e9si Igazgat\u00f3s\u00e1g nagy val\u00f3sz\u00edn\u0171s\u00e9ggel csak olyan k\u00f6zbeszerz\u00e9si elj\u00e1r\u00e1sokat tud el\u0151k\u00e9sz\u00edteni, amelyek teljes anyag\u00e1t legk\u00e9s\u0151bb november 30-\u00e1n a Minisztereln\u00f6ks\u00e9g r\u00e9sz\u00e9re meg tudja k\u00fcldeni. Mindezt <strong>a Beszerz\u00e9si Igazgat\u00f3s\u00e1g akkor tudja v\u00e1llalni, ha a teljes, hi\u00e1nytalan beszerz\u00e9si ig\u00e9ny \u2013 beszerz\u00e9smin\u0151s\u00edt\u0151 lap (BML) \u00e9s\u00a0mell\u00e9kletei, a k\u00f6telezetts\u00e9gv\u00e1llal\u00e1si szab\u00e1lyzatban el\u0151\u00edrt al\u00e1\u00edr\u00e1sokkal \u00e9s a megfelel\u0151 fedezetigazol\u00e1ssal egy\u00fctt \u2013 legk\u00e9s\u0151bb okt\u00f3ber 16-ig meg\u00e9rkezik a Beszerz\u00e9si Igazgat\u00f3s\u00e1gra<\/strong>.<\/p>\n<p>Egy\u00fcttm\u0171k\u00f6d\u00e9s\u00fcket k\u00e9rj\u00fck \u00e9s el\u0151re is k\u00f6sz\u00f6nj\u00fck!<\/p>\n<p style=\"text-align: left;\">Budapest, 2017. szeptember 21.<\/p>\n<p style=\"text-align: center;\">Beszerz\u00e9si Igazgat\u00f3s\u00e1g<\/p>\n","protected":false},"excerpt":{"rendered":"<p>Uni\u00f3s ir\u00e1nyelv alapj\u00e1n 2018. okt\u00f3ber 18-ig minden tag\u00e1llam minden k\u00f6zbeszerz\u00e9si elj\u00e1r\u00e1s\u00e1t elektronikus \u00faton kell lefolytatni. Magyarorsz\u00e1g enn\u00e9l kor\u00e1bbi hat\u00e1rid\u0151vel v\u00e1llalta az e-k\u00f6zbeszerz\u00e9s bevezet\u00e9s\u00e9t, legk\u00e9s\u0151bb 2017. december 31-\u00e9n. V\u00e1rhat\u00f3an teh\u00e1t ezt k\u00f6vet\u0151en \u2013 \u00e1ltalunk egyel\u0151re nem ismert m\u00f3don \u00e9s m\u00e9rt\u00e9kben \u2013 v\u00e1ltozik a k\u00f6zbeszerz\u00e9sek elj\u00e1r\u00e1srendje. Mindemellett \u2013 a k\u00f6zbeszerz\u00e9sek k\u00f6zponti ellen\u0151rz\u00e9s\u00e9r\u0151l \u00e9s enged\u00e9lyez\u00e9s\u00e9r\u0151l sz\u00f3l\u00f3 320\/2015. (X. &hellip;<\/p>\n","protected":false},"author":13,"featured_media":64897,"comment_status":"closed","ping_status":"closed","sticky":false,"template":"","format":"standard","meta":{"_acf_changed":false,"footnotes":""},"categories":[157],"tags":[4234,3365],"class_list":["post-64880","post","type-post","status-publish","format-standard","has-post-thumbnail","hentry","category-semmelweis-vilag","tag-aktualitasok","tag-kancellar-hirei"],"acf":[],"_links":{"self":[{"href":"https:\/\/semmelweis.hu\/hirek\/wp-json\/wp\/v2\/posts\/64880","targetHints":{"allow":["GET"]}}],"collection":[{"href":"https:\/\/semmelweis.hu\/hirek\/wp-json\/wp\/v2\/posts"}],"about":[{"href":"https:\/\/semmelweis.hu\/hirek\/wp-json\/wp\/v2\/types\/post"}],"author":[{"embeddable":true,"href":"https:\/\/semmelweis.hu\/hirek\/wp-json\/wp\/v2\/users\/13"}],"replies":[{"embeddable":true,"href":"https:\/\/semmelweis.hu\/hirek\/wp-json\/wp\/v2\/comments?post=64880"}],"version-history":[{"count":4,"href":"https:\/\/semmelweis.hu\/hirek\/wp-json\/wp\/v2\/posts\/64880\/revisions"}],"predecessor-version":[{"id":64903,"href":"https:\/\/semmelweis.hu\/hirek\/wp-json\/wp\/v2\/posts\/64880\/revisions\/64903"}],"wp:featuredmedia":[{"embeddable":true,"href":"https:\/\/semmelweis.hu\/hirek\/wp-json\/wp\/v2\/media\/64897"}],"wp:attachment":[{"href":"https:\/\/semmelweis.hu\/hirek\/wp-json\/wp\/v2\/media?parent=64880"}],"wp:term":[{"taxonomy":"category","embeddable":true,"href":"https:\/\/semmelweis.hu\/hirek\/wp-json\/wp\/v2\/categories?post=64880"},{"taxonomy":"post_tag","embeddable":true,"href":"https:\/\/semmelweis.hu\/hirek\/wp-json\/wp\/v2\/tags?post=64880"}],"curies":[{"name":"wp","href":"https:\/\/api.w.org\/{rel}","templated":true}]}}