{"id":64602,"date":"2017-09-11T15:39:41","date_gmt":"2017-09-11T13:39:41","guid":{"rendered":"http:\/\/semmelweis.hu\/hirek\/?p=64602"},"modified":"2019-04-08T15:40:07","modified_gmt":"2019-04-08T13:40:07","slug":"gyakorlatorientalt-tovabbkepzest-tartottak-az-egyetem-tobb-mint-200-portasanak","status":"publish","type":"post","link":"https:\/\/semmelweis.hu\/hirek\/2017\/09\/11\/gyakorlatorientalt-tovabbkepzest-tartottak-az-egyetem-tobb-mint-200-portasanak\/","title":{"rendered":"Gyakorlatorient\u00e1lt tov\u00e1bbk\u00e9pz\u00e9st tartottak az egyetem t\u00f6bb mint 200 port\u00e1s\u00e1nak"},"content":{"rendered":"<p>A portaszolg\u00e1lat minden dolgoz\u00f3j\u00e1nak, mintegy 210 munkat\u00e1rsnak szervezett k\u00f6telez\u0151 tov\u00e1bbk\u00e9pz\u00e9st a M\u0171szaki F\u0151igazgat\u00f3s\u00e1g Biztons\u00e1gtechnikai Igazgat\u00f3s\u00e1ga. Az imm\u00e1r harmadik alkalommal megtartott k\u00e9pz\u00e9s a kor\u00e1bbiakhoz k\u00e9pest sz\u00e1mos gyakorlati elemmel b\u0151v\u00fclt, \u00edgy p\u00e9ld\u00e1ul az els\u0151seg\u00e9lyny\u00fajt\u00e1st \u00fan. skill b\u00e1bukon, a t\u0171zolt\u00e1st t\u00e1lcat\u00fczeken gyakorolhatt\u00e1k a r\u00e9sztvev\u0151k.<\/p>\n<p><a href=\"https:\/\/semmelweis.hu\/hirek\/files\/2017\/09\/RS66174_DA_20170906_9913-scr.jpg\"><img loading=\"lazy\" decoding=\"async\" class=\"aligncenter wp-image-64604 size-large\" src=\"https:\/\/semmelweis.hu\/hirek\/files\/2017\/09\/RS66174_DA_20170906_9913-scr-600x400.jpg\" alt=\"\" width=\"600\" height=\"400\" srcset=\"https:\/\/semmelweis.hu\/hirek\/files\/2017\/09\/RS66174_DA_20170906_9913-scr-600x400.jpg 600w, https:\/\/semmelweis.hu\/hirek\/files\/2017\/09\/RS66174_DA_20170906_9913-scr-300x200.jpg 300w, https:\/\/semmelweis.hu\/hirek\/files\/2017\/09\/RS66174_DA_20170906_9913-scr-768x512.jpg 768w, https:\/\/semmelweis.hu\/hirek\/files\/2017\/09\/RS66174_DA_20170906_9913-scr-450x300.jpg 450w, https:\/\/semmelweis.hu\/hirek\/files\/2017\/09\/RS66174_DA_20170906_9913-scr.jpg 950w\" sizes=\"auto, (max-width: 600px) 100vw, 600px\" \/><\/a>Munka- \u00e9s t\u0171zv\u00e9delem, katasztr\u00f3fav\u00e9delem, k\u00f6rnyezetv\u00e9delem \u2013 a Biztons\u00e1gtechnikai Igazgat\u00f3s\u00e1ghoz tartoz\u00f3 minden szakter\u00fcletet \u00e9rintett az id\u00e9n a Z\u00e1gr\u00e1bi \u00fati Sporttelepen megszervezett tov\u00e1bbk\u00e9pz\u00e9s \u2013 mondta el M\u00e9sz\u00e1ros Istv\u00e1n biztons\u00e1gtechnikai igazgat\u00f3. Az oktat\u00e1s sor\u00e1n feldolgozz\u00e1k az el\u0151z\u0151 \u00e9v rendk\u00edv\u00fcli esem\u00e9nyeit, \u00e1tbesz\u00e9lik a j\u00f3 \u00e9s rossz gyakorlatokat is \u2013 tette hozz\u00e1.<\/p>\n<p>Mint kifejtette, fontosnak tartj\u00e1k, hogy a portaszolg\u00e1lat klasszikus \u00fczemrend\u00e9szeti t\u00edpus\u00fa tev\u00e9kenys\u00e9get v\u00e9gezzen, vagyis a port\u00e1sok minden, a Biztons\u00e1gtechnikai Igazgat\u00f3s\u00e1ghoz tartoz\u00f3 szakter\u00fclettel kapcsolatban felismerj\u00e9k a szab\u00e1lytalans\u00e1gokat, vesz\u00e9lyeztet\u0151 k\u00f6r\u00fclm\u00e9nyeket, \u00e9s tudj\u00e1k, hogy kihez kell fordulni az int\u00e9zked\u00e9s \u00e9rdek\u00e9ben.\u00a0<\/p>\n<p><a href=\"https:\/\/semmelweis.hu\/hirek\/files\/2017\/09\/RS66170_DA_20170906_2006-scr.jpg\"><img loading=\"lazy\" decoding=\"async\" class=\"alignleft wp-image-64603 size-medium\" src=\"https:\/\/semmelweis.hu\/hirek\/files\/2017\/09\/RS66170_DA_20170906_2006-scr-300x200.jpg\" alt=\"\" width=\"300\" height=\"200\" srcset=\"https:\/\/semmelweis.hu\/hirek\/files\/2017\/09\/RS66170_DA_20170906_2006-scr-300x200.jpg 300w, https:\/\/semmelweis.hu\/hirek\/files\/2017\/09\/RS66170_DA_20170906_2006-scr-768x512.jpg 768w, https:\/\/semmelweis.hu\/hirek\/files\/2017\/09\/RS66170_DA_20170906_2006-scr-600x400.jpg 600w, https:\/\/semmelweis.hu\/hirek\/files\/2017\/09\/RS66170_DA_20170906_2006-scr-450x300.jpg 450w, https:\/\/semmelweis.hu\/hirek\/files\/2017\/09\/RS66170_DA_20170906_2006-scr.jpg 950w\" sizes=\"auto, (max-width: 300px) 100vw, 300px\" \/><\/a><\/p>\n<p>A tov\u00e1bbk\u00e9pz\u00e9s h\u00e1rom napj\u00e1n mindh\u00e1rom szolg\u00e1lati csoport k\u00e9pz\u00e9se megt\u00f6rt\u00e9nt. D\u00e9lel\u0151tt elm\u00e9leti el\u0151ad\u00e1sokat hallgathattak meg a r\u00e9sztvev\u0151k, melyet d\u00e9lut\u00e1n gyakorlat k\u00f6vetett. A porral olt\u00f3k haszn\u00e1lat\u00e1t \u00fan. t\u00e1lcat\u00fczek elolt\u00e1sa sor\u00e1n gyakorolhatt\u00e1k, m\u00edg Horny\u00e1k Istv\u00e1n, az Eg\u00e9szs\u00e9gtudom\u00e1nyi Kar docense vezet\u00e9s\u00e9vel az \u00fajra\u00e9leszt\u00e9st \u00e9s az els\u0151seg\u00e9lyny\u00fajt\u00e1st is kipr\u00f3b\u00e1lhatt\u00e1k a gyakorlatban, skill b\u00e1bukon. A k\u00e9pz\u00e9s r\u00e9sze volt a konfliktuskezel\u00e9s is. Ennek sor\u00e1n els\u0151sorban az asszert\u00edv kommunik\u00e1ci\u00f3 fontoss\u00e1g\u00e1t hangs\u00falyozt\u00e1k, a c\u00e9l, hogy j\u00f3l kezelj\u00e9k a helyzeteket, ne eszkal\u00e1l\u00f3djon egy-egy konfliktus \u2013 mutatott r\u00e1 az igazgat\u00f3.<\/p>\n<p>M\u00e9sz\u00e1ros Istv\u00e1n tapasztalatai szerint a gyakorlat rendszeresen visszaigazolja, hogy van helye az oktat\u00e1snak. Jellemz\u0151en minden \u00e9vben t\u00f6rt\u00e9nik olyan eset, mikor \u00e9lesben kell alkalmazni a tanultakat. T\u00f6bb alkalommal el\u0151ztek meg t\u00fczet a kezdeti f\u00e1zisban a portaszolg\u00e1lat munkat\u00e1rsai, \u00e9s els\u0151seg\u00e9lyny\u00fajt\u00e1sra is volt m\u00e1r p\u00e9lda, valamint vagyon elleni cselekm\u00e9nyek elk\u00f6vet\u0151it is siker\u00fclt m\u00e1r tetten \u00e9rni \u00e9s visszatartani a rend\u0151rs\u00e9g ki\u00e9rkez\u00e9s\u00e9ig. \u00a0<\/p>\n<p>Dobozi P\u00e1lma<br \/>\n Fot\u00f3: Ancsin G\u00e1bor<\/p>\n","protected":false},"excerpt":{"rendered":"<p>A portaszolg\u00e1lat minden dolgoz\u00f3j\u00e1nak, mintegy 210 munkat\u00e1rsnak szervezett k\u00f6telez\u0151 tov\u00e1bbk\u00e9pz\u00e9st a M\u0171szaki F\u0151igazgat\u00f3s\u00e1g Biztons\u00e1gtechnikai Igazgat\u00f3s\u00e1ga. Az imm\u00e1r harmadik alkalommal megtartott k\u00e9pz\u00e9s a kor\u00e1bbiakhoz k\u00e9pest sz\u00e1mos gyakorlati elemmel b\u0151v\u00fclt, \u00edgy p\u00e9ld\u00e1ul az els\u0151seg\u00e9lyny\u00fajt\u00e1st \u00fan. skill b\u00e1bukon, a t\u0171zolt\u00e1st t\u00e1lcat\u00fczeken gyakorolhatt\u00e1k a r\u00e9sztvev\u0151k. <a href=\"https:\/\/semmelweis.hu\/hirek\/files\/2017\/09\/RS66174_DA_20170906_9913-scr.jpg\"><\/a> Munka- \u00e9s t\u0171zv\u00e9delem, katasztr\u00f3fav\u00e9delem, k\u00f6rnyezetv\u00e9delem \u2013 a Biztons\u00e1gtechnikai Igazgat\u00f3s\u00e1ghoz tartoz\u00f3 minden szakter\u00fcletet \u00e9rintett az &hellip;<\/p>\n","protected":false},"author":13,"featured_media":64606,"comment_status":"closed","ping_status":"closed","sticky":false,"template":"","format":"standard","meta":{"_acf_changed":false,"footnotes":""},"categories":[157,168],"tags":[4234,3365],"class_list":["post-64602","post","type-post","status-publish","format-standard","has-post-thumbnail","hentry","category-semmelweis-vilag","category-kiemelt","tag-aktualitasok","tag-kancellar-hirei"],"acf":[],"_links":{"self":[{"href":"https:\/\/semmelweis.hu\/hirek\/wp-json\/wp\/v2\/posts\/64602","targetHints":{"allow":["GET"]}}],"collection":[{"href":"https:\/\/semmelweis.hu\/hirek\/wp-json\/wp\/v2\/posts"}],"about":[{"href":"https:\/\/semmelweis.hu\/hirek\/wp-json\/wp\/v2\/types\/post"}],"author":[{"embeddable":true,"href":"https:\/\/semmelweis.hu\/hirek\/wp-json\/wp\/v2\/users\/13"}],"replies":[{"embeddable":true,"href":"https:\/\/semmelweis.hu\/hirek\/wp-json\/wp\/v2\/comments?post=64602"}],"version-history":[{"count":5,"href":"https:\/\/semmelweis.hu\/hirek\/wp-json\/wp\/v2\/posts\/64602\/revisions"}],"predecessor-version":[{"id":64678,"href":"https:\/\/semmelweis.hu\/hirek\/wp-json\/wp\/v2\/posts\/64602\/revisions\/64678"}],"wp:featuredmedia":[{"embeddable":true,"href":"https:\/\/semmelweis.hu\/hirek\/wp-json\/wp\/v2\/media\/64606"}],"wp:attachment":[{"href":"https:\/\/semmelweis.hu\/hirek\/wp-json\/wp\/v2\/media?parent=64602"}],"wp:term":[{"taxonomy":"category","embeddable":true,"href":"https:\/\/semmelweis.hu\/hirek\/wp-json\/wp\/v2\/categories?post=64602"},{"taxonomy":"post_tag","embeddable":true,"href":"https:\/\/semmelweis.hu\/hirek\/wp-json\/wp\/v2\/tags?post=64602"}],"curies":[{"name":"wp","href":"https:\/\/api.w.org\/{rel}","templated":true}]}}