{"id":62850,"date":"2018-01-03T15:16:09","date_gmt":"2018-01-03T14:16:09","guid":{"rendered":"http:\/\/semmelweis.hu\/hirek\/?p=62850"},"modified":"2018-02-06T10:51:56","modified_gmt":"2018-02-06T09:51:56","slug":"dr-szendroi-miklos-szivugyem-volt-hogy-minden-profil-hangsulyt-kapjon","status":"publish","type":"post","link":"https:\/\/semmelweis.hu\/hirek\/2018\/01\/03\/dr-szendroi-miklos-szivugyem-volt-hogy-minden-profil-hangsulyt-kapjon\/","title":{"rendered":"Dr. Szendr\u0151i Mikl\u00f3s: sz\u00edv\u00fcgyem volt, hogy minden profil hangs\u00falyt kapjon"},"content":{"rendered":"<p>Huszonk\u00e9t \u00e9vig vezette az Ortop\u00e9diai Klinik\u00e1t dr. Szendr\u0151i Mikl\u00f3s, aki az idei Semmelweis Napon arany pecs\u00e9tgy\u0171r\u0171t vehetett \u00e1t lek\u00f6sz\u00f6n\u0151 tansz\u00e9kvezet\u0151k\u00e9nt. Vezet\u00e9se alatt sz\u00e1mos \u00faj profillal b\u0151v\u00fclt a klinika, \u00e9s mint mondja, mindig is sz\u00edv\u00fcgye volt, hogy saj\u00e1t ter\u00fclete, a csontdaganatok mellett minden m\u00e1s profilt is fejlesszen. A klinika ma az ortop\u00e9diai reperto\u00e1r gyakorlatilag teljes sk\u00e1l\u00e1j\u00e1t lefedi a gerincseb\u00e9szeten k\u00edv\u00fcl.<\/p>\n<p><a href=\"https:\/\/semmelweis.hu\/hirek\/files\/2017\/08\/RS65136_KA-20170802-IMG_0593-scr-1.jpg\"><img loading=\"lazy\" decoding=\"async\" class=\"size-medium wp-image-69943 alignright\" src=\"https:\/\/semmelweis.hu\/hirek\/files\/2017\/08\/RS65136_KA-20170802-IMG_0593-scr-1-200x300.jpg\" alt=\"\" width=\"200\" height=\"300\" srcset=\"https:\/\/semmelweis.hu\/hirek\/files\/2017\/08\/RS65136_KA-20170802-IMG_0593-scr-1-200x300.jpg 200w, https:\/\/semmelweis.hu\/hirek\/files\/2017\/08\/RS65136_KA-20170802-IMG_0593-scr-1-267x400.jpg 267w, https:\/\/semmelweis.hu\/hirek\/files\/2017\/08\/RS65136_KA-20170802-IMG_0593-scr-1.jpg 500w\" sizes=\"auto, (max-width: 200px) 100vw, 200px\" \/><\/a>Dr. Szendr\u0151i Mikl\u00f3s patol\u00f3gusk\u00e9nt kezdte a p\u00e1ly\u00e1j\u00e1t dr. Lapis K\u00e1roly int\u00e9zet\u00e9ben. B\u00e1r \u2013 mint mondja \u2013 mindig is klinikus akart lenni, \u00e9s ezt Lapis professzornak meg is mondta \u0151szint\u00e9n, \u00fagy \u00e9rezte, nagyon j\u00f3 alapot ad a patol\u00f3gia. Az ortop\u00e9dia ugyanakkor m\u00e1r ekkor is k\u00f6zel \u00e1llt hozz\u00e1: \u0151 v\u00e9gezte a klinika daganatos betegeinek sz\u00f6vettani vizsg\u00e1lat\u00e1t, a k\u00f3rbonctani-k\u00f3rsz\u00f6vettani ut\u00e1n pedig ortop\u00e9diai szakvizsg\u00e1t is szerzett. Dr. V\u00edzkelety Tibor akkori igazgat\u00f3 a csontdaganatos betegek ell\u00e1t\u00e1s\u00e1nak fejleszt\u00e9se, egy seb\u00e9szi st\u00e1b kialak\u00edt\u00e1sa \u00e9rdek\u00e9ben h\u00edvta \u00e1t \u0151t a klinik\u00e1ra, ahol tov\u00e1bbvihette azt a feladatot, ami sz\u00e1m\u00e1ra igaz\u00e1b\u00f3l vonz\u00f3 volt a patol\u00f3gi\u00e1b\u00f3l. Mint fogalmaz, a sz\u00f6vettani diagn\u00f3zisok fel\u00e1ll\u00edt\u00e1s\u00e1nak szinte oknyomoz\u00f3i k\u00e9pess\u00e9get ig\u00e9nyl\u0151 feladatai mindig is nagy \u00f6r\u00f6met okoztak sz\u00e1m\u00e1ra.<\/p>\n<p>Dr. Szendr\u0151i Mikl\u00f3s 1995-t\u0151l lett a klinika vezet\u0151je, mint hangs\u00falyozza, egy nagyon j\u00f3l m\u0171k\u00f6d\u0151 int\u00e9zm\u00e9nyt vett \u00e1t a nemzetk\u00f6zi szinten elismert szaktekint\u00e9ly dr. V\u00edzkelety Tibort\u00f3l. R\u00e9szben az \u00e1ltala elind\u00edtott utat folytatta, a klinika tov\u00e1bbra is Magyarorsz\u00e1g legnagyobb ortop\u00e9diai int\u00e9zete, amely a gerincseb\u00e9szeten k\u00edv\u00fcl gyakorlatilag az ortop\u00e9dia minden ter\u00fclet\u00e9t lefedi, s\u0151t 2008-ig m\u00e9g traumatol\u00f3gi\u00e1t is v\u00e9geztek. Kiemelte a gyermekortop\u00e9diai profilt, mely haladt tov\u00e1bb a V\u00edzkelety professzor \u00e1ltal meghat\u00e1rozott \u00faton, \u00e9s dr. Sz\u0151ke Gy\u00f6rgy vezet\u00e9s\u00e9vel nemzetk\u00f6zi h\u00edrn\u00e9vre tett szert.<\/p>\n<p>Vezet\u0151k\u00e9nt a tov\u00e1bbl\u00e9p\u00e9st ugyanakkor annak a speci\u00e1lis profilnak a fejleszt\u00e9se jelentette sz\u00e1m\u00e1ra, mely\u00e9rt V\u00edzkelety professzor annak idej\u00e9n \u00e1th\u00edvta a klinik\u00e1ra. Az \u00e9vek sor\u00e1n l\u00e9trehozott csonttumor \u00e9s l\u00e1gyr\u00e9sz szark\u00f3ma regiszter hazai szinten egyed\u00fcl\u00e1ll\u00f3, de Eur\u00f3p\u00e1ban is a t\u00edz legjobb regiszter k\u00f6z\u00e9 tartozik \u2013 emeli ki dr. Szendr\u0151i Mikl\u00f3s. A regiszterben t\u00e1rolj\u00e1k az \u00e9rintett betegek minden anyag\u00e1t, a teljes klinikai dokument\u00e1ci\u00f3t, a sz\u00f6vettant, sz\u00f6vetmint\u00e1kat, k\u00e9palkot\u00f3k dokumentumait. A regiszter egy kincsesb\u00e1nya, mely sz\u00e1mos kutat\u00e1s, nemzetk\u00f6zi egy\u00fcttm\u0171k\u00f6d\u00e9s alapj\u00e1t adja, de ez tette lehet\u0151v\u00e9 k\u00e9t mozg\u00e1sszervi daganatokr\u00f3l sz\u00f3l\u00f3 k\u00f6nyv meg\u00edr\u00e1s\u00e1t is \u2013 teszi hozz\u00e1.<\/p>\n<p>A magyarorsz\u00e1gi csontszark\u00f3m\u00e1s betegek 80 sz\u00e1zal\u00e9k\u00e1t a klinika l\u00e1tja el, m\u00edg l\u00e1gyr\u00e9sz szark\u00f3m\u00e1n\u00e1l ez az ar\u00e1ny 20-25 sz\u00e1zal\u00e9k. Speci\u00e1lis esetben a csont \u00e1tt\u00e9tes daganatait is kezelik, prot\u00e9zist \u00fcltetnek be, melyhez szint\u00e9n rendelkez\u00e9sre \u00e1ll regiszter. Dr.\u00a0 Szendr\u0151i Mikl\u00f3s k\u00e9t, specifikusan mozg\u00e1sszervi daganatokkal foglalkoz\u00f3 nemzetk\u00f6zi t\u00e1rsas\u00e1gban is akt\u00edv szerepet v\u00e1llalt, egyiknek a vezet\u0151je, m\u00e1sik vezet\u0151s\u00e9gi tagja is volt.<\/p>\n<p><a href=\"https:\/\/semmelweis.hu\/hirek\/files\/2017\/08\/RS65145_KA-20170802-IMG_0509-scr-1.jpg\"><img loading=\"lazy\" decoding=\"async\" class=\"alignleft size-medium wp-image-69942\" src=\"https:\/\/semmelweis.hu\/hirek\/files\/2017\/08\/RS65145_KA-20170802-IMG_0509-scr-1-200x300.jpg\" alt=\"\" width=\"200\" height=\"300\" srcset=\"https:\/\/semmelweis.hu\/hirek\/files\/2017\/08\/RS65145_KA-20170802-IMG_0509-scr-1-200x300.jpg 200w, https:\/\/semmelweis.hu\/hirek\/files\/2017\/08\/RS65145_KA-20170802-IMG_0509-scr-1-267x400.jpg 267w, https:\/\/semmelweis.hu\/hirek\/files\/2017\/08\/RS65145_KA-20170802-IMG_0509-scr-1.jpg 500w\" sizes=\"auto, (max-width: 200px) 100vw, 200px\" \/><\/a>\u201eFelemel\u0151 \u00e9rz\u00e9s, ha az ember a saj\u00e1t szakter\u00fclet\u00e9n meg\u00e9lheti azt, hogy egy \u00faj ter\u00e1pia hatalmas lend\u00fcletet ad az adott betegs\u00e9g kezel\u00e9s\u00e9ben\u201d \u2013 fogalmaz, arra utalva, hogy a nyolcvanas \u00e9vek k\u00f6zep\u00e9n vezettek be egy hat\u00e1sos kemoter\u00e1pi\u00e1t, mely k\u00f6vetkezt\u00e9ben a gyermekkori oszteoszark\u00f3ma eset\u00e9n az addigi 30-40 sz\u00e1zal\u00e9kos t\u00fal\u00e9l\u00e9si mutat\u00f3 65-70 sz\u00e1zal\u00e9kra n\u0151tt. Ezzel p\u00e1rhuzamosan elind\u00edtott\u00e1k Magyarorsz\u00e1gon az amput\u00e1ci\u00f3t kiv\u00e1lt\u00f3 v\u00e9gtagmeg\u0151rz\u0151 m\u0171t\u00e9teket is, melyhez nagyban hozz\u00e1j\u00e1rult a klinika munkat\u00e1rsaival tervezett csonttumor endoprot\u00e9zis rendszer, amely seg\u00edts\u00e9g\u00e9vel a csontdefektusokat, \u00edz\u00fcleteket p\u00f3tolni tudj\u00e1k. L\u00e9trehoztunk egy csontbankot \u00e9s kialak\u00edtottunk egy prot\u00e9zis rendszert is \u2013 \u00f6sszegezte dr. Szendr\u0151i Mikl\u00f3s.<\/p>\n<p>Az ortop\u00e9dia egy\u00e9bk\u00e9nt m\u00e1s szempontb\u00f3l is nagy v\u00e1ltoz\u00e1sokon ment kereszt\u00fcl a klinika \u00e9l\u00e9n elt\u00f6lt\u00f6tt t\u00f6bb mint k\u00e9t \u00e9vtized alatt. Ma m\u00e1r egyre id\u0151sebbekn\u00e9l \u2013 ak\u00e1r 80-85 \u00e9ves korban \u2013 is b\u00e1tran oper\u00e1lnak, a t\u00e9rd- \u00e9s cs\u00edp\u0151prot\u00e9zis be\u00fcltet\u00e9sek pedig sl\u00e1germ\u0171t\u00e9tekk\u00e9 v\u00e1ltak, \u00e9vi kb. 15 ezret v\u00e9geznek ezekb\u0151l Magyarorsz\u00e1gon.<\/p>\n<p>Dr. Szendr\u0151i Mikl\u00f3s, mint hangs\u00falyozza, mindig sz\u00edv\u00fcgy\u00e9nek \u00e9rezte, hogy a csont- \u00e9s l\u00e1gyr\u00e9szszark\u00f3m\u00e1n t\u00fal a t\u00f6bbi profilt is er\u0151s\u00edt\u00e9se, \u00e9s \u201ene uralkodjon az \u0151 speci\u00e1lis ter\u00fclete az eg\u00e9sz h\u00e1zon\u201d. Mint mondja, b\u00fcszke r\u00e1, hogy ugyanolyan fontos sz\u00e1m\u00e1ra a l\u00e1bseb\u00e9szet, k\u00e9zseb\u00e9szet, a v\u00e1llseb\u00e9szet, a gyermekortop\u00e9dia, mint a cs\u00edp\u0151-t\u00e9rd endoprotetika, vagy tumorseb\u00e9szet.<\/p>\n<p>\u201eFiatalon, 43 \u00e9vesen lettem klinikaigazgat\u00f3, \u00e9s majdnem negyed \u00e9vsz\u00e1zada vezetem a klinik\u00e1t, aminek els\u0151sorban adminisztrat\u00edv r\u00e9sz\u00e9ben el is lehet f\u00e1radni\u201d \u2013 mondja dr. Szendr\u0151i Mikl\u00f3s arr\u00f3l, hogy milyen \u00e9rz\u00e9sekkel k\u00f6sz\u00f6n le a tansz\u00e9k vezet\u00e9s\u00e9r\u0151l. Ugyanakkor hangs\u00falyozza, hogy mivel nagyon szeret dolgozni, \u00e9s m\u00e1ig 10-12 \u00f3r\u00e1t van bent, biztos benne, hogy megtal\u00e1lja a hely\u00e9t a klinik\u00e1n. Rem\u00e9nyei szerint t\u00f6bbet tud majd foglalkozni a tudom\u00e1nnyal, a daganatos betegek anyagainak feldolgoz\u00e1s\u00e1val, emellett terve, hogy besz\u00e1ll az oktat\u00e1sba \u00e9s t\u00f6bbet assziszt\u00e1l a m\u0171t\u0151ben fiataloknak, tov\u00e1bb\u00e1 rem\u00e9nyei szerint t\u00f6bb ideje lesz kilenc unok\u00e1j\u00e1ra is.<\/p>\n<p>Dobozi P\u00e1lma<br \/>\n Fot\u00f3: Kov\u00e1cs Attila &#8211; Semmelweis Egyetem<\/p>\n","protected":false},"excerpt":{"rendered":"<p>Huszonk\u00e9t \u00e9vig vezette az Ortop\u00e9diai Klinik\u00e1t dr. Szendr\u0151i Mikl\u00f3s, aki az idei Semmelweis Napon arany pecs\u00e9tgy\u0171r\u0171t vehetett \u00e1t lek\u00f6sz\u00f6n\u0151 tansz\u00e9kvezet\u0151k\u00e9nt. Vezet\u00e9se alatt sz\u00e1mos \u00faj profillal b\u0151v\u00fclt a klinika, \u00e9s mint mondja, mindig is sz\u00edv\u00fcgye volt, hogy saj\u00e1t ter\u00fclete, a csontdaganatok mellett minden m\u00e1s profilt is fejlesszen. A klinika ma az ortop\u00e9diai reperto\u00e1r gyakorlatilag teljes sk\u00e1l\u00e1j\u00e1t &hellip;<\/p>\n","protected":false},"author":13,"featured_media":69941,"comment_status":"closed","ping_status":"closed","sticky":false,"template":"","format":"standard","meta":{"_acf_changed":false,"footnotes":""},"categories":[157,168],"tags":[345,3996],"class_list":["post-62850","post","type-post","status-publish","format-standard","has-post-thumbnail","hentry","category-semmelweis-vilag","category-kiemelt","tag-esemenyek-es-beszamolok","tag-interju"],"acf":[],"_links":{"self":[{"href":"https:\/\/semmelweis.hu\/hirek\/wp-json\/wp\/v2\/posts\/62850","targetHints":{"allow":["GET"]}}],"collection":[{"href":"https:\/\/semmelweis.hu\/hirek\/wp-json\/wp\/v2\/posts"}],"about":[{"href":"https:\/\/semmelweis.hu\/hirek\/wp-json\/wp\/v2\/types\/post"}],"author":[{"embeddable":true,"href":"https:\/\/semmelweis.hu\/hirek\/wp-json\/wp\/v2\/users\/13"}],"replies":[{"embeddable":true,"href":"https:\/\/semmelweis.hu\/hirek\/wp-json\/wp\/v2\/comments?post=62850"}],"version-history":[{"count":4,"href":"https:\/\/semmelweis.hu\/hirek\/wp-json\/wp\/v2\/posts\/62850\/revisions"}],"predecessor-version":[{"id":69947,"href":"https:\/\/semmelweis.hu\/hirek\/wp-json\/wp\/v2\/posts\/62850\/revisions\/69947"}],"wp:featuredmedia":[{"embeddable":true,"href":"https:\/\/semmelweis.hu\/hirek\/wp-json\/wp\/v2\/media\/69941"}],"wp:attachment":[{"href":"https:\/\/semmelweis.hu\/hirek\/wp-json\/wp\/v2\/media?parent=62850"}],"wp:term":[{"taxonomy":"category","embeddable":true,"href":"https:\/\/semmelweis.hu\/hirek\/wp-json\/wp\/v2\/categories?post=62850"},{"taxonomy":"post_tag","embeddable":true,"href":"https:\/\/semmelweis.hu\/hirek\/wp-json\/wp\/v2\/tags?post=62850"}],"curies":[{"name":"wp","href":"https:\/\/api.w.org\/{rel}","templated":true}]}}