{"id":62536,"date":"2017-07-31T08:27:30","date_gmt":"2017-07-31T06:27:30","guid":{"rendered":"http:\/\/semmelweis.hu\/hirek\/?p=62536"},"modified":"2017-08-30T11:42:52","modified_gmt":"2017-08-30T09:42:52","slug":"negyvennegyen-vehettek-at-diplomajukat-a-semmelweis-egyetem-asklepios-campus-hamburgba-kihelyezett-orvoskepzesen","status":"publish","type":"post","link":"https:\/\/semmelweis.hu\/hirek\/2017\/07\/31\/negyvennegyen-vehettek-at-diplomajukat-a-semmelweis-egyetem-asklepios-campus-hamburgba-kihelyezett-orvoskepzesen\/","title":{"rendered":"Negyvenn\u00e9gyen vehett\u00e9k \u00e1t diplom\u00e1jukat a Semmelweis Egyetem Asklepios Campus Hamburgba kihelyezett orvosk\u00e9pz\u00e9s\u00e9n"},"content":{"rendered":"<p>Az Asklepios Campus Hamburg (ACH) 44 v\u00e9gz\u0151s orvostanhallgat\u00f3ja vette \u00e1t a Semmelweis Egyetem diplom\u00e1j\u00e1t j\u00falius 21-\u00e9n a berlini magyar nagyk\u00f6vets\u00e9gen. Az esk\u00fct\u00e9telt k\u00f6vet\u0151en dr. Hunyady L\u00e1szl\u00f3, az \u00c1ltal\u00e1nos Orvostudom\u00e1nyi Kar d\u00e9k\u00e1nja \u00e9s dr. Karl J. Oldhafer, az ACH d\u00e9k\u00e1ni biztosa avatta orvosdoktorr\u00e1 a jel\u00f6lteket. Ez volt a hatodik diploma\u00e1tad\u00f3 az egyetem Hamburgba kihelyezett orvosk\u00e9pz\u00e9s\u00e9n.<\/p>\n<p><a href=\"https:\/\/semmelweis.hu\/hirek\/files\/2017\/07\/RS64963_asklepios-verleihung-0024-scr.jpg\"><img loading=\"lazy\" decoding=\"async\" class=\"aligncenter size-large wp-image-62551\" src=\"https:\/\/semmelweis.hu\/hirek\/files\/2017\/07\/RS64963_asklepios-verleihung-0024-scr-600x400.jpg\" alt=\"\" width=\"600\" height=\"400\" srcset=\"https:\/\/semmelweis.hu\/hirek\/files\/2017\/07\/RS64963_asklepios-verleihung-0024-scr-600x400.jpg 600w, https:\/\/semmelweis.hu\/hirek\/files\/2017\/07\/RS64963_asklepios-verleihung-0024-scr-300x200.jpg 300w, https:\/\/semmelweis.hu\/hirek\/files\/2017\/07\/RS64963_asklepios-verleihung-0024-scr-768x512.jpg 768w, https:\/\/semmelweis.hu\/hirek\/files\/2017\/07\/RS64963_asklepios-verleihung-0024-scr-450x300.jpg 450w, https:\/\/semmelweis.hu\/hirek\/files\/2017\/07\/RS64963_asklepios-verleihung-0024-scr.jpg 950w\" sizes=\"auto, (max-width: 600px) 100vw, 600px\" \/><\/a>Dr. Gy\u00f6rk\u00f6s P\u00e9ter nagyk\u00f6vet nev\u00e9ben dr. Izs\u00e1k Andr\u00e1s els\u0151 beosztott k\u00f6sz\u00f6nt\u00f6tte a mintegy 180 megh\u00edvott vend\u00e9get. Megtiszteltet\u00e9snek nevezte, hogy imm\u00e1r hatodik alkalommal a berlini magyar nagyk\u00f6vets\u00e9g adhat otthont az avat\u00e1si \u00fcnneps\u00e9gnek. M\u00e9ltatta a k\u00e9t orsz\u00e1g k\u00f6zti hossz\u00fa t\u00f6rt\u00e9nelmi kapcsolatot \u00e9s a k\u00f6lcs\u00f6n\u00f6s egy\u00fcttm\u0171k\u00f6d\u00e9st, melynek \u2013 mint mondta &#8211; komoly hagyom\u00e1nyai vannak. Gratul\u00e1lt a n\u00e9met-magyar egy\u00fcttm\u0171k\u00f6d\u00e9sben megval\u00f3sul\u00f3 k\u00e9pz\u00e9s v\u00e9gz\u0151s \u00e9vfolyam\u00e1nak ahhoz, hogy ki\u00e9rdemelt\u00e9k az orvosi diplom\u00e1t.<\/p>\n<p>Az Asklepios Campus Hamburg d\u00e9k\u00e1ni biztosa, dr. Karl J. Oldhafer k\u00f6sz\u00f6nt\u0151 besz\u00e9d\u00e9ben gratul\u00e1lt a v\u00e9gz\u0151s hallgat\u00f3knak, akik az esem\u00e9nyt k\u00f6vet\u0151en, mint mondta, koll\u00e9g\u00e1kk\u00e1 v\u00e1lnak, \u00e9s az orvosi hivat\u00e1s gyakorl\u00e1s\u00e1val a t\u00e1rsadalom szolg\u00e1lat\u00e1ba \u00e1llnak. A hallgat\u00f3i \u00e9veket a \u201eTour de France\u201d -hoz hasonl\u00edtotta, melynek t\u00f6bb peri\u00f3dusa van, akad k\u00f6nnyebb \u00e9s nehezebb id\u0151szak, de kitart\u00e1sra mindv\u00e9gig sz\u00fcks\u00e9g van. \u201eTekintsenek hivat\u00e1sukra privil\u00e9giumk\u00e9nt, tev\u00e9kenys\u00e9g\u00fck k\u00f6zpontj\u00e1ban pedig \u00e1lljanak mindig embert\u00e1rsaik\u201d \u2013 fogalmazott.<\/p>\n<p>A k\u00f6sz\u00f6nt\u0151k ut\u00e1n megkezd\u0151d\u00f6tt a Semmelweis Egyetem Szen\u00e1tus\u00e1nak \u00fcnnepi \u00fcl\u00e9se, amelyet dr. Hunyady L\u00e1szl\u00f3 az \u00c1ltal\u00e1nos Orvostudom\u00e1nyi Kar d\u00e9k\u00e1nja nyitott meg. A hallgat\u00f3k esk\u00fct\u00e9tele ut\u00e1n dr. Hunyady L\u00e1szl\u00f3 az Asklepios Campus Hamburg d\u00e9k\u00e1ni biztos\u00e1val, dr. Karl J. Oldhaferrel orvosdoktorr\u00e1 avatt\u00e1k a jel\u00f6lteket sikeres tanulm\u00e1nyaik elismer\u00e9s\u00e9\u00fcl.<\/p>\n<p><a href=\"https:\/\/semmelweis.hu\/hirek\/files\/2017\/07\/RS64978_asklepios-verleihung-0468-scr.jpg\"><img loading=\"lazy\" decoding=\"async\" class=\"aligncenter size-large wp-image-62553\" src=\"https:\/\/semmelweis.hu\/hirek\/files\/2017\/07\/RS64978_asklepios-verleihung-0468-scr-600x400.jpg\" alt=\"\" width=\"600\" height=\"400\" srcset=\"https:\/\/semmelweis.hu\/hirek\/files\/2017\/07\/RS64978_asklepios-verleihung-0468-scr-600x400.jpg 600w, https:\/\/semmelweis.hu\/hirek\/files\/2017\/07\/RS64978_asklepios-verleihung-0468-scr-300x200.jpg 300w, https:\/\/semmelweis.hu\/hirek\/files\/2017\/07\/RS64978_asklepios-verleihung-0468-scr-768x512.jpg 768w, https:\/\/semmelweis.hu\/hirek\/files\/2017\/07\/RS64978_asklepios-verleihung-0468-scr-450x300.jpg 450w, https:\/\/semmelweis.hu\/hirek\/files\/2017\/07\/RS64978_asklepios-verleihung-0468-scr.jpg 950w\" sizes=\"auto, (max-width: 600px) 100vw, 600px\" \/><\/a>Maximilian Mattes Schmidt \u00e9s Jan-Philipp Heinrich a frissen v\u00e9gzett \u00e9vfolyam nev\u00e9ben sz\u00f3laltak fel, megk\u00f6sz\u00f6nve a lehet\u0151s\u00e9get, hogy doktorokk\u00e1 \u00e9s doktorn\u0151kk\u00e9 v\u00e1lhattak. Mint elmondt\u00e1k, a Semmelweis Egyetem sok olyan n\u00e9met hallgat\u00f3 sz\u00e1m\u00e1ra jelent m\u00e1sodik es\u00e9lyt, akik b\u00e1r kit\u0171n\u0151 k\u00e9pess\u00e9gekkel rendelkeznek, nem jutottak be a n\u00e9metorsz\u00e1gi egyetemekre. Sz\u00f3ltak arr\u00f3l is, hogy kezdetben nem volt k\u00f6nny\u0171 k\u00fclf\u00f6ld\u00f6n, t\u00e1vol a csal\u00e1dt\u00f3l \u00e9s a bar\u00e1tokt\u00f3l egyetemre j\u00e1rni, de mindezzel egy\u00fctt csod\u00e1latos \u00e9lm\u00e9nyekkel gazdagodtak Budapesten, \u00e9s az itt t\u00f6lt\u00f6tt \u00e9vek hat\u00e1s\u00e1ra az eg\u00e9sz \u00e9vfolyamot k\u00fcl\u00f6nleges kapocs k\u00f6ti \u00f6ssze Magyarorsz\u00e1ggal.<\/p>\n<p>Dr. M\u00f3csai Attila a K\u00fclf\u00f6ldi Hallgat\u00f3k Titk\u00e1rs\u00e1g\u00e1nak igazgat\u00f3ja dr. Sz\u00e9l \u00c1goston rektor nev\u00e9ben sz\u00f3lalt fel. Besz\u00e9d\u00e9ben \u00fagy fogalmazott: a hallgat\u00f3k eredm\u00e9nyeivel lehet legink\u00e1bb m\u00e9rni ennek az egyed\u00fcl\u00e1ll\u00f3 oktat\u00e1si projektnek a siker\u00e9t, ez\u00e9rt k\u00fcl\u00f6n megk\u00f6sz\u00f6nte a hallgat\u00f3k kitart\u00e1s\u00e1t \u00e9s akt\u00edv r\u00e9szv\u00e9tel\u00e9t. Besz\u00e9lt az egyetem n\u00e9vad\u00f3j\u00e1r\u00f3l is, mint mondta, a Semmelweis n\u00e9v m\u00e9lt\u00f3s\u00e1got \u00e9s elismerts\u00e9get ad az int\u00e9zm\u00e9nynek, \u00e9s megl\u00e1t\u00e1sa szerint nagy vonzer\u0151 a k\u00fclf\u00f6ldi hallgat\u00f3k sz\u00e1m\u00e1ra is, ami a n\u00e9met program eset\u00e9n hatszoros t\u00faljelentkez\u00e9sben is megmutatkozik. Egyre t\u00f6bb hallgat\u00f3 szeretne n\u00e1lunk tanulni, ami bizony\u00edt\u00e9ka annak, hogy j\u00f3 a k\u00f6z\u00f6s egy\u00fcttm\u0171k\u00f6d\u00e9s a Semmelweis Egyetem \u00e9s az Asklepios Campus Hamburg k\u00f6z\u00f6tt \u2013 mutatott r\u00e1.<\/p>\n<p>Dr. Kar\u00e1di Istv\u00e1n, az \u00c1OK kor\u00e1bbi d\u00e9k\u00e1nja \u00fagy fogalmazott, hogy a v\u00e9gzettek diplom\u00e1j\u00e1n Semmelweis neve a garancia arra, hogy az egyetemr\u0151l kil\u00e9pve term\u00e9szettudom\u00e1nyos alapokon nyugv\u00f3, biztos tud\u00e1st visznek magukkal. Hozz\u00e1tette: a t\u00f6bb mint f\u00e9l \u00e9vtizedes kem\u00e9ny munka a diploma megszerz\u00e9s\u00e9vel nem \u00e9r v\u00e9get, ez egy lifelong learning, vagyis \u00e9lethosszig tart\u00f3 tanul\u00e1s, hiszen a gy\u00f3gy\u00edt\u00f3 munk\u00e1hoz sz\u00fcks\u00e9ges ismeretek folyamatosan b\u0151v\u00fclnek ezen a ter\u00fcleten. Kiemelte azt is, hogy a Semmelweis Egyetem a vil\u00e1g \u00a0200 legnemzetk\u00f6zibb egyeteme k\u00f6z\u00f6tt van. Dr. Kar\u00e1di Istv\u00e1n a magas szint\u0171 tud\u00e1s mellett az orvos tov\u00e1bbi fontos tulajdons\u00e1g\u00e1r\u00f3l, az emp\u00e1ti\u00e1r\u00f3l is eml\u00edt\u00e9st tett \u00e9s \u00fagy fogalmazott, az orvosi hivat\u00e1s gy\u00f6kere az emberek ir\u00e1nti szeretetben rejlik.<\/p>\n<p>A rendezv\u00e9ny z\u00e1r\u00e1sak\u00e9nt dr. Christoph Jermann, az Asklepios Campus Hamburg \u00fcgyvezet\u0151je mondott besz\u00e9det, aki egyebek mellett megk\u00f6sz\u00f6nte a v\u00e9gzett hallgat\u00f3knak, hogy az ACH koncepci\u00f3j\u00e1ba vetett\u00e9k bizalmukat.<\/p>\n<p>Kov\u00e1cs Marianna, Nemzetk\u00f6zi Kapcsolatok Igazgat\u00f3s\u00e1ga<\/p>\n<p>Fot\u00f3: Felix Matthies, Asklepios Campus Hamburg<\/p>\n","protected":false},"excerpt":{"rendered":"<p>Az Asklepios Campus Hamburg (ACH) 44 v\u00e9gz\u0151s orvostanhallgat\u00f3ja vette \u00e1t a Semmelweis Egyetem diplom\u00e1j\u00e1t j\u00falius 21-\u00e9n a berlini magyar nagyk\u00f6vets\u00e9gen. Az esk\u00fct\u00e9telt k\u00f6vet\u0151en dr. Hunyady L\u00e1szl\u00f3, az \u00c1ltal\u00e1nos Orvostudom\u00e1nyi Kar d\u00e9k\u00e1nja \u00e9s dr. Karl J. Oldhafer, az ACH d\u00e9k\u00e1ni biztosa avatta orvosdoktorr\u00e1 a jel\u00f6lteket. Ez volt a hatodik diploma\u00e1tad\u00f3 az egyetem Hamburgba kihelyezett orvosk\u00e9pz\u00e9s\u00e9n. <a href=\"https:\/\/semmelweis.hu\/hirek\/files\/2017\/07\/RS64963_asklepios-verleihung-0024-scr.jpg\"><\/a> Dr. &hellip;<\/p>\n","protected":false},"author":13,"featured_media":62553,"comment_status":"closed","ping_status":"closed","sticky":false,"template":"","format":"standard","meta":{"_acf_changed":false,"footnotes":""},"categories":[3533,168],"tags":[1913,4040,3444],"class_list":["post-62536","post","type-post","status-publish","format-standard","has-post-thumbnail","hentry","category-hallgatok-oktatas","category-kiemelt","tag-asklepios","tag-nemet-nyelvu-kepzes","tag-oktatas"],"acf":[],"_links":{"self":[{"href":"https:\/\/semmelweis.hu\/hirek\/wp-json\/wp\/v2\/posts\/62536","targetHints":{"allow":["GET"]}}],"collection":[{"href":"https:\/\/semmelweis.hu\/hirek\/wp-json\/wp\/v2\/posts"}],"about":[{"href":"https:\/\/semmelweis.hu\/hirek\/wp-json\/wp\/v2\/types\/post"}],"author":[{"embeddable":true,"href":"https:\/\/semmelweis.hu\/hirek\/wp-json\/wp\/v2\/users\/13"}],"replies":[{"embeddable":true,"href":"https:\/\/semmelweis.hu\/hirek\/wp-json\/wp\/v2\/comments?post=62536"}],"version-history":[{"count":3,"href":"https:\/\/semmelweis.hu\/hirek\/wp-json\/wp\/v2\/posts\/62536\/revisions"}],"predecessor-version":[{"id":62561,"href":"https:\/\/semmelweis.hu\/hirek\/wp-json\/wp\/v2\/posts\/62536\/revisions\/62561"}],"wp:featuredmedia":[{"embeddable":true,"href":"https:\/\/semmelweis.hu\/hirek\/wp-json\/wp\/v2\/media\/62553"}],"wp:attachment":[{"href":"https:\/\/semmelweis.hu\/hirek\/wp-json\/wp\/v2\/media?parent=62536"}],"wp:term":[{"taxonomy":"category","embeddable":true,"href":"https:\/\/semmelweis.hu\/hirek\/wp-json\/wp\/v2\/categories?post=62536"},{"taxonomy":"post_tag","embeddable":true,"href":"https:\/\/semmelweis.hu\/hirek\/wp-json\/wp\/v2\/tags?post=62536"}],"curies":[{"name":"wp","href":"https:\/\/api.w.org\/{rel}","templated":true}]}}