{"id":61045,"date":"2017-06-08T10:19:02","date_gmt":"2017-06-08T08:19:02","guid":{"rendered":"http:\/\/semmelweis.hu\/hirek\/?p=61045"},"modified":"2017-06-08T10:19:02","modified_gmt":"2017-06-08T08:19:02","slug":"palyazati-felhivas-medinprot-szinergia-vii","status":"publish","type":"post","link":"https:\/\/semmelweis.hu\/hirek\/2017\/06\/08\/palyazati-felhivas-medinprot-szinergia-vii\/","title":{"rendered":"P\u00e1ly\u00e1zati felh\u00edv\u00e1s &#8211; MedInProt Szinergia VII."},"content":{"rendered":"<p>Ki\u00edr\u00e1sra ker\u00fclt az \u00faj Szinergia VII. p\u00e1ly\u00e1zat.<\/p>\n<p>MedInProt Program 2017-t\u0151l kib\u0151v\u00fcl. Az ELTE, a BME, az SE \u00e9s az MTA-TTK munkat\u00e1rsainak kooper\u00e1ci\u00f3j\u00e1ba mostant\u00f3l bekapcsol\u00f3dhatnak az MTA kutat\u00f3int\u00e9zet-h\u00e1l\u00f3zat\u00e1ban \u00e9s\/vagy az \u00e1llamilag finansz\u00edrozott fels\u0151oktat\u00e1si int\u00e9zm\u00e9nyekben dolgoz\u00f3 f\u0151\u00e1ll\u00e1s\u00fa kutat\u00f3-oktat\u00f3k is.<\/p>\n<p>A p\u00e1ly\u00e1zatokon val\u00f3 r\u00e9szv\u00e9tel felt\u00e9tele, hogy<br \/>\n1) a potenci\u00e1lis p\u00e1ly\u00e1z\u00f3 regisztr\u00e1ljon a MedinProt honlapon<br \/>\n2) hogy az \u00faj p\u00e1ly\u00e1z\u00f3k a kor\u00e1bbi n\u00e9gy kutat\u00f3k\u00f6zpont (ELTE, BMGE, SE \u00e9s MTA-TTK) kutat\u00f3ival k\u00f6z\u00f6sen p\u00e1ly\u00e1zzanak, e n\u00e9gy int\u00e9zm\u00e9ny valamelyik\u00e9hez csatlakozzanak, ezzel is er\u0151s\u00edtve az orsz\u00e1gos szinergi\u00e1t.<\/p>\n<p>A p\u00e1ly\u00e1zati ki\u00edr\u00e1s \u00e9s az \u0171rlap let\u00f6lthet\u0151 a MedInProt honlapr\u00f3l:<\/p>\n<p><a href=\"http:\/\/medinprot.chem.elte.hu\/hu\/palyazatok\/uj-palyazatok\" target=\"_blank\" rel=\"noopener noreferrer\">http:\/\/medinprot.chem.elte.hu\/hu\/palyazatok\/uj-palyazatok<\/a><\/p>\n","protected":false},"excerpt":{"rendered":"<p>Ki\u00edr\u00e1sra ker\u00fclt az \u00faj Szinergia VII. p\u00e1ly\u00e1zat. MedInProt Program 2017-t\u0151l kib\u0151v\u00fcl. Az ELTE, a BME, az SE \u00e9s az MTA-TTK munkat\u00e1rsainak kooper\u00e1ci\u00f3j\u00e1ba mostant\u00f3l bekapcsol\u00f3dhatnak az MTA kutat\u00f3int\u00e9zet-h\u00e1l\u00f3zat\u00e1ban \u00e9s\/vagy az \u00e1llamilag finansz\u00edrozott fels\u0151oktat\u00e1si int\u00e9zm\u00e9nyekben dolgoz\u00f3 f\u0151\u00e1ll\u00e1s\u00fa kutat\u00f3-oktat\u00f3k is. A p\u00e1ly\u00e1zatokon val\u00f3 r\u00e9szv\u00e9tel felt\u00e9tele, hogy 1) a potenci\u00e1lis p\u00e1ly\u00e1z\u00f3 regisztr\u00e1ljon a MedinProt honlapon 2) hogy az \u00faj &hellip;<\/p>\n","protected":false},"author":155,"featured_media":8532,"comment_status":"closed","ping_status":"closed","sticky":false,"template":"","format":"standard","meta":{"_acf_changed":false,"footnotes":""},"categories":[150],"tags":[],"class_list":["post-61045","post","type-post","status-publish","format-standard","has-post-thumbnail","hentry","category-palyazatok"],"acf":[],"_links":{"self":[{"href":"https:\/\/semmelweis.hu\/hirek\/wp-json\/wp\/v2\/posts\/61045","targetHints":{"allow":["GET"]}}],"collection":[{"href":"https:\/\/semmelweis.hu\/hirek\/wp-json\/wp\/v2\/posts"}],"about":[{"href":"https:\/\/semmelweis.hu\/hirek\/wp-json\/wp\/v2\/types\/post"}],"author":[{"embeddable":true,"href":"https:\/\/semmelweis.hu\/hirek\/wp-json\/wp\/v2\/users\/155"}],"replies":[{"embeddable":true,"href":"https:\/\/semmelweis.hu\/hirek\/wp-json\/wp\/v2\/comments?post=61045"}],"version-history":[{"count":1,"href":"https:\/\/semmelweis.hu\/hirek\/wp-json\/wp\/v2\/posts\/61045\/revisions"}],"predecessor-version":[{"id":61046,"href":"https:\/\/semmelweis.hu\/hirek\/wp-json\/wp\/v2\/posts\/61045\/revisions\/61046"}],"wp:featuredmedia":[{"embeddable":true,"href":"https:\/\/semmelweis.hu\/hirek\/wp-json\/wp\/v2\/media\/8532"}],"wp:attachment":[{"href":"https:\/\/semmelweis.hu\/hirek\/wp-json\/wp\/v2\/media?parent=61045"}],"wp:term":[{"taxonomy":"category","embeddable":true,"href":"https:\/\/semmelweis.hu\/hirek\/wp-json\/wp\/v2\/categories?post=61045"},{"taxonomy":"post_tag","embeddable":true,"href":"https:\/\/semmelweis.hu\/hirek\/wp-json\/wp\/v2\/tags?post=61045"}],"curies":[{"name":"wp","href":"https:\/\/api.w.org\/{rel}","templated":true}]}}