{"id":61035,"date":"2017-06-07T15:20:13","date_gmt":"2017-06-07T13:20:13","guid":{"rendered":"http:\/\/semmelweis.hu\/hirek\/?p=61035"},"modified":"2018-07-25T14:05:07","modified_gmt":"2018-07-25T12:05:07","slug":"daganatot-sziv-es-errendszeri-megbetegedeseket-es-diabeteszt-is-okozhat-a-vastulterhelodes","status":"publish","type":"post","link":"https:\/\/semmelweis.hu\/hirek\/2017\/06\/07\/daganatot-sziv-es-errendszeri-megbetegedeseket-es-diabeteszt-is-okozhat-a-vastulterhelodes\/","title":{"rendered":"Daganatot, sz\u00edv- \u00e9s \u00e9rrendszeri megbeteged\u00e9seket \u00e9s diab\u00e9teszt is okozhat a vast\u00falterhel\u0151d\u00e9s"},"content":{"rendered":"<p>A hemokromat\u00f3zis (vast\u00falterhel\u0151d\u00e9s) t\u00fcnetszeg\u00e9ny, nehezen felismerhet\u0151, \u00f6r\u00f6kletes betegs\u00e9g, amely a kutat\u00e1sok szerint hozz\u00e1vet\u0151leg minden k\u00e9tsz\u00e1zadik embert \u00e9rintheti idehaza \u2013 mondja dr. V\u00e1rkonyi Judit a Hemokromat\u00f3zis Vil\u00e1gnapja alkalm\u00e1b\u00f3l. A Semmelweis Egyetem III. Sz. Belgy\u00f3gy\u00e1szati Klinik\u00e1j\u00e1nak egyetemi docense szerint a leggyakrabban fokozott vasfelsz\u00edv\u00f3d\u00e1s \u00e1ll a betegs\u00e9g h\u00e1tt\u00e9r\u00e9ben. A felesleges vas lerak\u00f3dhat a szervekben, sz\u00f6vetk\u00e1rosod\u00e1st, valamint m\u0171k\u00f6d\u00e9si zavart id\u00e9zve el\u0151. Korai felismer\u00e9s \u00e9s kezel\u00e9s eset\u00e9n a p\u00e1ciens teljes \u00e9letet \u00e9lhet; diagn\u00f3zis \u00e9s megfelel\u0151 ter\u00e1pia n\u00e9lk\u00fcl azonban diab\u00e9tesz, sz\u00edvel\u00e9gtelens\u00e9g vagy ak\u00e1r daganatos megbeteged\u00e9s is kialakulhat.<\/p>\n<p><a href=\"https:\/\/semmelweis.hu\/hirek\/files\/2017\/06\/RS49130_KA-20160610-KA__1033-scr.jpg\"><img loading=\"lazy\" decoding=\"async\" class=\"alignleft size-medium wp-image-61036\" src=\"https:\/\/semmelweis.hu\/hirek\/files\/2017\/06\/RS49130_KA-20160610-KA__1033-scr-200x300.jpg\" alt=\"\" width=\"200\" height=\"300\" srcset=\"https:\/\/semmelweis.hu\/hirek\/files\/2017\/06\/RS49130_KA-20160610-KA__1033-scr-200x300.jpg 200w, https:\/\/semmelweis.hu\/hirek\/files\/2017\/06\/RS49130_KA-20160610-KA__1033-scr-267x400.jpg 267w, https:\/\/semmelweis.hu\/hirek\/files\/2017\/06\/RS49130_KA-20160610-KA__1033-scr.jpg 500w\" sizes=\"auto, (max-width: 200px) 100vw, 200px\" \/><\/a>A vas a szervezet ig\u00e9nyei szerint sz\u00edv\u00f3dik fel, ez egy sz\u00e9pen szab\u00e1lyozott folyamat, norm\u00e1l esetben ugyanannyi vas sz\u00edv\u00f3dik fel a v\u00e9konyb\u00e9lb\u0151l, mint amennyi ki\u00fcr\u00fcl \u2013 mondja dr. V\u00e1rkonyi Judit. Hozz\u00e1teszi: hemokromat\u00f3zis eset\u00e9n felborul az egyens\u00faly, vast\u00falterhel\u0151d\u00e9s alakul ki, a felesleges vas pedig lerak\u00f3dik a m\u00e1jban, l\u00e9pben, hasny\u00e1lmirigyben, a sz\u00edvben vagy a b\u0151rben, k\u00e1ros\u00edtva azok funkci\u00f3j\u00e1t.<\/p>\n<p>A hemokromat\u00f3zis nem okoz v\u00e9rszeg\u00e9nys\u00e9get, \u00e9s \u00e1ltal\u00e1nosnak mondhat\u00f3 t\u00fcnetekkel j\u00e1r: f\u00e1rad\u00e9konys\u00e1g, csont- \u00e9s \u00edz\u00fcleti f\u00e1jdalom, hormon\u00e1lis- \u00e9s potenciazavar, a b\u0151r barn\u00e1s elsz\u00ednez\u0151d\u00e9s jelezheti a betegs\u00e9get \u2013 mondja dr. V\u00e1rkonyi Judit hozz\u00e1t\u00e9ve, hogy a diagn\u00f3zis fel\u00e1ll\u00edt\u00e1s\u00e1hoz a vas \u00e9s a sz\u00e1ll\u00edt\u00f3 feh\u00e9rje tel\u00edtetts\u00e9g\u00e9nek meghat\u00e1roz\u00e1s\u00e1t haszn\u00e1lj\u00e1k. Az egyetemi docens szerint a korai felismer\u00e9s kulcsfontoss\u00e1g\u00fa, az idej\u00e9ben megkezdett kezel\u00e9ssel \u2013 rendszeres v\u00e9rlebocs\u00e1t\u00e1ssal, vagy a vasat megk\u00f6t\u0151 anyagok ad\u00e1s\u00e1val \u2013 ugyanis a szervezet megszabadul a felesleges vast\u00f3l, \u00e9s ez\u00e1ltal ism\u00e9t teljes \u00e9letet \u00e9lhet a p\u00e1ciens.<\/p>\n<p>A hemokromat\u00f3zist kor\u00e1bban ritka betegs\u00e9gnek tartott\u00e1k, \u00e1m k\u00f6r\u00fclbel\u00fcl egy \u00e9vtizede kider\u00fclt, hogy a kauk\u00e1zusi n\u00e9pcsoport \u2013 ahova a magyarok is tartoznak \u2013 val\u00f3j\u00e1ban hajlamos a vast\u00falterhel\u0151d\u00e9sre, amelynek leggyakoribb t\u00edpusa a fokozott vasfelsz\u00edv\u00f3d\u00e1s \u2013 mondja dr. V\u00e1rkonyi Judit kiemelve, hogy a f\u00e9rfiakn\u00e1l j\u00f3val gyakoribb a hemokromat\u00f3zis, mint a n\u0151kn\u00e9l, akikn\u00e9l a v\u00e1ltoz\u00f3 korig a fokozott vasfelhaszn\u00e1l\u00e1s miatt a k\u00f3rk\u00e9p\u00a0csak ritk\u00e1n okoz probl\u00e9m\u00e1t. Az egyetemi docens szerint \u00e9letm\u00f3dbeli t\u00e9nyez\u0151k is szerepet j\u00e1tszanak a betegs\u00e9g kialakul\u00e1s\u00e1ban, p\u00e9ldak\u00e9nt az alkoholfogyaszt\u00e1st eml\u00edti, amely fokozza a vasfelsz\u00edv\u00f3d\u00e1st.<\/p>\n<p><a href=\"https:\/\/semmelweis.hu\/hirek\/files\/2017\/06\/RS49121_KA-20160610-KA__1083-scr.jpg\"><img loading=\"lazy\" decoding=\"async\" class=\"aligncenter size-large wp-image-61091\" src=\"https:\/\/semmelweis.hu\/hirek\/files\/2017\/06\/RS49121_KA-20160610-KA__1083-scr-600x400.jpg\" alt=\"\" width=\"600\" height=\"400\" srcset=\"https:\/\/semmelweis.hu\/hirek\/files\/2017\/06\/RS49121_KA-20160610-KA__1083-scr-600x400.jpg 600w, https:\/\/semmelweis.hu\/hirek\/files\/2017\/06\/RS49121_KA-20160610-KA__1083-scr-300x200.jpg 300w, https:\/\/semmelweis.hu\/hirek\/files\/2017\/06\/RS49121_KA-20160610-KA__1083-scr-768x512.jpg 768w, https:\/\/semmelweis.hu\/hirek\/files\/2017\/06\/RS49121_KA-20160610-KA__1083-scr-450x300.jpg 450w, https:\/\/semmelweis.hu\/hirek\/files\/2017\/06\/RS49121_KA-20160610-KA__1083-scr.jpg 950w\" sizes=\"auto, (max-width: 600px) 100vw, 600px\" \/><\/a><\/p>\n<p>A Hemokromat\u00f3zisos Betegek Egyes\u00fclete hetedik alkalommal tartotta meg hagyom\u00e1nyos rendezv\u00e9ny\u00e9t a hemokromat\u00f3zis napja alkalm\u00e1b\u00f3l a K\u00fatv\u00f6lgyi Klinikai T\u00f6mbben. Dr. V\u00e1rkonyi Judit k\u00f6sz\u00f6nt\u0151j\u00e9ben t\u00f6bbek k\u00f6z\u00f6tt arr\u00f3l sz\u00f3lt, hogy a Hemo News c\u00edm\u0171 szakkiadv\u00e1ny leg\u00fajabb, \u00f6t\u00f6dik sz\u00e1m\u00e1ban az egyik f\u00f3kuszpont a betegs\u00e9g magyarorsz\u00e1gi helyzete, valamint eml\u00edt\u00e9st tett\u00a0r\u00f3la, hogy a nemr\u00e9g megalakult Eur\u00f3pai Referenciah\u00e1l\u00f3zatokban is k\u00fcl\u00f6n figyelmet ford\u00edtanak a vast\u00falterhel\u0151d\u00e9sre. A rendezv\u00e9nyen el\u0151ad\u00e1st tartott dr. Kov\u00e1cs Tibor \u00e9s dr. Milanovich D\u00e1niel (Neurol\u00f3giai Klinika),\u00a0Dr. B\u00f6r\u00f6cz Zolt\u00e1n \u00e9s Kurucz Vir\u00e1g (III. Sz. Belgy\u00f3gy\u00e1szati Klinika), dr. Andrikovics Hajnalka (OVSZ Genetikai Labor), valamint dr. Orb\u00e1n Tam\u00e1s (MTA TTK).<\/p>\n<p>Kele T\u00edmea<br \/>\n Fot\u00f3: Kov\u00e1cs Attila &#8211; Semmelweis Egyetem<\/p>\n","protected":false},"excerpt":{"rendered":"<p>A hemokromat\u00f3zis (vast\u00falterhel\u0151d\u00e9s) t\u00fcnetszeg\u00e9ny, nehezen felismerhet\u0151, \u00f6r\u00f6kletes betegs\u00e9g, amely a kutat\u00e1sok szerint hozz\u00e1vet\u0151leg minden k\u00e9tsz\u00e1zadik embert \u00e9rintheti idehaza \u2013 mondja dr. V\u00e1rkonyi Judit a Hemokromat\u00f3zis Vil\u00e1gnapja alkalm\u00e1b\u00f3l. A Semmelweis Egyetem III. Sz. Belgy\u00f3gy\u00e1szati Klinik\u00e1j\u00e1nak egyetemi docense szerint a leggyakrabban fokozott vasfelsz\u00edv\u00f3d\u00e1s \u00e1ll a betegs\u00e9g h\u00e1tt\u00e9r\u00e9ben. A felesleges vas lerak\u00f3dhat a szervekben, sz\u00f6vetk\u00e1rosod\u00e1st, valamint m\u0171k\u00f6d\u00e9si zavart &hellip;<\/p>\n","protected":false},"author":101132,"featured_media":61037,"comment_status":"closed","ping_status":"closed","sticky":false,"template":"","format":"standard","meta":{"_acf_changed":false,"footnotes":""},"categories":[154,168],"tags":[4206,162,4121],"class_list":["post-61035","post","type-post","status-publish","format-standard","has-post-thumbnail","hentry","category-egeszseg","category-kiemelt","tag-prevencio","tag-eletmod-eletmod","tag-temaajanlo"],"acf":[],"_links":{"self":[{"href":"https:\/\/semmelweis.hu\/hirek\/wp-json\/wp\/v2\/posts\/61035","targetHints":{"allow":["GET"]}}],"collection":[{"href":"https:\/\/semmelweis.hu\/hirek\/wp-json\/wp\/v2\/posts"}],"about":[{"href":"https:\/\/semmelweis.hu\/hirek\/wp-json\/wp\/v2\/types\/post"}],"author":[{"embeddable":true,"href":"https:\/\/semmelweis.hu\/hirek\/wp-json\/wp\/v2\/users\/101132"}],"replies":[{"embeddable":true,"href":"https:\/\/semmelweis.hu\/hirek\/wp-json\/wp\/v2\/comments?post=61035"}],"version-history":[{"count":5,"href":"https:\/\/semmelweis.hu\/hirek\/wp-json\/wp\/v2\/posts\/61035\/revisions"}],"predecessor-version":[{"id":61093,"href":"https:\/\/semmelweis.hu\/hirek\/wp-json\/wp\/v2\/posts\/61035\/revisions\/61093"}],"wp:featuredmedia":[{"embeddable":true,"href":"https:\/\/semmelweis.hu\/hirek\/wp-json\/wp\/v2\/media\/61037"}],"wp:attachment":[{"href":"https:\/\/semmelweis.hu\/hirek\/wp-json\/wp\/v2\/media?parent=61035"}],"wp:term":[{"taxonomy":"category","embeddable":true,"href":"https:\/\/semmelweis.hu\/hirek\/wp-json\/wp\/v2\/categories?post=61035"},{"taxonomy":"post_tag","embeddable":true,"href":"https:\/\/semmelweis.hu\/hirek\/wp-json\/wp\/v2\/tags?post=61035"}],"curies":[{"name":"wp","href":"https:\/\/api.w.org\/{rel}","templated":true}]}}