{"id":60867,"date":"2017-05-31T09:51:01","date_gmt":"2017-05-31T07:51:01","guid":{"rendered":"http:\/\/semmelweis.hu\/hirek\/?p=60867"},"modified":"2017-08-30T11:44:30","modified_gmt":"2017-08-30T09:44:30","slug":"elhunyt-dr-jorg-weidenhammer","status":"publish","type":"post","link":"https:\/\/semmelweis.hu\/hirek\/2017\/05\/31\/elhunyt-dr-jorg-weidenhammer\/","title":{"rendered":"Elhunyt dr. J\u00f6rg Weidenhammer"},"content":{"rendered":"<p><a href=\"https:\/\/semmelweis.hu\/hirek\/files\/2017\/05\/Weidenhammer.jpg\"><img loading=\"lazy\" decoding=\"async\" class=\"alignright size-large wp-image-60870\" src=\"https:\/\/semmelweis.hu\/hirek\/files\/2017\/05\/Weidenhammer-267x400.jpg\" alt=\"\" width=\"267\" height=\"400\" srcset=\"https:\/\/semmelweis.hu\/hirek\/files\/2017\/05\/Weidenhammer-267x400.jpg 267w, https:\/\/semmelweis.hu\/hirek\/files\/2017\/05\/Weidenhammer-201x300.jpg 201w, https:\/\/semmelweis.hu\/hirek\/files\/2017\/05\/Weidenhammer.jpg 401w\" sizes=\"auto, (max-width: 267px) 100vw, 267px\" \/><\/a>Szomor\u00fa sz\u00edvvel \u00e9rtes\u00fclt\u00fcnk, hogy dr. J\u00f6rg Weidenhammer, a Semmelweis Egyetem tiszteletbeli doktora \u00e9s tiszteletbeli szen\u00e1tora v\u00e1ratlanul elhunyt. Dr. Weidenhammer eur\u00f3pai l\u00e9pt\u00e9kben gondolkod\u00f3 orvos, k\u00f3rh\u00e1zigazgat\u00f3, eg\u00e9szs\u00e9g\u00fcgyi \u00e9s fels\u0151oktat\u00e1si top-menedzser volt. Kezdem\u00e9nyez\u0151je \u00e9s n\u00e9met r\u00e9szr\u0151l megval\u00f3s\u00edt\u00f3ja volt a Semmelweis Egyetem 2008-ban Hamburgban megny\u00edlt kihelyezett orvosk\u00e9pz\u00e9s\u00e9nek (AMS, Asklepios Medical School), amely az\u00f3ta is egyed\u00fcl\u00e1ll\u00f3 v\u00e1llalkoz\u00e1s az eur\u00f3pai fels\u0151oktat\u00e1si palett\u00e1n. Jellegzetes, csokornyakkend\u0151s alakj\u00e1val, mindig \u00e9l\u00e9nk, vibr\u00e1l\u00f3, kiss\u00e9 szarkasztikus szem\u00e9lyis\u00e9g\u00e9vel m\u00e1r nem tal\u00e1lkozunk t\u00f6bb\u00e9 egyetemi rendezv\u00e9nyeinken.<\/p>\n<p>Dr. Ligeti Erzs\u00e9bet<\/p>\n","protected":false},"excerpt":{"rendered":"<p><a href=\"https:\/\/semmelweis.hu\/hirek\/files\/2017\/05\/Weidenhammer.jpg\"><\/a> Szomor\u00fa sz\u00edvvel \u00e9rtes\u00fclt\u00fcnk, hogy dr. J\u00f6rg Weidenhammer, a Semmelweis Egyetem tiszteletbeli doktora \u00e9s tiszteletbeli szen\u00e1tora v\u00e1ratlanul elhunyt. Dr. Weidenhammer eur\u00f3pai l\u00e9pt\u00e9kben gondolkod\u00f3 orvos, k\u00f3rh\u00e1zigazgat\u00f3, eg\u00e9szs\u00e9g\u00fcgyi \u00e9s fels\u0151oktat\u00e1si top-menedzser volt. Kezdem\u00e9nyez\u0151je \u00e9s n\u00e9met r\u00e9szr\u0151l megval\u00f3s\u00edt\u00f3ja volt a Semmelweis Egyetem 2008-ban Hamburgban megny\u00edlt kihelyezett orvosk\u00e9pz\u00e9s\u00e9nek (AMS, Asklepios Medical School), amely az\u00f3ta is egyed\u00fcl\u00e1ll\u00f3 v\u00e1llalkoz\u00e1s az eur\u00f3pai fels\u0151oktat\u00e1si &hellip;<\/p>\n","protected":false},"author":13,"featured_media":60870,"comment_status":"closed","ping_status":"closed","sticky":false,"template":"","format":"standard","meta":{"_acf_changed":false,"footnotes":""},"categories":[157],"tags":[1913,345,4108,4040],"class_list":["post-60867","post","type-post","status-publish","format-standard","has-post-thumbnail","hentry","category-semmelweis-vilag","tag-asklepios","tag-esemenyek-es-beszamolok","tag-gyaszhir","tag-nemet-nyelvu-kepzes"],"acf":[],"_links":{"self":[{"href":"https:\/\/semmelweis.hu\/hirek\/wp-json\/wp\/v2\/posts\/60867","targetHints":{"allow":["GET"]}}],"collection":[{"href":"https:\/\/semmelweis.hu\/hirek\/wp-json\/wp\/v2\/posts"}],"about":[{"href":"https:\/\/semmelweis.hu\/hirek\/wp-json\/wp\/v2\/types\/post"}],"author":[{"embeddable":true,"href":"https:\/\/semmelweis.hu\/hirek\/wp-json\/wp\/v2\/users\/13"}],"replies":[{"embeddable":true,"href":"https:\/\/semmelweis.hu\/hirek\/wp-json\/wp\/v2\/comments?post=60867"}],"version-history":[{"count":3,"href":"https:\/\/semmelweis.hu\/hirek\/wp-json\/wp\/v2\/posts\/60867\/revisions"}],"predecessor-version":[{"id":60872,"href":"https:\/\/semmelweis.hu\/hirek\/wp-json\/wp\/v2\/posts\/60867\/revisions\/60872"}],"wp:featuredmedia":[{"embeddable":true,"href":"https:\/\/semmelweis.hu\/hirek\/wp-json\/wp\/v2\/media\/60870"}],"wp:attachment":[{"href":"https:\/\/semmelweis.hu\/hirek\/wp-json\/wp\/v2\/media?parent=60867"}],"wp:term":[{"taxonomy":"category","embeddable":true,"href":"https:\/\/semmelweis.hu\/hirek\/wp-json\/wp\/v2\/categories?post=60867"},{"taxonomy":"post_tag","embeddable":true,"href":"https:\/\/semmelweis.hu\/hirek\/wp-json\/wp\/v2\/tags?post=60867"}],"curies":[{"name":"wp","href":"https:\/\/api.w.org\/{rel}","templated":true}]}}